{"id":58290,"date":"2026-04-28T13:31:06","date_gmt":"2026-04-28T11:31:06","guid":{"rendered":"https:\/\/www.cnelbalis.com\/?p=58290"},"modified":"2026-04-28T13:30:02","modified_gmt":"2026-04-28T11:30:02","slug":"lhydra-hm-hospitales-guanya-la2-de-la-larga-del-palmavela","status":"publish","type":"post","link":"https:\/\/www.cnelbalis.com\/ca\/lhydra-hm-hospitales-guanya-la2-de-la-larga-del-palmavela\/","title":{"rendered":"L\u2019HYDRA HM HOSPITALES GUANYA L\u2019A2 DE LA LARGA DEL PALMAVELA"},"content":{"rendered":"<p><img loading=\"lazy\" decoding=\"async\" class=\"aligncenter wp-image-58311 size-large\" src=\"https:\/\/www.cnelbalis.com\/wp-content\/uploads\/2026\/04\/resize1_260425_pv_lgg_9678-1024x724.jpg\" alt=\"PalmaVela 2026 - CN El Bal\u00eds\" width=\"1024\" height=\"724\" srcset=\"https:\/\/www.cnelbalis.com\/wp-content\/uploads\/2026\/04\/resize1_260425_pv_lgg_9678-1024x724.jpg 1024w, https:\/\/www.cnelbalis.com\/wp-content\/uploads\/2026\/04\/resize1_260425_pv_lgg_9678-300x212.jpg 300w, https:\/\/www.cnelbalis.com\/wp-content\/uploads\/2026\/04\/resize1_260425_pv_lgg_9678-768x543.jpg 768w, https:\/\/www.cnelbalis.com\/wp-content\/uploads\/2026\/04\/resize1_260425_pv_lgg_9678.jpg 1200w\" sizes=\"auto, (max-width: 1024px) 100vw, 1024px\" \/><\/p>\n<p>L\u2019<strong>HYDRA\u2011HM Hospitales<\/strong>, d\u2019<strong>\u00d3scar Chaves<\/strong>, s\u2019ha proclamat vencedor de la <strong>categoria A2 de La Larga del Palmavela<\/strong>, una de les proves d\u2019altura m\u00e9s exigents del calendari estatal, disputada del <strong>23 al 27 d\u2019abril<\/strong> i organitzada pel <strong>Reial Club N\u00e0utic de Palma<\/strong>.<\/p>\n<p>El creuer del <strong>CN El Bal\u00eds<\/strong> va completar amb \u00e8xit un recorregut de <strong>207 milles n\u00e0utiques per les Illes Balears<\/strong>, amb sortida i arribada a <strong>Palma de Mallorca<\/strong>, signant una actuaci\u00f3 molt s\u00f2lida que li va permetre travessar la l\u00ednia d\u2019arribada en <strong>poc m\u00e9s de 37 hores<\/strong>.<\/p>\n<p>Aquest gran resultat refor\u00e7a el nivell competitiu de la flota de creuers del Club i evidencia el treball constant de les nostres tripulacions en regates offshore d\u2019alta exig\u00e8ncia.<\/p>\n<p>Des del <strong>CN El Bal\u00eds<\/strong>, felicitem tota la tripulaci\u00f3 de l\u2019<strong>HYDRA\u2011HM Hospitales<\/strong> per aquesta gran vict\u00f2ria.<\/p>\n<p><img loading=\"lazy\" decoding=\"async\" class=\"aligncenter wp-image-58295 size-large\" src=\"https:\/\/www.cnelbalis.com\/wp-content\/uploads\/2026\/04\/resize1_260425_pv_lgg_9616-1024x724.jpg\" alt=\"PalmaVela 2026 - CN El Bal\u00eds\" width=\"1024\" height=\"724\" srcset=\"https:\/\/www.cnelbalis.com\/wp-content\/uploads\/2026\/04\/resize1_260425_pv_lgg_9616-1024x724.jpg 1024w, https:\/\/www.cnelbalis.com\/wp-content\/uploads\/2026\/04\/resize1_260425_pv_lgg_9616-300x212.jpg 300w, https:\/\/www.cnelbalis.com\/wp-content\/uploads\/2026\/04\/resize1_260425_pv_lgg_9616-768x543.jpg 768w, https:\/\/www.cnelbalis.com\/wp-content\/uploads\/2026\/04\/resize1_260425_pv_lgg_9616.jpg 1200w\" sizes=\"auto, (max-width: 1024px) 100vw, 1024px\" \/> <img loading=\"lazy\" decoding=\"async\" class=\"aligncenter wp-image-58303 size-large\" src=\"https:\/\/www.cnelbalis.com\/wp-content\/uploads\/2026\/04\/resize1_260425_pv_lgg_9632-1024x724.jpg\" alt=\"PalmaVela 2026 - CN El Bal\u00eds\" width=\"1024\" height=\"724\" srcset=\"https:\/\/www.cnelbalis.com\/wp-content\/uploads\/2026\/04\/resize1_260425_pv_lgg_9632-1024x724.jpg 1024w, https:\/\/www.cnelbalis.com\/wp-content\/uploads\/2026\/04\/resize1_260425_pv_lgg_9632-300x212.jpg 300w, https:\/\/www.cnelbalis.com\/wp-content\/uploads\/2026\/04\/resize1_260425_pv_lgg_9632-768x543.jpg 768w, https:\/\/www.cnelbalis.com\/wp-content\/uploads\/2026\/04\/resize1_260425_pv_lgg_9632.jpg 1200w\" sizes=\"auto, (max-width: 1024px) 100vw, 1024px\" \/> <img loading=\"lazy\" decoding=\"async\" class=\"aligncenter wp-image-58307 size-large\" src=\"https:\/\/www.cnelbalis.com\/wp-content\/uploads\/2026\/04\/resize1_260425_pv_lgg_9650-1024x724.jpg\" alt=\"PalmaVela 2026 - CN El Bal\u00eds\" width=\"1024\" height=\"724\" srcset=\"https:\/\/www.cnelbalis.com\/wp-content\/uploads\/2026\/04\/resize1_260425_pv_lgg_9650-1024x724.jpg 1024w, https:\/\/www.cnelbalis.com\/wp-content\/uploads\/2026\/04\/resize1_260425_pv_lgg_9650-300x212.jpg 300w, https:\/\/www.cnelbalis.com\/wp-content\/uploads\/2026\/04\/resize1_260425_pv_lgg_9650-768x543.jpg 768w, https:\/\/www.cnelbalis.com\/wp-content\/uploads\/2026\/04\/resize1_260425_pv_lgg_9650.jpg 1200w\" sizes=\"auto, (max-width: 1024px) 100vw, 1024px\" \/> <img loading=\"lazy\" decoding=\"async\" class=\"aligncenter wp-image-58291\" src=\"https:\/\/www.cnelbalis.com\/wp-content\/uploads\/2026\/04\/Foto-Hydra-001-225x300.jpeg\" alt=\"PalmaVela 2026 - CN El Bal\u00eds\" width=\"1024\" height=\"1365\" srcset=\"https:\/\/www.cnelbalis.com\/wp-content\/uploads\/2026\/04\/Foto-Hydra-001-225x300.jpeg 225w, https:\/\/www.cnelbalis.com\/wp-content\/uploads\/2026\/04\/Foto-Hydra-001-768x1024.jpeg 768w, https:\/\/www.cnelbalis.com\/wp-content\/uploads\/2026\/04\/Foto-Hydra-001-600x800.jpeg 600w, https:\/\/www.cnelbalis.com\/wp-content\/uploads\/2026\/04\/Foto-Hydra-001.jpeg 1086w\" sizes=\"auto, (max-width: 1024px) 100vw, 1024px\" \/><\/p>\n<p>&nbsp;<\/p>\n<p>&nbsp;<\/p>\n<p>&nbsp;<\/p>\n<p style=\"text-align: center;\">Publicat 28.04.2026<\/p>\n","protected":false},"excerpt":{"rendered":"<p>L\u2019HYDRA\u2011HM Hospitales, d\u2019\u00d3scar Chaves, s\u2019ha proclamat vencedor de la categoria A2 de La Larga del Palmavela, una de les proves d\u2019altura m\u00e9s exigents del calendari estatal, disputada del 23 al 27 d\u2019abril i organitzada pel Reial Club N\u00e0utic de Palma. El creuer del CN El Bal\u00eds va completar amb \u00e8xit un recorregut de 207 milles [&hellip;]<\/p>\n","protected":false},"author":7,"featured_media":58307,"comment_status":"closed","ping_status":"closed","sticky":false,"template":"","format":"standard","meta":{"footnotes":""},"categories":[782,8,788],"tags":[],"class_list":["post-58290","post","type-post","status-publish","format-standard","has-post-thumbnail","hentry","category-esport","category-noticies","category-vela-ca"],"acf":[],"_links":{"self":[{"href":"https:\/\/www.cnelbalis.com\/ca\/wp-json\/wp\/v2\/posts\/58290","targetHints":{"allow":["GET"]}}],"collection":[{"href":"https:\/\/www.cnelbalis.com\/ca\/wp-json\/wp\/v2\/posts"}],"about":[{"href":"https:\/\/www.cnelbalis.com\/ca\/wp-json\/wp\/v2\/types\/post"}],"author":[{"embeddable":true,"href":"https:\/\/www.cnelbalis.com\/ca\/wp-json\/wp\/v2\/users\/7"}],"replies":[{"embeddable":true,"href":"https:\/\/www.cnelbalis.com\/ca\/wp-json\/wp\/v2\/comments?post=58290"}],"version-history":[{"count":1,"href":"https:\/\/www.cnelbalis.com\/ca\/wp-json\/wp\/v2\/posts\/58290\/revisions"}],"predecessor-version":[{"id":58315,"href":"https:\/\/www.cnelbalis.com\/ca\/wp-json\/wp\/v2\/posts\/58290\/revisions\/58315"}],"wp:featuredmedia":[{"embeddable":true,"href":"https:\/\/www.cnelbalis.com\/ca\/wp-json\/wp\/v2\/media\/58307"}],"wp:attachment":[{"href":"https:\/\/www.cnelbalis.com\/ca\/wp-json\/wp\/v2\/media?parent=58290"}],"wp:term":[{"taxonomy":"category","embeddable":true,"href":"https:\/\/www.cnelbalis.com\/ca\/wp-json\/wp\/v2\/categories?post=58290"},{"taxonomy":"post_tag","embeddable":true,"href":"https:\/\/www.cnelbalis.com\/ca\/wp-json\/wp\/v2\/tags?post=58290"}],"curies":[{"name":"wp","href":"https:\/\/api.w.org\/{rel}","templated":true}]}}