{"id":58251,"date":"2026-04-27T16:23:38","date_gmt":"2026-04-27T14:23:38","guid":{"rendered":"https:\/\/www.cnelbalis.com\/?p=58251"},"modified":"2026-04-27T16:25:02","modified_gmt":"2026-04-27T14:25:02","slug":"jornades-de-prova-de-milla-nautica-puja-a-bord","status":"publish","type":"post","link":"https:\/\/www.cnelbalis.com\/ca\/jornades-de-prova-de-milla-nautica-puja-a-bord\/","title":{"rendered":"JORNADES DE PROVA DE MILLA N\u00c0UTICA &#8211; PUJA A BORD!"},"content":{"rendered":"<p><img loading=\"lazy\" decoding=\"async\" class=\"aligncenter wp-image-58277\" src=\"https:\/\/www.cnelbalis.com\/wp-content\/uploads\/2026\/04\/AAFF-Poster-A3-Milla-Nautica-RET-214x300.jpg\" alt=\"\" width=\"1024\" height=\"1437\" srcset=\"https:\/\/www.cnelbalis.com\/wp-content\/uploads\/2026\/04\/AAFF-Poster-A3-Milla-Nautica-RET-214x300.jpg 214w, https:\/\/www.cnelbalis.com\/wp-content\/uploads\/2026\/04\/AAFF-Poster-A3-Milla-Nautica-RET-729x1024.jpg 729w, https:\/\/www.cnelbalis.com\/wp-content\/uploads\/2026\/04\/AAFF-Poster-A3-Milla-Nautica-RET-768x1078.jpg 768w, https:\/\/www.cnelbalis.com\/wp-content\/uploads\/2026\/04\/AAFF-Poster-A3-Milla-Nautica-RET-1094x1536.jpg 1094w, https:\/\/www.cnelbalis.com\/wp-content\/uploads\/2026\/04\/AAFF-Poster-A3-Milla-Nautica-RET-1459x2048.jpg 1459w, https:\/\/www.cnelbalis.com\/wp-content\/uploads\/2026\/04\/AAFF-Poster-A3-Milla-Nautica-RET-scaled.jpg 1824w\" sizes=\"auto, (max-width: 1024px) 100vw, 1024px\" \/><\/p>\n<p>Del <strong>29 al 31 de maig<\/strong>, el <strong>Port Bal\u00eds<\/strong> acull les <strong>Jornades de Prova de Milla N\u00e0utica<\/strong>, pensades per a totes les persones que vulguin viure el mar de ben a prop i provar diferents embarcacions en un entorn immillorable.<\/p>\n<p>Durant tres dies, els assistents podran <strong>sortir a navegar, descobrir les darreres novetats del sector i gaudir d\u2019un ambient n\u00e0utic excepcional<\/strong>, amb exposici\u00f3 d\u2019embarcacions i motos d\u2019aigua. Dissabte, la jornada es completar\u00e0 amb una <strong>degustaci\u00f3 de pernil i vi<\/strong>, i diumenge la <strong>m\u00fasica en directe de Ricky Fargas<\/strong> posar\u00e0 el toc final a una experi\u00e8ncia encara m\u00e9s especial.<\/p>\n<p>Totes les persones participants entraran en un <strong>sorteig molt especial<\/strong>, amb una gran selecci\u00f3 de premis que anunciarem pr\u00f2ximament i que far\u00e0 encara m\u00e9s atractiva l\u2019experi\u00e8ncia.<\/p>\n<p>Per a m\u00e9s informaci\u00f3 i consultes sobre l\u2019esdeveniment, podeu contactar amb <strong>Gino<\/strong> al <strong>690 692 494<\/strong>.<\/p>\n<p><strong>Puja a bord\u00a0i reserva\u00a0la data per viure una experi\u00e8ncia n\u00e0utica \u00fanica!<\/strong><\/p>\n<p>&nbsp;<\/p>\n<h6 style=\"text-align: center;\"><a href=\"https:\/\/www.yamaha-motor.eu\/es\/es\/experience\/pruebas-de-embarcaciones\/\">Click aqu\u00ed per a + info i reserves<\/a><\/h6>\n<p>&nbsp;<\/p>\n<p style=\"text-align: center;\">Publicat 27.04.2026<\/p>\n","protected":false},"excerpt":{"rendered":"<p>Del 29 al 31 de maig, el Port Bal\u00eds acull les Jornades de Prova de Milla N\u00e0utica, pensades per a totes les persones que vulguin viure el mar de ben a prop i provar diferents embarcacions en un entorn immillorable. Durant tres dies, els assistents podran sortir a navegar, descobrir les darreres novetats del sector [&hellip;]<\/p>\n","protected":false},"author":7,"featured_media":58273,"comment_status":"closed","ping_status":"closed","sticky":false,"template":"","format":"standard","meta":{"footnotes":""},"categories":[2653,8,785],"tags":[],"class_list":["post-58251","post","type-post","status-publish","format-standard","has-post-thumbnail","hentry","category-activitats","category-noticies","category-port"],"acf":[],"_links":{"self":[{"href":"https:\/\/www.cnelbalis.com\/ca\/wp-json\/wp\/v2\/posts\/58251","targetHints":{"allow":["GET"]}}],"collection":[{"href":"https:\/\/www.cnelbalis.com\/ca\/wp-json\/wp\/v2\/posts"}],"about":[{"href":"https:\/\/www.cnelbalis.com\/ca\/wp-json\/wp\/v2\/types\/post"}],"author":[{"embeddable":true,"href":"https:\/\/www.cnelbalis.com\/ca\/wp-json\/wp\/v2\/users\/7"}],"replies":[{"embeddable":true,"href":"https:\/\/www.cnelbalis.com\/ca\/wp-json\/wp\/v2\/comments?post=58251"}],"version-history":[{"count":4,"href":"https:\/\/www.cnelbalis.com\/ca\/wp-json\/wp\/v2\/posts\/58251\/revisions"}],"predecessor-version":[{"id":58286,"href":"https:\/\/www.cnelbalis.com\/ca\/wp-json\/wp\/v2\/posts\/58251\/revisions\/58286"}],"wp:featuredmedia":[{"embeddable":true,"href":"https:\/\/www.cnelbalis.com\/ca\/wp-json\/wp\/v2\/media\/58273"}],"wp:attachment":[{"href":"https:\/\/www.cnelbalis.com\/ca\/wp-json\/wp\/v2\/media?parent=58251"}],"wp:term":[{"taxonomy":"category","embeddable":true,"href":"https:\/\/www.cnelbalis.com\/ca\/wp-json\/wp\/v2\/categories?post=58251"},{"taxonomy":"post_tag","embeddable":true,"href":"https:\/\/www.cnelbalis.com\/ca\/wp-json\/wp\/v2\/tags?post=58251"}],"curies":[{"name":"wp","href":"https:\/\/api.w.org\/{rel}","templated":true}]}}