{"id":58211,"date":"2026-04-23T13:21:00","date_gmt":"2026-04-23T11:21:00","guid":{"rendered":"https:\/\/www.cnelbalis.com\/?p=58211"},"modified":"2026-04-23T13:30:28","modified_gmt":"2026-04-23T11:30:28","slug":"balis-camp-setmana-estiu-2026-laventura-de-navegar-del-29-de-juny-al-4-de-setembre","status":"publish","type":"post","link":"https:\/\/www.cnelbalis.com\/ca\/balis-camp-setmana-estiu-2026-laventura-de-navegar-del-29-de-juny-al-4-de-setembre\/","title":{"rendered":"BAL\u00cdS CAMP ESTIU 2026: L\u2019AVENTURA DE NAVEGAR DEL 29 DE JUNY AL 4 DE SETEMBRE"},"content":{"rendered":"<p><strong><img loading=\"lazy\" decoding=\"async\" class=\"aligncenter wp-image-58212\" src=\"https:\/\/www.cnelbalis.com\/wp-content\/uploads\/2026\/04\/PostIG-BalisCampEstiu2026-v2-CAT-Dte.WEB_-240x300.png\" alt=\"\" width=\"1024\" height=\"1280\" srcset=\"https:\/\/www.cnelbalis.com\/wp-content\/uploads\/2026\/04\/PostIG-BalisCampEstiu2026-v2-CAT-Dte.WEB_-240x300.png 240w, https:\/\/www.cnelbalis.com\/wp-content\/uploads\/2026\/04\/PostIG-BalisCampEstiu2026-v2-CAT-Dte.WEB_-819x1024.png 819w, https:\/\/www.cnelbalis.com\/wp-content\/uploads\/2026\/04\/PostIG-BalisCampEstiu2026-v2-CAT-Dte.WEB_-768x960.png 768w, https:\/\/www.cnelbalis.com\/wp-content\/uploads\/2026\/04\/PostIG-BalisCampEstiu2026-v2-CAT-Dte.WEB_.png 1080w\" sizes=\"auto, (max-width: 1024px) 100vw, 1024px\" \/><\/strong><\/p>\n<div>\n<div><\/div>\n<\/div>\n<div style=\"text-align: left;\">\n<p><strong>Hola petits aventurers i fam\u00edlies!\u00a0<\/strong><\/p>\n<p>El bon temps ja s\u2019acosta i, amb ell, una de les nostres propostes m\u00e9s divertides i esperades de l\u2019any. Ens fa molta il\u00b7lusi\u00f3 anunciar que ja tenim\u00a0<strong>obertes les inscripcions pel Bal\u00eds Camp Estiu 2026<\/strong>, el nostre campus n\u00e0utic i multiesportiu pensat\u00a0<strong>per a infants i joves de 4 a 17 anys<\/strong>.<\/p>\n<p><strong>Del 29 de juny al 4 de setembre<\/strong>, viurem un estiu ple d\u2019activitats, mar i emoci\u00f3. El campus combina aprenentatge, joc i experi\u00e8ncies inoblidables en un entorn privilegiat com \u00e9s el nostre port. L\u2019activitat est\u00e0 dissenyada perqu\u00e8 cada participant, tingui o no experi\u00e8ncia pr\u00e8via, pugui endinsar-se en el m\u00f3n n\u00e0utic d\u2019una manera natural, segura i motivadora.<\/p>\n<p><strong>Qu\u00e8 oferim al Bal\u00eds Camp?<\/strong><br \/>\nAl Bal\u00eds Camp Estiu 2026 oferim tres propostes adaptades a les diferents edats i interessos, totes orientades a gaudir del mar a trav\u00e9s d\u2019activitats variades i divertides:<\/p>\n<ul>\n<li><strong>Esport n\u00e0utic:<\/strong>\u00a0Multiactivitat infantil de 9 a 17 h, pensada perqu\u00e8 els m\u00e9s petits visquin el mar intensament amb activitats n\u00e0utiques i de lleure durant tot el dia.<\/li>\n<li><strong>Casal de vela:<\/strong>\u00a0Curs de vela de 9.30 a 13.30 h, ideal per a infants i joves que vulguin centrar-se en l\u2019aprenentatge i la millora d\u2019aquesta disciplina.<\/li>\n<li><strong>Seasport:<\/strong>\u00a0Multiactivitat juvenil de 10 a 14 h, adre\u00e7ada a nois i noies que busquen un programa complet, actiu i din\u00e0mic.<\/li>\n<\/ul>\n<p>Tots el programes\u00a0s\u00f3n\u00a0progressius i orientats a fomentar la confian\u00e7a, l\u2019autonomia i la diversi\u00f3, sempre amb l\u2019acompanyament del nostre equip t\u00e8cnic.<\/p>\n<p><strong>Quines activitats engloba la modalitat &#8220;<em>Multiactivitat<\/em>&#8220;?<\/strong><br \/>\nLa multiactivitat inclou un conjunt d\u2019activitats l\u00fadiques i esportives relacionades amb el mar i el lleure, com ara\u00a0<strong>vela, windsurf, caiac, SUP, jocs de platja, piscina, snorkel, tallers n\u00e0utics, p\u00e0del\u2026 i molt m\u00e9s.<\/strong><\/p>\n<p><strong>Inscripcions<\/strong><br \/>\nLes inscripcions estan obertes des de l\u20191 d\u2019abril i es poden formalitzar a trav\u00e9s de l\u2019enlla\u00e7 que trobareu a continuaci\u00f3. All\u00e0 tamb\u00e9 hi podreu consultar els preus, aix\u00ed com informaci\u00f3 detallada de cada taller.<\/p>\n<p><strong>Descomptes:<\/strong><br \/>\n<strong>De l&#8217;1 al 30 d&#8217;abril:\u00a0<\/strong>15% de descompte<br \/>\n<strong>De l&#8217;1 de maig fins al 4 de setembre:\u00a0<\/strong>5%\u00a0de descompte<br \/>\nGaudeix d&#8217;aquests descomptes amb el codi: <strong>WBCE<\/strong><\/p>\n<p>&nbsp;<\/p>\n<h4><strong><a href=\"https:\/\/escola-cnelbalis.sailti.com\/ca\/default\/school\/school\/text\/balis-camp-estiu\">Fes click aqu\u00ed per a + info i inscripcions<\/a><\/strong><\/h4>\n<p><strong>\u00a0<\/strong><\/p>\n<p>Per a qualsevol dubte o consulta, podeu escriure a\u00a0<strong>hola@cnelbalis.com<\/strong>\u00a0o trucar al\u00a0<strong>93 792 99 00<\/strong>.<\/p>\n<p><strong>Estem desitjant compartir aquesta experi\u00e8ncia\u00a0plena d&#8217;aventures, descobriments i mar amb tots vosaltres!<\/strong><\/p>\n<p>&nbsp;<\/p>\n<p style=\"text-align: center;\">Publicat 23.04.2026<\/p>\n<\/div>\n","protected":false},"excerpt":{"rendered":"<p>Hola petits aventurers i fam\u00edlies!\u00a0 El bon temps ja s\u2019acosta i, amb ell, una de les nostres propostes m\u00e9s divertides i esperades de l\u2019any. Ens fa molta il\u00b7lusi\u00f3 anunciar que ja tenim\u00a0obertes les inscripcions pel Bal\u00eds Camp Estiu 2026, el nostre campus n\u00e0utic i multiesportiu pensat\u00a0per a infants i joves de 4 a 17 anys. [&hellip;]<\/p>\n","protected":false},"author":7,"featured_media":58216,"comment_status":"open","ping_status":"open","sticky":false,"template":"","format":"standard","meta":{"footnotes":""},"categories":[2653,783,782,8,788],"tags":[1025,1207,1147,2083,1017,1297,1913,1493,1699,1806,1664],"class_list":["post-58211","post","type-post","status-publish","format-standard","has-post-thumbnail","hentry","category-activitats","category-escola","category-esport","category-noticies","category-vela-ca","tag-balis-ca","tag-camp-ca","tag-campus-ca","tag-casal-ca","tag-club-ca","tag-diversio-ca","tag-nens-ca","tag-port-ca","tag-regates-ca","tag-santa-ca","tag-setmana-ca"],"acf":[],"_links":{"self":[{"href":"https:\/\/www.cnelbalis.com\/ca\/wp-json\/wp\/v2\/posts\/58211","targetHints":{"allow":["GET"]}}],"collection":[{"href":"https:\/\/www.cnelbalis.com\/ca\/wp-json\/wp\/v2\/posts"}],"about":[{"href":"https:\/\/www.cnelbalis.com\/ca\/wp-json\/wp\/v2\/types\/post"}],"author":[{"embeddable":true,"href":"https:\/\/www.cnelbalis.com\/ca\/wp-json\/wp\/v2\/users\/7"}],"replies":[{"embeddable":true,"href":"https:\/\/www.cnelbalis.com\/ca\/wp-json\/wp\/v2\/comments?post=58211"}],"version-history":[{"count":6,"href":"https:\/\/www.cnelbalis.com\/ca\/wp-json\/wp\/v2\/posts\/58211\/revisions"}],"predecessor-version":[{"id":58236,"href":"https:\/\/www.cnelbalis.com\/ca\/wp-json\/wp\/v2\/posts\/58211\/revisions\/58236"}],"wp:featuredmedia":[{"embeddable":true,"href":"https:\/\/www.cnelbalis.com\/ca\/wp-json\/wp\/v2\/media\/58216"}],"wp:attachment":[{"href":"https:\/\/www.cnelbalis.com\/ca\/wp-json\/wp\/v2\/media?parent=58211"}],"wp:term":[{"taxonomy":"category","embeddable":true,"href":"https:\/\/www.cnelbalis.com\/ca\/wp-json\/wp\/v2\/categories?post=58211"},{"taxonomy":"post_tag","embeddable":true,"href":"https:\/\/www.cnelbalis.com\/ca\/wp-json\/wp\/v2\/tags?post=58211"}],"curies":[{"name":"wp","href":"https:\/\/api.w.org\/{rel}","templated":true}]}}