{"id":57707,"date":"2026-03-13T17:48:00","date_gmt":"2026-03-13T16:48:00","guid":{"rendered":"https:\/\/www.cnelbalis.com\/?p=57707"},"modified":"2026-04-21T16:33:14","modified_gmt":"2026-04-21T14:33:14","slug":"assemblea-general-ordinaria-de-socis-es-2026","status":"publish","type":"post","link":"https:\/\/www.cnelbalis.com\/ca\/assemblea-general-ordinaria-de-socis-es-2026\/","title":{"rendered":"Assemblea General Ordin\u00e0ria de Socis\/es 2026"},"content":{"rendered":"<p data-pm-slice=\"1 1 []\">Apreciat\/da soci\/a,<\/p>\n<p>En compliment del que estableixen els estatuts del Club, la Junta Directiva en la seva sessi\u00f3 celebrada el passat 10 de mar\u00e7 va acordar convocar <strong>Assemblea General Ordin\u00e0ria de Socis\/es<\/strong>, a celebrar el dissabte dia <strong>18 d&#8217;abril de 2026<\/strong>, a les <strong>9:30<\/strong> hores en <strong>primera convocat\u00f2ria<\/strong> i a les <strong>10:00<\/strong> hores en <strong>segona convocat\u00f2ria<\/strong>, en la segona planta de l&#8217;edifici social del Club situat a la Ctra. N-II, km. 651,6 de Sant Andreu de Llavaneres (Barcelona), sota la Presid\u00e8ncia de Francisco Javier Ripoll Stampa i amb l&#8217;assist\u00e8ncia d&#8217;altres membres de la Junta Directiva.<\/p>\n<p>La convocat\u00f2ria s&#8217;ha enviat a tots els socis\/es per correu postal. Aix\u00ed mateix, est\u00e0 penjada a la p\u00e0gina web i al Taulell Oficial d\u2019Anuncis del Club.<\/p>\n<p>A l&#8217;assemblea general extraordin\u00e0ria de socis\/es celebrada el 3 de juny del 2023 es va aprovar la modificaci\u00f3 de l&#8217;article 34 dels estatuts del Club amb refer\u00e8ncia a la delegaci\u00f3 de vot. A aquest efecte adjuntem el formulari corresponent.<\/p>\n<p>La informaci\u00f3 sobre les mat\u00e8ries objecte de l\u2019Assemblea General Ordin\u00e0ria estar\u00e0 a disposici\u00f3 dels socis\/es a la secretaria del Club, durant els deu dies naturals anteriors a la celebraci\u00f3 de la mateixa.<\/p>\n<ul>\n<li><a href=\"https:\/\/www.cnelbalis.com\/wp-content\/uploads\/2026\/03\/CONVOCATORIA-ASSEMBLEA-GENERAL-ORDINARIA-DE-SOCIS.pdf\" target=\"_blank\" rel=\"noopener\">Convocat\u00f2ria<\/a><\/li>\n<li><a href=\"https:\/\/www.cnelbalis.com\/wp-content\/uploads\/2026\/03\/DELEGACIO-DE-VOT.pdf\" target=\"_blank\" rel=\"noopener\">Delegaci\u00f3 de vot<\/a><\/li>\n<li><a href=\"https:\/\/www.cnelbalis.com\/wp-content\/uploads\/2026\/03\/CNElBalis-Memoria2025-F5-DEF-2.pdf\">Mem\u00f2ria 2025<\/a><\/li>\n<\/ul>\n","protected":false},"excerpt":{"rendered":"<p>Apreciat\/da soci\/a, En compliment del que estableixen els estatuts del Club, la Junta Directiva en la seva sessi\u00f3 celebrada el passat 10 de mar\u00e7 va acordar convocar Assemblea General Ordin\u00e0ria de Socis\/es, a celebrar el dissabte dia 18 d&#8217;abril de 2026, a les 9:30 hores en primera convocat\u00f2ria i a les 10:00 hores en segona [&hellip;]<\/p>\n","protected":false},"author":7,"featured_media":51550,"comment_status":"closed","ping_status":"closed","sticky":false,"template":"","format":"standard","meta":{"footnotes":""},"categories":[8,787],"tags":[],"class_list":["post-57707","post","type-post","status-publish","format-standard","has-post-thumbnail","hentry","category-noticies","category-social-ca"],"acf":[],"_links":{"self":[{"href":"https:\/\/www.cnelbalis.com\/ca\/wp-json\/wp\/v2\/posts\/57707","targetHints":{"allow":["GET"]}}],"collection":[{"href":"https:\/\/www.cnelbalis.com\/ca\/wp-json\/wp\/v2\/posts"}],"about":[{"href":"https:\/\/www.cnelbalis.com\/ca\/wp-json\/wp\/v2\/types\/post"}],"author":[{"embeddable":true,"href":"https:\/\/www.cnelbalis.com\/ca\/wp-json\/wp\/v2\/users\/7"}],"replies":[{"embeddable":true,"href":"https:\/\/www.cnelbalis.com\/ca\/wp-json\/wp\/v2\/comments?post=57707"}],"version-history":[{"count":5,"href":"https:\/\/www.cnelbalis.com\/ca\/wp-json\/wp\/v2\/posts\/57707\/revisions"}],"predecessor-version":[{"id":58170,"href":"https:\/\/www.cnelbalis.com\/ca\/wp-json\/wp\/v2\/posts\/57707\/revisions\/58170"}],"wp:featuredmedia":[{"embeddable":true,"href":"https:\/\/www.cnelbalis.com\/ca\/wp-json\/wp\/v2\/media\/51550"}],"wp:attachment":[{"href":"https:\/\/www.cnelbalis.com\/ca\/wp-json\/wp\/v2\/media?parent=57707"}],"wp:term":[{"taxonomy":"category","embeddable":true,"href":"https:\/\/www.cnelbalis.com\/ca\/wp-json\/wp\/v2\/categories?post=57707"},{"taxonomy":"post_tag","embeddable":true,"href":"https:\/\/www.cnelbalis.com\/ca\/wp-json\/wp\/v2\/tags?post=57707"}],"curies":[{"name":"wp","href":"https:\/\/api.w.org\/{rel}","templated":true}]}}