{"id":57235,"date":"2026-01-14T10:36:30","date_gmt":"2026-01-14T09:36:30","guid":{"rendered":"https:\/\/www.cnelbalis.com\/?p=57235"},"modified":"2026-01-14T10:36:30","modified_gmt":"2026-01-14T09:36:30","slug":"alejandro-cuesta-brilla-a-la-new-years-race-de-puerto-sherry-andalusia","status":"publish","type":"post","link":"https:\/\/www.cnelbalis.com\/ca\/alejandro-cuesta-brilla-a-la-new-years-race-de-puerto-sherry-andalusia\/","title":{"rendered":"ALEJANDRO CUESTA BRILLA A LA NEW YEAR\u2019S RACE DE PUERTO SHERRY, ANDALUSIA"},"content":{"rendered":"<p><img loading=\"lazy\" decoding=\"async\" class=\"aligncenter wp-image-57241\" src=\"https:\/\/www.cnelbalis.com\/wp-content\/uploads\/2026\/01\/WhatsApp-Image-2026-01-12-at-15.22.07.jpg\" alt=\"New Year's Race - CN El Bal\u00eds\" width=\"1024\" height=\"744\" srcset=\"https:\/\/www.cnelbalis.com\/wp-content\/uploads\/2026\/01\/WhatsApp-Image-2026-01-12-at-15.22.07.jpg 738w, https:\/\/www.cnelbalis.com\/wp-content\/uploads\/2026\/01\/WhatsApp-Image-2026-01-12-at-15.22.07-300x218.jpg 300w\" sizes=\"auto, (max-width: 1024px) 100vw, 1024px\" \/><\/p>\n<div>\n<p>El regatista del CN El Bal\u00eds, Alejandro Cuesta, consolida una gran temporada en aconseguir la <strong>primera posici\u00f3 en la categoria Techno Sub15<\/strong> durant la New Year\u2019s Race, organitzada per la Federaci\u00f3 Andalusa de Vela i disputada a Puerto Sherry.<\/p>\n<p>Aquest resultat confirma l\u2019<strong>excel\u00b7lent nivell esportiu d\u2019Alejandro<\/strong> i la seva progressi\u00f3 en la classe Techno, situant-lo com un dels referents de la categoria. Des del club celebrem aquest \u00e8xit i li <strong>desitgem que continu\u00ef assolint grans resultats<\/strong> en les properes competicions.<\/p>\n<p><strong>Enhorabona, Alejandro!<\/strong><\/p>\n<\/div>\n","protected":false},"excerpt":{"rendered":"<p>El regatista del CN El Bal\u00eds, Alejandro Cuesta, consolida una gran temporada en aconseguir la primera posici\u00f3 en la categoria Techno Sub15 durant la New Year\u2019s Race, organitzada per la Federaci\u00f3 Andalusa de Vela i disputada a Puerto Sherry. Aquest resultat confirma l\u2019excel\u00b7lent nivell esportiu d\u2019Alejandro i la seva progressi\u00f3 en la classe Techno, situant-lo [&hellip;]<\/p>\n","protected":false},"author":6,"featured_media":57242,"comment_status":"closed","ping_status":"closed","sticky":false,"template":"","format":"standard","meta":{"footnotes":""},"categories":[2653,782,8,788],"tags":[],"class_list":["post-57235","post","type-post","status-publish","format-standard","has-post-thumbnail","hentry","category-activitats","category-esport","category-noticies","category-vela-ca"],"acf":[],"_links":{"self":[{"href":"https:\/\/www.cnelbalis.com\/ca\/wp-json\/wp\/v2\/posts\/57235","targetHints":{"allow":["GET"]}}],"collection":[{"href":"https:\/\/www.cnelbalis.com\/ca\/wp-json\/wp\/v2\/posts"}],"about":[{"href":"https:\/\/www.cnelbalis.com\/ca\/wp-json\/wp\/v2\/types\/post"}],"author":[{"embeddable":true,"href":"https:\/\/www.cnelbalis.com\/ca\/wp-json\/wp\/v2\/users\/6"}],"replies":[{"embeddable":true,"href":"https:\/\/www.cnelbalis.com\/ca\/wp-json\/wp\/v2\/comments?post=57235"}],"version-history":[{"count":2,"href":"https:\/\/www.cnelbalis.com\/ca\/wp-json\/wp\/v2\/posts\/57235\/revisions"}],"predecessor-version":[{"id":57248,"href":"https:\/\/www.cnelbalis.com\/ca\/wp-json\/wp\/v2\/posts\/57235\/revisions\/57248"}],"wp:featuredmedia":[{"embeddable":true,"href":"https:\/\/www.cnelbalis.com\/ca\/wp-json\/wp\/v2\/media\/57242"}],"wp:attachment":[{"href":"https:\/\/www.cnelbalis.com\/ca\/wp-json\/wp\/v2\/media?parent=57235"}],"wp:term":[{"taxonomy":"category","embeddable":true,"href":"https:\/\/www.cnelbalis.com\/ca\/wp-json\/wp\/v2\/categories?post=57235"},{"taxonomy":"post_tag","embeddable":true,"href":"https:\/\/www.cnelbalis.com\/ca\/wp-json\/wp\/v2\/tags?post=57235"}],"curies":[{"name":"wp","href":"https:\/\/api.w.org\/{rel}","templated":true}]}}