{"id":57202,"date":"2026-01-14T10:20:41","date_gmt":"2026-01-14T09:20:41","guid":{"rendered":"https:\/\/www.cnelbalis.com\/?p=57202"},"modified":"2026-01-14T10:21:49","modified_gmt":"2026-01-14T09:21:49","slug":"primera-regata-n2-de-lany-un-inici-molt-prometedor","status":"publish","type":"post","link":"https:\/\/www.cnelbalis.com\/ca\/primera-regata-n2-de-lany-un-inici-molt-prometedor\/","title":{"rendered":"PRIMERA REGATA N2 DE L&#8217;ANY: UN INICI MOLT PROMETEDOR"},"content":{"rendered":"<p><img loading=\"lazy\" decoding=\"async\" class=\"aligncenter wp-image-57215 size-full\" src=\"https:\/\/www.cnelbalis.com\/wp-content\/uploads\/2026\/01\/PRIMERA-N2-DEL-2026-003.jpeg\" alt=\"Primera Regata N2 del 2026 - CN El Bal\u00eds\" width=\"1024\" height=\"683\" srcset=\"https:\/\/www.cnelbalis.com\/wp-content\/uploads\/2026\/01\/PRIMERA-N2-DEL-2026-003.jpeg 1024w, https:\/\/www.cnelbalis.com\/wp-content\/uploads\/2026\/01\/PRIMERA-N2-DEL-2026-003-300x200.jpeg 300w, https:\/\/www.cnelbalis.com\/wp-content\/uploads\/2026\/01\/PRIMERA-N2-DEL-2026-003-768x512.jpeg 768w\" sizes=\"auto, (max-width: 1024px) 100vw, 1024px\" \/><\/p>\n<article dir=\"auto\" data-scroll-anchor=\"true\" data-testid=\"conversation-turn-16\">\n<div>\n<div>\n<p>El passat cap de setmana es va disputar la primera regata N2 del 2026, donant inici a un nou any de competici\u00f3. Les condicions van permetre completar 5 de les 6 proves previstes, amb un balan\u00e7 molt positiu i un gran nivell esportiu del nostre equip.<\/p>\n<p>Les m\u00e0nigues van ser exigents, amb un dissabte intens de quatre proves i un diumenge marcat per l\u2019espera a l\u2019aigua. La regularitat i la t\u00e8cnica de les tripulacions van deixar molt bones sensacions en aquest comen\u00e7ament de temporada.<\/p>\n<p><strong>Resultats destacats:<\/strong><br \/>\n1r general i 1r sub19: Bruno Garcia i Alex Camps<br \/>\n2n general i 1r sub17: Juanito Lleonart i Damiano Tierno<br \/>\n3r general i 2n sub17: Lluc Garc\u00e9s i Fede Blanco<br \/>\n1a Fem: Elena L\u00f3pez i Giulia Sandri<br \/>\n3a Fem: Maria Blanco i Arianne Mu\u00f1oz<\/p>\n<p>Aquest s\u00f2lid inici anticipa un any competitiu i atractiu.<\/p>\n<\/div>\n<\/div>\n<p data-start=\"655\" data-end=\"1024\"><img loading=\"lazy\" decoding=\"async\" class=\"aligncenter wp-image-57219 size-full\" src=\"https:\/\/www.cnelbalis.com\/wp-content\/uploads\/2026\/01\/PRIMERA-N2-DEL-2026-004.jpeg\" alt=\"Primera Regata N2 del 2026 - CN El Bal\u00eds\" width=\"1024\" height=\"683\" srcset=\"https:\/\/www.cnelbalis.com\/wp-content\/uploads\/2026\/01\/PRIMERA-N2-DEL-2026-004.jpeg 1024w, https:\/\/www.cnelbalis.com\/wp-content\/uploads\/2026\/01\/PRIMERA-N2-DEL-2026-004-300x200.jpeg 300w, https:\/\/www.cnelbalis.com\/wp-content\/uploads\/2026\/01\/PRIMERA-N2-DEL-2026-004-768x512.jpeg 768w\" sizes=\"auto, (max-width: 1024px) 100vw, 1024px\" \/><img loading=\"lazy\" decoding=\"async\" class=\"aligncenter wp-image-57211 size-full\" src=\"https:\/\/www.cnelbalis.com\/wp-content\/uploads\/2026\/01\/PRIMERA-N2-DEL-2026-001.jpeg\" alt=\"Primera Regata N2 del 2026 - CN El Bal\u00eds\" width=\"1024\" height=\"683\" srcset=\"https:\/\/www.cnelbalis.com\/wp-content\/uploads\/2026\/01\/PRIMERA-N2-DEL-2026-001.jpeg 1024w, https:\/\/www.cnelbalis.com\/wp-content\/uploads\/2026\/01\/PRIMERA-N2-DEL-2026-001-300x200.jpeg 300w, https:\/\/www.cnelbalis.com\/wp-content\/uploads\/2026\/01\/PRIMERA-N2-DEL-2026-001-768x512.jpeg 768w\" sizes=\"auto, (max-width: 1024px) 100vw, 1024px\" \/><img loading=\"lazy\" decoding=\"async\" class=\"aligncenter wp-image-57207 size-large\" src=\"https:\/\/www.cnelbalis.com\/wp-content\/uploads\/2026\/01\/PRIMERA-N2-DEL-2026-010-1024x768.jpeg\" alt=\"Primera Regata N2 del 2026 - CN El Bal\u00eds\" width=\"1024\" height=\"768\" srcset=\"https:\/\/www.cnelbalis.com\/wp-content\/uploads\/2026\/01\/PRIMERA-N2-DEL-2026-010-1024x768.jpeg 1024w, https:\/\/www.cnelbalis.com\/wp-content\/uploads\/2026\/01\/PRIMERA-N2-DEL-2026-010-300x225.jpeg 300w, https:\/\/www.cnelbalis.com\/wp-content\/uploads\/2026\/01\/PRIMERA-N2-DEL-2026-010-768x576.jpeg 768w, https:\/\/www.cnelbalis.com\/wp-content\/uploads\/2026\/01\/PRIMERA-N2-DEL-2026-010-1536x1152.jpeg 1536w, https:\/\/www.cnelbalis.com\/wp-content\/uploads\/2026\/01\/PRIMERA-N2-DEL-2026-010.jpeg 1600w\" sizes=\"auto, (max-width: 1024px) 100vw, 1024px\" \/> <img loading=\"lazy\" decoding=\"async\" class=\"aligncenter wp-image-57227 size-large\" src=\"https:\/\/www.cnelbalis.com\/wp-content\/uploads\/2026\/01\/PRIMERA-N2-DEL-2026-008-1024x768.jpeg\" alt=\"Primera Regata N2 del 2026 - CN El Bal\u00eds\" width=\"1024\" height=\"768\" srcset=\"https:\/\/www.cnelbalis.com\/wp-content\/uploads\/2026\/01\/PRIMERA-N2-DEL-2026-008-1024x768.jpeg 1024w, https:\/\/www.cnelbalis.com\/wp-content\/uploads\/2026\/01\/PRIMERA-N2-DEL-2026-008-300x225.jpeg 300w, https:\/\/www.cnelbalis.com\/wp-content\/uploads\/2026\/01\/PRIMERA-N2-DEL-2026-008-768x576.jpeg 768w, https:\/\/www.cnelbalis.com\/wp-content\/uploads\/2026\/01\/PRIMERA-N2-DEL-2026-008-1536x1152.jpeg 1536w, https:\/\/www.cnelbalis.com\/wp-content\/uploads\/2026\/01\/PRIMERA-N2-DEL-2026-008.jpeg 1600w\" sizes=\"auto, (max-width: 1024px) 100vw, 1024px\" \/> <img loading=\"lazy\" decoding=\"async\" class=\"aligncenter wp-image-57223\" src=\"https:\/\/www.cnelbalis.com\/wp-content\/uploads\/2026\/01\/PRIMERA-N2-DEL-2026-007.jpeg\" alt=\"Primera Regata N2 del 2026 - CN El Bal\u00eds\" width=\"1024\" height=\"1365\" srcset=\"https:\/\/www.cnelbalis.com\/wp-content\/uploads\/2026\/01\/PRIMERA-N2-DEL-2026-007.jpeg 1200w, https:\/\/www.cnelbalis.com\/wp-content\/uploads\/2026\/01\/PRIMERA-N2-DEL-2026-007-225x300.jpeg 225w, https:\/\/www.cnelbalis.com\/wp-content\/uploads\/2026\/01\/PRIMERA-N2-DEL-2026-007-768x1024.jpeg 768w, https:\/\/www.cnelbalis.com\/wp-content\/uploads\/2026\/01\/PRIMERA-N2-DEL-2026-007-1152x1536.jpeg 1152w, https:\/\/www.cnelbalis.com\/wp-content\/uploads\/2026\/01\/PRIMERA-N2-DEL-2026-007-600x800.jpeg 600w\" sizes=\"auto, (max-width: 1024px) 100vw, 1024px\" \/><\/p>\n<\/article>\n","protected":false},"excerpt":{"rendered":"<p>El passat cap de setmana es va disputar la primera regata N2 del 2026, donant inici a un nou any de competici\u00f3. Les condicions van permetre completar 5 de les 6 proves previstes, amb un balan\u00e7 molt positiu i un gran nivell esportiu del nostre equip. Les m\u00e0nigues van ser exigents, amb un dissabte intens [&hellip;]<\/p>\n","protected":false},"author":6,"featured_media":57203,"comment_status":"closed","ping_status":"closed","sticky":false,"template":"","format":"standard","meta":{"footnotes":""},"categories":[2653,782,8,788],"tags":[],"class_list":["post-57202","post","type-post","status-publish","format-standard","has-post-thumbnail","hentry","category-activitats","category-esport","category-noticies","category-vela-ca"],"acf":[],"_links":{"self":[{"href":"https:\/\/www.cnelbalis.com\/ca\/wp-json\/wp\/v2\/posts\/57202","targetHints":{"allow":["GET"]}}],"collection":[{"href":"https:\/\/www.cnelbalis.com\/ca\/wp-json\/wp\/v2\/posts"}],"about":[{"href":"https:\/\/www.cnelbalis.com\/ca\/wp-json\/wp\/v2\/types\/post"}],"author":[{"embeddable":true,"href":"https:\/\/www.cnelbalis.com\/ca\/wp-json\/wp\/v2\/users\/6"}],"replies":[{"embeddable":true,"href":"https:\/\/www.cnelbalis.com\/ca\/wp-json\/wp\/v2\/comments?post=57202"}],"version-history":[{"count":2,"href":"https:\/\/www.cnelbalis.com\/ca\/wp-json\/wp\/v2\/posts\/57202\/revisions"}],"predecessor-version":[{"id":57234,"href":"https:\/\/www.cnelbalis.com\/ca\/wp-json\/wp\/v2\/posts\/57202\/revisions\/57234"}],"wp:featuredmedia":[{"embeddable":true,"href":"https:\/\/www.cnelbalis.com\/ca\/wp-json\/wp\/v2\/media\/57203"}],"wp:attachment":[{"href":"https:\/\/www.cnelbalis.com\/ca\/wp-json\/wp\/v2\/media?parent=57202"}],"wp:term":[{"taxonomy":"category","embeddable":true,"href":"https:\/\/www.cnelbalis.com\/ca\/wp-json\/wp\/v2\/categories?post=57202"},{"taxonomy":"post_tag","embeddable":true,"href":"https:\/\/www.cnelbalis.com\/ca\/wp-json\/wp\/v2\/tags?post=57202"}],"curies":[{"name":"wp","href":"https:\/\/api.w.org\/{rel}","templated":true}]}}