{"id":57088,"date":"2025-12-16T15:37:40","date_gmt":"2025-12-16T14:37:40","guid":{"rendered":"https:\/\/www.cnelbalis.com\/?p=57088"},"modified":"2025-12-17T09:06:33","modified_gmt":"2025-12-17T08:06:33","slug":"gran-resultat-del-cn-el-balis-al-campionat-de-llagut-catala-organitzat-per-rem-mataro","status":"publish","type":"post","link":"https:\/\/www.cnelbalis.com\/ca\/gran-resultat-del-cn-el-balis-al-campionat-de-llagut-catala-organitzat-per-rem-mataro\/","title":{"rendered":"GRAN RESULTAT AL CAMPIONAT DE LLAGUT CATAL\u00c0 ORGANITZAT PER REM MATAR\u00d3"},"content":{"rendered":"<p><img loading=\"lazy\" decoding=\"async\" class=\"aligncenter wp-image-57109 size-large\" src=\"https:\/\/www.cnelbalis.com\/wp-content\/uploads\/2025\/12\/WhatsApp-Image-2025-12-16-at-14.54.11-2-1024x768.jpeg\" alt=\"Campionat Lla\u00fct Catal\u00e0 a Matar\u00f3 - CN El Bal\u00eds\" width=\"1024\" height=\"768\" srcset=\"https:\/\/www.cnelbalis.com\/wp-content\/uploads\/2025\/12\/WhatsApp-Image-2025-12-16-at-14.54.11-2-1024x768.jpeg 1024w, https:\/\/www.cnelbalis.com\/wp-content\/uploads\/2025\/12\/WhatsApp-Image-2025-12-16-at-14.54.11-2-300x225.jpeg 300w, https:\/\/www.cnelbalis.com\/wp-content\/uploads\/2025\/12\/WhatsApp-Image-2025-12-16-at-14.54.11-2-768x576.jpeg 768w, https:\/\/www.cnelbalis.com\/wp-content\/uploads\/2025\/12\/WhatsApp-Image-2025-12-16-at-14.54.11-2-1536x1152.jpeg 1536w, https:\/\/www.cnelbalis.com\/wp-content\/uploads\/2025\/12\/WhatsApp-Image-2025-12-16-at-14.54.11-2.jpeg 2048w\" sizes=\"auto, (max-width: 1024px) 100vw, 1024px\" \/><\/p>\n<p>El <strong>cap de setmana passat<\/strong> es va celebrar el <strong>Campionat de Llagut Catal\u00e0<\/strong>, organitzat pel <strong>club Rem Matar\u00f3<\/strong>, amb la participaci\u00f3 dels equips del <strong>Club N\u00e0utic El Bal\u00eds<\/strong> en les <strong>categories veteranes<\/strong>, tant <strong>femenina com masculina<\/strong>.<\/p>\n<p>L\u2019<strong>equip veter\u00e0 femen\u00ed<\/strong> va competir amb un <strong>alt nivell<\/strong> des de la primera eliminat\u00f2ria, en qu\u00e8 va assolir la <strong>segona posici\u00f3 davant les actuals campiones de Catalunya<\/strong>. A la <strong>repesca<\/strong>, l\u2019equip va finalitzar en <strong>tercera posici\u00f3<\/strong>, completant una actuaci\u00f3 molt merit\u00f2ria.<\/p>\n<p>Per la seva banda, l\u2019<strong>equip veter\u00e0 mascul\u00ed<\/strong> va signar una <strong>excel\u00b7lent repesca<\/strong>, fet que li va permetre accedir a la <strong>semifinal<\/strong>. Posteriorment, a la <strong>final<\/strong>, va aconseguir la <strong>medalla de bronze<\/strong>, culminant un <strong>cap de setmana molt positiu<\/strong> per a la <strong>secci\u00f3 de rem del club<\/strong>.<\/p>\n<p>Tota la secci\u00f3 i el Club N\u00e0utic El Bal\u00eds es mostren <strong>molt satisfets amb els resultats obtinguts<\/strong> i ja tenen la <strong>mirada posada en la propera Lliga del Mediterrani<\/strong>, amb l\u2019objectiu de <strong>continuar treballant, millorant i gaudint del rem<\/strong>.<\/p>\n<p><img loading=\"lazy\" decoding=\"async\" class=\"aligncenter wp-image-57093 size-large\" src=\"https:\/\/www.cnelbalis.com\/wp-content\/uploads\/2025\/12\/WhatsApp-Image-2025-12-16-at-14.14.22-1-1024x576.jpeg\" alt=\"Campionat Lla\u00fct Catal\u00e0 a Matar\u00f3 - CN El Bal\u00eds\" width=\"1024\" height=\"576\" srcset=\"https:\/\/www.cnelbalis.com\/wp-content\/uploads\/2025\/12\/WhatsApp-Image-2025-12-16-at-14.14.22-1-1024x576.jpeg 1024w, https:\/\/www.cnelbalis.com\/wp-content\/uploads\/2025\/12\/WhatsApp-Image-2025-12-16-at-14.14.22-1-300x169.jpeg 300w, https:\/\/www.cnelbalis.com\/wp-content\/uploads\/2025\/12\/WhatsApp-Image-2025-12-16-at-14.14.22-1-768x432.jpeg 768w, https:\/\/www.cnelbalis.com\/wp-content\/uploads\/2025\/12\/WhatsApp-Image-2025-12-16-at-14.14.22-1-1536x864.jpeg 1536w, https:\/\/www.cnelbalis.com\/wp-content\/uploads\/2025\/12\/WhatsApp-Image-2025-12-16-at-14.14.22-1.jpeg 1920w\" sizes=\"auto, (max-width: 1024px) 100vw, 1024px\" \/><\/p>\n<p><img loading=\"lazy\" decoding=\"async\" class=\"aligncenter wp-image-57089 size-large\" src=\"https:\/\/www.cnelbalis.com\/wp-content\/uploads\/2025\/12\/WhatsApp-Image-2025-12-16-at-14.14.21-1024x768.jpeg\" alt=\"Campionat Lla\u00fct Catal\u00e0 a Matar\u00f3 - CN El Bal\u00eds\" width=\"1024\" height=\"768\" srcset=\"https:\/\/www.cnelbalis.com\/wp-content\/uploads\/2025\/12\/WhatsApp-Image-2025-12-16-at-14.14.21-1024x768.jpeg 1024w, https:\/\/www.cnelbalis.com\/wp-content\/uploads\/2025\/12\/WhatsApp-Image-2025-12-16-at-14.14.21-300x225.jpeg 300w, https:\/\/www.cnelbalis.com\/wp-content\/uploads\/2025\/12\/WhatsApp-Image-2025-12-16-at-14.14.21-768x576.jpeg 768w, https:\/\/www.cnelbalis.com\/wp-content\/uploads\/2025\/12\/WhatsApp-Image-2025-12-16-at-14.14.21-1536x1152.jpeg 1536w, https:\/\/www.cnelbalis.com\/wp-content\/uploads\/2025\/12\/WhatsApp-Image-2025-12-16-at-14.14.21.jpeg 2048w\" sizes=\"auto, (max-width: 1024px) 100vw, 1024px\" \/><\/p>\n<p><img loading=\"lazy\" decoding=\"async\" class=\"aligncenter wp-image-57121 size-large\" src=\"https:\/\/www.cnelbalis.com\/wp-content\/uploads\/2025\/12\/WhatsApp-Image-2025-12-16-at-14.54.12-1-1024x768.jpeg\" alt=\"Campionat Lla\u00fct Catal\u00e0 a Matar\u00f3 - CN El Bal\u00eds\" width=\"1024\" height=\"768\" srcset=\"https:\/\/www.cnelbalis.com\/wp-content\/uploads\/2025\/12\/WhatsApp-Image-2025-12-16-at-14.54.12-1-1024x768.jpeg 1024w, https:\/\/www.cnelbalis.com\/wp-content\/uploads\/2025\/12\/WhatsApp-Image-2025-12-16-at-14.54.12-1-300x225.jpeg 300w, https:\/\/www.cnelbalis.com\/wp-content\/uploads\/2025\/12\/WhatsApp-Image-2025-12-16-at-14.54.12-1-768x576.jpeg 768w, https:\/\/www.cnelbalis.com\/wp-content\/uploads\/2025\/12\/WhatsApp-Image-2025-12-16-at-14.54.12-1-1536x1152.jpeg 1536w, https:\/\/www.cnelbalis.com\/wp-content\/uploads\/2025\/12\/WhatsApp-Image-2025-12-16-at-14.54.12-1.jpeg 1600w\" sizes=\"auto, (max-width: 1024px) 100vw, 1024px\" \/><\/p>\n<p><img loading=\"lazy\" decoding=\"async\" class=\"aligncenter wp-image-57101\" src=\"https:\/\/www.cnelbalis.com\/wp-content\/uploads\/2025\/12\/WhatsApp-Image-2025-12-16-at-14.14.23.jpeg\" alt=\"Campionat Lla\u00fct Catal\u00e0 a Matar\u00f3 - CN El Bal\u00eds\" width=\"1024\" height=\"1365\" srcset=\"https:\/\/www.cnelbalis.com\/wp-content\/uploads\/2025\/12\/WhatsApp-Image-2025-12-16-at-14.14.23.jpeg 1500w, https:\/\/www.cnelbalis.com\/wp-content\/uploads\/2025\/12\/WhatsApp-Image-2025-12-16-at-14.14.23-225x300.jpeg 225w, https:\/\/www.cnelbalis.com\/wp-content\/uploads\/2025\/12\/WhatsApp-Image-2025-12-16-at-14.14.23-768x1024.jpeg 768w, https:\/\/www.cnelbalis.com\/wp-content\/uploads\/2025\/12\/WhatsApp-Image-2025-12-16-at-14.14.23-1152x1536.jpeg 1152w, https:\/\/www.cnelbalis.com\/wp-content\/uploads\/2025\/12\/WhatsApp-Image-2025-12-16-at-14.14.23-600x800.jpeg 600w\" sizes=\"auto, (max-width: 1024px) 100vw, 1024px\" \/><\/p>\n<p><img loading=\"lazy\" decoding=\"async\" class=\"aligncenter wp-image-57097\" src=\"https:\/\/www.cnelbalis.com\/wp-content\/uploads\/2025\/12\/WhatsApp-Image-2025-12-16-at-14.14.22.jpeg\" alt=\"Campionat Lla\u00fct Catal\u00e0 a Matar\u00f3 - CN El Bal\u00eds\" width=\"1024\" height=\"1365\" srcset=\"https:\/\/www.cnelbalis.com\/wp-content\/uploads\/2025\/12\/WhatsApp-Image-2025-12-16-at-14.14.22.jpeg 1200w, https:\/\/www.cnelbalis.com\/wp-content\/uploads\/2025\/12\/WhatsApp-Image-2025-12-16-at-14.14.22-225x300.jpeg 225w, https:\/\/www.cnelbalis.com\/wp-content\/uploads\/2025\/12\/WhatsApp-Image-2025-12-16-at-14.14.22-768x1024.jpeg 768w, https:\/\/www.cnelbalis.com\/wp-content\/uploads\/2025\/12\/WhatsApp-Image-2025-12-16-at-14.14.22-1152x1536.jpeg 1152w, https:\/\/www.cnelbalis.com\/wp-content\/uploads\/2025\/12\/WhatsApp-Image-2025-12-16-at-14.14.22-600x800.jpeg 600w\" sizes=\"auto, (max-width: 1024px) 100vw, 1024px\" \/><\/p>\n<p>&nbsp;<\/p>\n","protected":false},"excerpt":{"rendered":"<p>El cap de setmana passat es va celebrar el Campionat de Llagut Catal\u00e0, organitzat pel club Rem Matar\u00f3, amb la participaci\u00f3 dels equips del Club N\u00e0utic El Bal\u00eds en les categories veteranes, tant femenina com masculina. L\u2019equip veter\u00e0 femen\u00ed va competir amb un alt nivell des de la primera eliminat\u00f2ria, en qu\u00e8 va assolir la [&hellip;]<\/p>\n","protected":false},"author":6,"featured_media":57105,"comment_status":"closed","ping_status":"closed","sticky":false,"template":"","format":"standard","meta":{"footnotes":""},"categories":[2653,782,8,786],"tags":[],"class_list":["post-57088","post","type-post","status-publish","format-standard","has-post-thumbnail","hentry","category-activitats","category-esport","category-noticies","category-rem"],"acf":[],"_links":{"self":[{"href":"https:\/\/www.cnelbalis.com\/ca\/wp-json\/wp\/v2\/posts\/57088","targetHints":{"allow":["GET"]}}],"collection":[{"href":"https:\/\/www.cnelbalis.com\/ca\/wp-json\/wp\/v2\/posts"}],"about":[{"href":"https:\/\/www.cnelbalis.com\/ca\/wp-json\/wp\/v2\/types\/post"}],"author":[{"embeddable":true,"href":"https:\/\/www.cnelbalis.com\/ca\/wp-json\/wp\/v2\/users\/6"}],"replies":[{"embeddable":true,"href":"https:\/\/www.cnelbalis.com\/ca\/wp-json\/wp\/v2\/comments?post=57088"}],"version-history":[{"count":4,"href":"https:\/\/www.cnelbalis.com\/ca\/wp-json\/wp\/v2\/posts\/57088\/revisions"}],"predecessor-version":[{"id":57134,"href":"https:\/\/www.cnelbalis.com\/ca\/wp-json\/wp\/v2\/posts\/57088\/revisions\/57134"}],"wp:featuredmedia":[{"embeddable":true,"href":"https:\/\/www.cnelbalis.com\/ca\/wp-json\/wp\/v2\/media\/57105"}],"wp:attachment":[{"href":"https:\/\/www.cnelbalis.com\/ca\/wp-json\/wp\/v2\/media?parent=57088"}],"wp:term":[{"taxonomy":"category","embeddable":true,"href":"https:\/\/www.cnelbalis.com\/ca\/wp-json\/wp\/v2\/categories?post=57088"},{"taxonomy":"post_tag","embeddable":true,"href":"https:\/\/www.cnelbalis.com\/ca\/wp-json\/wp\/v2\/tags?post=57088"}],"curies":[{"name":"wp","href":"https:\/\/api.w.org\/{rel}","templated":true}]}}