{"id":56764,"date":"2025-12-05T13:50:30","date_gmt":"2025-12-05T12:50:30","guid":{"rendered":"https:\/\/www.cnelbalis.com\/?p=56764"},"modified":"2025-12-05T13:51:28","modified_gmt":"2025-12-05T12:51:28","slug":"activitats-solidaries-al-balis-per-donar-suport-a-la-marato-de-tv3-dedicada-al-cancer","status":"publish","type":"post","link":"https:\/\/www.cnelbalis.com\/ca\/activitats-solidaries-al-balis-per-donar-suport-a-la-marato-de-tv3-dedicada-al-cancer\/","title":{"rendered":"ACTIVITATS SOLID\u00c0RIES AL BAL\u00cdS PER DONAR SUPORT A LA MARAT\u00d3 DE TV3 DEDICADA AL C\u00c0NCER"},"content":{"rendered":"<p><img loading=\"lazy\" decoding=\"async\" class=\"aligncenter wp-image-56922\" src=\"https:\/\/www.cnelbalis.com\/wp-content\/uploads\/2025\/12\/ElBalis-IG-Posts-Nadal2025-F7_marato-1-scaled.png\" alt=\"La Marat\u00f3 de TV3 2025 - CN El Bal\u00eds\" width=\"1024\" height=\"1280\" srcset=\"https:\/\/www.cnelbalis.com\/wp-content\/uploads\/2025\/12\/ElBalis-IG-Posts-Nadal2025-F7_marato-1-scaled.png 2048w, https:\/\/www.cnelbalis.com\/wp-content\/uploads\/2025\/12\/ElBalis-IG-Posts-Nadal2025-F7_marato-1-240x300.png 240w, https:\/\/www.cnelbalis.com\/wp-content\/uploads\/2025\/12\/ElBalis-IG-Posts-Nadal2025-F7_marato-1-819x1024.png 819w, https:\/\/www.cnelbalis.com\/wp-content\/uploads\/2025\/12\/ElBalis-IG-Posts-Nadal2025-F7_marato-1-768x960.png 768w, https:\/\/www.cnelbalis.com\/wp-content\/uploads\/2025\/12\/ElBalis-IG-Posts-Nadal2025-F7_marato-1-1229x1536.png 1229w, https:\/\/www.cnelbalis.com\/wp-content\/uploads\/2025\/12\/ElBalis-IG-Posts-Nadal2025-F7_marato-1-1638x2048.png 1638w\" sizes=\"auto, (max-width: 1024px) 100vw, 1024px\" \/><\/p>\n<p>El <strong>diumenge 14 de desembre<\/strong>, el <strong>CN El Bal\u00eds<\/strong> celebrar\u00e0 una gran jornada festiva i solid\u00e0ria a l\u2019<strong>Esplanada de Vela<\/strong>, oberta a socis, fam\u00edlies i a tota la ciutadania, per donar suport a la <strong>34a edici\u00f3 de La Marat\u00f3 de TV3<\/strong>, enguany dedicada a la <strong>divulgaci\u00f3 i l\u2019impuls de la recerca en c\u00e0ncer<\/strong>.<br \/>\nL\u2019objectiu \u00e9s mobilitzar la comunitat i sumar esfor\u00e7os per avan\u00e7ar en la lluita contra una malaltia que t\u00e9 un impacte profund a Catalunya i arreu del m\u00f3n.<\/p>\n<p>Participar a La Marat\u00f3 significa contribuir a impulsar projectes cient\u00edfics de primer nivell, avan\u00e7ar cap a una medicina cada vegada m\u00e9s personalitzada i refor\u00e7ar la conscienciaci\u00f3 sobre la import\u00e0ncia de la prevenci\u00f3 i els h\u00e0bits de vida saludable.<\/p>\n<p>&nbsp;<\/p>\n<p><strong>Programa d\u2019activitats:<\/strong><\/p>\n<ul>\n<li><strong>10.00 h \u2013 Ti\u00f3 de Nadal<\/strong><br \/>\nUna activitat familiar que far\u00e0 gaudir els m\u00e9s petits de la m\u00e0gia nadalenca.<\/li>\n<li><strong>11.00 h \u2013 Regata Open de Vela Lleugera<\/strong><br \/>\nCompetici\u00f3 oberta per a navegants de tots els nivells.<\/li>\n<li><strong>11.00 h \u2013 Tastet de Rem<\/strong><br \/>\nSessi\u00f3 ideal per iniciar-se en el rem i descobrir un esport complet i estimulant.<\/li>\n<li><strong>11.55 h \u2013 Regata Social de Creuers<\/strong><br \/>\nLa comunitat navegant del Club compartir\u00e0 mar, diversi\u00f3 i solidaritat.<\/li>\n<\/ul>\n<p>&nbsp;<\/p>\n<p><strong>Vine i suma\u2019t a una causa que ens uneix a tots<\/strong><\/p>\n<p>Des del CN El Bal\u00eds <strong>convidem tothom a participar<\/strong> en aquesta jornada solid\u00e0ria, gaudir de les activitats i col\u00b7laborar amb una causa que impacta milers de fam\u00edlies.<br \/>\nEntre tots podem aportar el nostre granet de sorra perqu\u00e8 la recerca avanci i perqu\u00e8 el futur de les persones afectades pel c\u00e0ncer sigui cada vegada millor.<\/p>\n<p><strong>El Port Bal\u00eds, obert a tothom!<\/strong><\/p>\n<p>&nbsp;<\/p>\n<p><em>Per a m\u00e9s informaci\u00f3:<\/em> <strong>hola@cnelbalis.com<\/strong><\/p>\n","protected":false},"excerpt":{"rendered":"<p>El diumenge 14 de desembre, el CN El Bal\u00eds celebrar\u00e0 una gran jornada festiva i solid\u00e0ria a l\u2019Esplanada de Vela, oberta a socis, fam\u00edlies i a tota la ciutadania, per donar suport a la 34a edici\u00f3 de La Marat\u00f3 de TV3, enguany dedicada a la divulgaci\u00f3 i l\u2019impuls de la recerca en c\u00e0ncer. L\u2019objectiu \u00e9s [&hellip;]<\/p>\n","protected":false},"author":6,"featured_media":56927,"comment_status":"closed","ping_status":"closed","sticky":false,"template":"","format":"standard","meta":{"footnotes":""},"categories":[2653,784,782,8,786,2705,788],"tags":[],"class_list":["post-56764","post","type-post","status-publish","format-standard","has-post-thumbnail","hentry","category-activitats","category-altres","category-esport","category-noticies","category-rem","category-rsc-2","category-vela-ca"],"acf":[],"_links":{"self":[{"href":"https:\/\/www.cnelbalis.com\/ca\/wp-json\/wp\/v2\/posts\/56764","targetHints":{"allow":["GET"]}}],"collection":[{"href":"https:\/\/www.cnelbalis.com\/ca\/wp-json\/wp\/v2\/posts"}],"about":[{"href":"https:\/\/www.cnelbalis.com\/ca\/wp-json\/wp\/v2\/types\/post"}],"author":[{"embeddable":true,"href":"https:\/\/www.cnelbalis.com\/ca\/wp-json\/wp\/v2\/users\/6"}],"replies":[{"embeddable":true,"href":"https:\/\/www.cnelbalis.com\/ca\/wp-json\/wp\/v2\/comments?post=56764"}],"version-history":[{"count":1,"href":"https:\/\/www.cnelbalis.com\/ca\/wp-json\/wp\/v2\/posts\/56764\/revisions"}],"predecessor-version":[{"id":56931,"href":"https:\/\/www.cnelbalis.com\/ca\/wp-json\/wp\/v2\/posts\/56764\/revisions\/56931"}],"wp:featuredmedia":[{"embeddable":true,"href":"https:\/\/www.cnelbalis.com\/ca\/wp-json\/wp\/v2\/media\/56927"}],"wp:attachment":[{"href":"https:\/\/www.cnelbalis.com\/ca\/wp-json\/wp\/v2\/media?parent=56764"}],"wp:term":[{"taxonomy":"category","embeddable":true,"href":"https:\/\/www.cnelbalis.com\/ca\/wp-json\/wp\/v2\/categories?post=56764"},{"taxonomy":"post_tag","embeddable":true,"href":"https:\/\/www.cnelbalis.com\/ca\/wp-json\/wp\/v2\/tags?post=56764"}],"curies":[{"name":"wp","href":"https:\/\/api.w.org\/{rel}","templated":true}]}}