{"id":56724,"date":"2025-12-01T15:55:12","date_gmt":"2025-12-01T14:55:12","guid":{"rendered":"https:\/\/www.cnelbalis.com\/?p=56724"},"modified":"2025-12-01T15:58:40","modified_gmt":"2025-12-01T14:58:40","slug":"darrera-regata-de-lliga-de-llagut-catala-a-arenys-de-mar","status":"publish","type":"post","link":"https:\/\/www.cnelbalis.com\/ca\/darrera-regata-de-lliga-de-llagut-catala-a-arenys-de-mar\/","title":{"rendered":"GRANS RESULTATS A LA DARRERA REGATA DE LLIGA DE LLAGUT CATAL\u00c0 A ARENYS DE MAR"},"content":{"rendered":"<p><img loading=\"lazy\" decoding=\"async\" class=\"aligncenter wp-image-56734 size-large\" src=\"https:\/\/www.cnelbalis.com\/wp-content\/uploads\/2025\/12\/WhatsApp-Image-2025-11-30-at-21.05.13-1024x768.jpeg\" alt=\"\u00daltima regata de lliga de llagut catal\u00e0 a Arenys de Mar - CN El Bal\u00eds\" width=\"1024\" height=\"768\" srcset=\"https:\/\/www.cnelbalis.com\/wp-content\/uploads\/2025\/12\/WhatsApp-Image-2025-11-30-at-21.05.13-1024x768.jpeg 1024w, https:\/\/www.cnelbalis.com\/wp-content\/uploads\/2025\/12\/WhatsApp-Image-2025-11-30-at-21.05.13-300x225.jpeg 300w, https:\/\/www.cnelbalis.com\/wp-content\/uploads\/2025\/12\/WhatsApp-Image-2025-11-30-at-21.05.13-768x576.jpeg 768w, https:\/\/www.cnelbalis.com\/wp-content\/uploads\/2025\/12\/WhatsApp-Image-2025-11-30-at-21.05.13-1536x1152.jpeg 1536w, https:\/\/www.cnelbalis.com\/wp-content\/uploads\/2025\/12\/WhatsApp-Image-2025-11-30-at-21.05.13.jpeg 2048w\" sizes=\"auto, (max-width: 1024px) 100vw, 1024px\" \/><\/p>\n<p>Diumenge passat es va celebrar <strong>l\u2019\u00faltima regata de lliga de Lla\u00fct Catal\u00e0<\/strong>, organitzada de manera impecable per Rem Arenys.<\/p>\n<p>Va ser una gran jornada per al CN El Bal\u00eds: l\u2019equip de v<strong>eterans masculins<\/strong> va aconseguir un merescut <strong>tercer lloc al podi<\/strong>. Pel que fa a les <strong>veteranes femenines<\/strong>, es van classificar en <strong>segon lloc de la seva m\u00e0niga a la categoria C<\/strong>.<\/p>\n<p>Amb la mirada posada en el campionat, l\u2019equip espera <strong>continuar avan\u00e7ant i gaudint<\/strong> d\u2019aquest esport.<\/p>\n<p><img loading=\"lazy\" decoding=\"async\" class=\"aligncenter wp-image-56738 size-large\" src=\"https:\/\/www.cnelbalis.com\/wp-content\/uploads\/2025\/12\/WhatsApp-Image-2025-12-01-at-13.00.53-1-1024x768.jpeg\" alt=\"\u00daltima regata de lliga de llagut catal\u00e0 a Arenys de Mar - CN El Bal\u00eds\" width=\"1024\" height=\"768\" srcset=\"https:\/\/www.cnelbalis.com\/wp-content\/uploads\/2025\/12\/WhatsApp-Image-2025-12-01-at-13.00.53-1-1024x768.jpeg 1024w, https:\/\/www.cnelbalis.com\/wp-content\/uploads\/2025\/12\/WhatsApp-Image-2025-12-01-at-13.00.53-1-300x225.jpeg 300w, https:\/\/www.cnelbalis.com\/wp-content\/uploads\/2025\/12\/WhatsApp-Image-2025-12-01-at-13.00.53-1-768x576.jpeg 768w, https:\/\/www.cnelbalis.com\/wp-content\/uploads\/2025\/12\/WhatsApp-Image-2025-12-01-at-13.00.53-1-1536x1152.jpeg 1536w, https:\/\/www.cnelbalis.com\/wp-content\/uploads\/2025\/12\/WhatsApp-Image-2025-12-01-at-13.00.53-1-2048x1536.jpeg 2048w\" sizes=\"auto, (max-width: 1024px) 100vw, 1024px\" \/><\/p>\n<p><img loading=\"lazy\" decoding=\"async\" class=\"aligncenter wp-image-56726\" src=\"https:\/\/www.cnelbalis.com\/wp-content\/uploads\/2025\/12\/WhatsApp-Image-2025-11-30-at-16.38.44-scaled.jpeg\" alt=\"\u00daltima regata de lliga de llagut catal\u00e0 a Arenys de Mar - CN El Bal\u00eds\" width=\"1024\" height=\"1820\" srcset=\"https:\/\/www.cnelbalis.com\/wp-content\/uploads\/2025\/12\/WhatsApp-Image-2025-11-30-at-16.38.44-scaled.jpeg 1440w, https:\/\/www.cnelbalis.com\/wp-content\/uploads\/2025\/12\/WhatsApp-Image-2025-11-30-at-16.38.44-169x300.jpeg 169w, https:\/\/www.cnelbalis.com\/wp-content\/uploads\/2025\/12\/WhatsApp-Image-2025-11-30-at-16.38.44-576x1024.jpeg 576w, https:\/\/www.cnelbalis.com\/wp-content\/uploads\/2025\/12\/WhatsApp-Image-2025-11-30-at-16.38.44-768x1365.jpeg 768w, https:\/\/www.cnelbalis.com\/wp-content\/uploads\/2025\/12\/WhatsApp-Image-2025-11-30-at-16.38.44-864x1536.jpeg 864w, https:\/\/www.cnelbalis.com\/wp-content\/uploads\/2025\/12\/WhatsApp-Image-2025-11-30-at-16.38.44-1152x2048.jpeg 1152w\" sizes=\"auto, (max-width: 1024px) 100vw, 1024px\" \/><\/p>\n","protected":false},"excerpt":{"rendered":"<p>Diumenge passat es va celebrar l\u2019\u00faltima regata de lliga de Lla\u00fct Catal\u00e0, organitzada de manera impecable per Rem Arenys. Va ser una gran jornada per al CN El Bal\u00eds: l\u2019equip de veterans masculins va aconseguir un merescut tercer lloc al podi. Pel que fa a les veteranes femenines, es van classificar en segon lloc de [&hellip;]<\/p>\n","protected":false},"author":6,"featured_media":56738,"comment_status":"closed","ping_status":"closed","sticky":false,"template":"","format":"standard","meta":{"footnotes":""},"categories":[2653,782,8,786],"tags":[],"class_list":["post-56724","post","type-post","status-publish","format-standard","has-post-thumbnail","hentry","category-activitats","category-esport","category-noticies","category-rem"],"acf":[],"_links":{"self":[{"href":"https:\/\/www.cnelbalis.com\/ca\/wp-json\/wp\/v2\/posts\/56724","targetHints":{"allow":["GET"]}}],"collection":[{"href":"https:\/\/www.cnelbalis.com\/ca\/wp-json\/wp\/v2\/posts"}],"about":[{"href":"https:\/\/www.cnelbalis.com\/ca\/wp-json\/wp\/v2\/types\/post"}],"author":[{"embeddable":true,"href":"https:\/\/www.cnelbalis.com\/ca\/wp-json\/wp\/v2\/users\/6"}],"replies":[{"embeddable":true,"href":"https:\/\/www.cnelbalis.com\/ca\/wp-json\/wp\/v2\/comments?post=56724"}],"version-history":[{"count":2,"href":"https:\/\/www.cnelbalis.com\/ca\/wp-json\/wp\/v2\/posts\/56724\/revisions"}],"predecessor-version":[{"id":56743,"href":"https:\/\/www.cnelbalis.com\/ca\/wp-json\/wp\/v2\/posts\/56724\/revisions\/56743"}],"wp:featuredmedia":[{"embeddable":true,"href":"https:\/\/www.cnelbalis.com\/ca\/wp-json\/wp\/v2\/media\/56738"}],"wp:attachment":[{"href":"https:\/\/www.cnelbalis.com\/ca\/wp-json\/wp\/v2\/media?parent=56724"}],"wp:term":[{"taxonomy":"category","embeddable":true,"href":"https:\/\/www.cnelbalis.com\/ca\/wp-json\/wp\/v2\/categories?post=56724"},{"taxonomy":"post_tag","embeddable":true,"href":"https:\/\/www.cnelbalis.com\/ca\/wp-json\/wp\/v2\/tags?post=56724"}],"curies":[{"name":"wp","href":"https:\/\/api.w.org\/{rel}","templated":true}]}}