{"id":56704,"date":"2025-12-01T15:37:53","date_gmt":"2025-12-01T14:37:53","guid":{"rendered":"https:\/\/www.cnelbalis.com\/?p=56704"},"modified":"2025-12-01T16:00:34","modified_gmt":"2025-12-01T15:00:34","slug":"gran-participacio-al-trofeu-cornudella-de-finn-al-cn-el-balis","status":"publish","type":"post","link":"https:\/\/www.cnelbalis.com\/ca\/gran-participacio-al-trofeu-cornudella-de-finn-al-cn-el-balis\/","title":{"rendered":"GRAN PARTICIPACI\u00d3 AL TROFEU CORNUDELLA DE LA CLASSE FINN AL CN EL BAL\u00cdS"},"content":{"rendered":"<p><img loading=\"lazy\" decoding=\"async\" class=\"aligncenter wp-image-56713 size-large\" src=\"https:\/\/www.cnelbalis.com\/wp-content\/uploads\/2025\/12\/WhatsApp-Image-2025-12-01-at-13.35.19-3-1024x768.jpeg\" alt=\"\" width=\"1024\" height=\"768\" srcset=\"https:\/\/www.cnelbalis.com\/wp-content\/uploads\/2025\/12\/WhatsApp-Image-2025-12-01-at-13.35.19-3-1024x768.jpeg 1024w, https:\/\/www.cnelbalis.com\/wp-content\/uploads\/2025\/12\/WhatsApp-Image-2025-12-01-at-13.35.19-3-300x225.jpeg 300w, https:\/\/www.cnelbalis.com\/wp-content\/uploads\/2025\/12\/WhatsApp-Image-2025-12-01-at-13.35.19-3-768x576.jpeg 768w, https:\/\/www.cnelbalis.com\/wp-content\/uploads\/2025\/12\/WhatsApp-Image-2025-12-01-at-13.35.19-3-1536x1152.jpeg 1536w, https:\/\/www.cnelbalis.com\/wp-content\/uploads\/2025\/12\/WhatsApp-Image-2025-12-01-at-13.35.19-3.jpeg 1600w\" sizes=\"auto, (max-width: 1024px) 100vw, 1024px\" \/><\/p>\n<p>Aquest cap de setmana s\u2019ha celebrat el Trofeu Cornudella de Finn al Club N\u00e0utic El Bal\u00eds, una edici\u00f3 marcada per l\u2019alta participaci\u00f3 i l\u2019excel\u00b7lent ambient entre els regatistes veterans de la classe.<\/p>\n<p>L\u2019esdeveniment ha comptat amb <strong>26 participants<\/strong>, assolint <strong>r\u00e8cord de participaci\u00f3<\/strong> en una prova del circuit catal\u00e0, i amb la pres\u00e8ncia destacada de <strong>regatistes internacionals procedents de Noruega, Fran\u00e7a i B\u00e8lgica<\/strong>.<\/p>\n<p>Al llarg del cap de setmana s\u2019han disputat <strong>5 de les 6 proves previstes<\/strong>, totes elles amb <strong>unes condicions de vent immillorables<\/strong> que han perm\u00e8s gaudir d\u2019unes regates molt competitives i espectaculars.<\/p>\n<p>Els guardonats han sigut els seg\u00fcents:<\/p>\n<p><strong>Categoria Absolut<\/strong><\/p>\n<ul>\n<li>1a posici\u00f3: Miguel Fern\u00e1ndez \u2013 RCN La Coru\u00f1a<\/li>\n<li>2a posici\u00f3: Xavier Pe\u00f1as \u2013 CV Palam\u00f3s<\/li>\n<li>3a posici\u00f3: Florian Faucheux \u2013 CNCP<\/li>\n<\/ul>\n<p><strong>Categoria Legend<\/strong><\/p>\n<ul>\n<li>1a posici\u00f3: Jose Maria Pujadas \u2013 CN Aiguablava<\/li>\n<li>2a posici\u00f3: Jes\u00fas Turr\u00f3 \u2013 CN El Bal\u00eds<\/li>\n<li>3a posici\u00f3: Claude Got \u2013 CNCP<\/li>\n<\/ul>\n<p><strong>Categoria Gran Gran Master<\/strong><\/p>\n<ul>\n<li>1a posici\u00f3: Guillermo Altadill \u2013 CN Ampolla<\/li>\n<li>2a posici\u00f3: Juan Grau \u2013 CN Vilassar de Mar<\/li>\n<li>3a posici\u00f3: Laurent Chapuis<\/li>\n<\/ul>\n<p><strong>Categoria Gran Master<\/strong><\/p>\n<ul>\n<li>1a posici\u00f3: Xavier Pe\u00f1as \u2013 CV Palam\u00f3s<\/li>\n<li>2a posici\u00f3: Florian Faucheux \u2013 CNCP<\/li>\n<li>3a posici\u00f3: Peder Neergard \u2013 Fredrikstad Seilforening<\/li>\n<\/ul>\n<p><strong>Categoria Rookie<\/strong><\/p>\n<ul>\n<li>1a posici\u00f3: Carlos de Francisco \u2013 CN El Bal\u00eds<\/li>\n<\/ul>\n<p><strong>Categoria S\u00e8nior<\/strong><\/p>\n<ul>\n<li>1a posici\u00f3: Carlos de Francisco \u2013 CN El Bal\u00eds<\/li>\n<\/ul>\n<p><strong>Categoria M\u00e0ster<\/strong><\/p>\n<ul>\n<li>1a posici\u00f3: Miguel Fern\u00e1ndez \u2013 RCN La Coru\u00f1a<\/li>\n<\/ul>\n<p>Des del Club N\u00e0utic El Bal\u00eds volem agrair la <strong>Federaci\u00f3 Catalana de Vela<\/strong> i la <strong>classe Finn catalana<\/strong> per la seva col\u00b7laboraci\u00f3 i suport en l\u2019organitzaci\u00f3 d\u2019aquest campionat.<\/p>\n<p data-start=\"1874\" data-end=\"2068\" data-is-last-node=\"\" data-is-only-node=\"\"><img loading=\"lazy\" decoding=\"async\" class=\"aligncenter wp-image-56709\" src=\"https:\/\/www.cnelbalis.com\/wp-content\/uploads\/2025\/12\/WhatsApp-Image-2025-12-01-at-13.35.16-1.jpeg\" alt=\"Trofeu Cornudella Classe FINN 2025 - CN El Bal\u00eds\" width=\"1024\" height=\"1365\" srcset=\"https:\/\/www.cnelbalis.com\/wp-content\/uploads\/2025\/12\/WhatsApp-Image-2025-12-01-at-13.35.16-1.jpeg 1200w, https:\/\/www.cnelbalis.com\/wp-content\/uploads\/2025\/12\/WhatsApp-Image-2025-12-01-at-13.35.16-1-225x300.jpeg 225w, https:\/\/www.cnelbalis.com\/wp-content\/uploads\/2025\/12\/WhatsApp-Image-2025-12-01-at-13.35.16-1-768x1024.jpeg 768w, https:\/\/www.cnelbalis.com\/wp-content\/uploads\/2025\/12\/WhatsApp-Image-2025-12-01-at-13.35.16-1-1152x1536.jpeg 1152w, https:\/\/www.cnelbalis.com\/wp-content\/uploads\/2025\/12\/WhatsApp-Image-2025-12-01-at-13.35.16-1-600x800.jpeg 600w\" sizes=\"auto, (max-width: 1024px) 100vw, 1024px\" \/><\/p>\n","protected":false},"excerpt":{"rendered":"<p>Aquest cap de setmana s\u2019ha celebrat el Trofeu Cornudella de Finn al Club N\u00e0utic El Bal\u00eds, una edici\u00f3 marcada per l\u2019alta participaci\u00f3 i l\u2019excel\u00b7lent ambient entre els regatistes veterans de la classe. L\u2019esdeveniment ha comptat amb 26 participants, assolint r\u00e8cord de participaci\u00f3 en una prova del circuit catal\u00e0, i amb la pres\u00e8ncia destacada de regatistes [&hellip;]<\/p>\n","protected":false},"author":6,"featured_media":56705,"comment_status":"closed","ping_status":"closed","sticky":false,"template":"","format":"standard","meta":{"footnotes":""},"categories":[2653,782,8,788],"tags":[],"class_list":["post-56704","post","type-post","status-publish","format-standard","has-post-thumbnail","hentry","category-activitats","category-esport","category-noticies","category-vela-ca"],"acf":[],"_links":{"self":[{"href":"https:\/\/www.cnelbalis.com\/ca\/wp-json\/wp\/v2\/posts\/56704","targetHints":{"allow":["GET"]}}],"collection":[{"href":"https:\/\/www.cnelbalis.com\/ca\/wp-json\/wp\/v2\/posts"}],"about":[{"href":"https:\/\/www.cnelbalis.com\/ca\/wp-json\/wp\/v2\/types\/post"}],"author":[{"embeddable":true,"href":"https:\/\/www.cnelbalis.com\/ca\/wp-json\/wp\/v2\/users\/6"}],"replies":[{"embeddable":true,"href":"https:\/\/www.cnelbalis.com\/ca\/wp-json\/wp\/v2\/comments?post=56704"}],"version-history":[{"count":5,"href":"https:\/\/www.cnelbalis.com\/ca\/wp-json\/wp\/v2\/posts\/56704\/revisions"}],"predecessor-version":[{"id":56745,"href":"https:\/\/www.cnelbalis.com\/ca\/wp-json\/wp\/v2\/posts\/56704\/revisions\/56745"}],"wp:featuredmedia":[{"embeddable":true,"href":"https:\/\/www.cnelbalis.com\/ca\/wp-json\/wp\/v2\/media\/56705"}],"wp:attachment":[{"href":"https:\/\/www.cnelbalis.com\/ca\/wp-json\/wp\/v2\/media?parent=56704"}],"wp:term":[{"taxonomy":"category","embeddable":true,"href":"https:\/\/www.cnelbalis.com\/ca\/wp-json\/wp\/v2\/categories?post=56704"},{"taxonomy":"post_tag","embeddable":true,"href":"https:\/\/www.cnelbalis.com\/ca\/wp-json\/wp\/v2\/tags?post=56704"}],"curies":[{"name":"wp","href":"https:\/\/api.w.org\/{rel}","templated":true}]}}