{"id":56616,"date":"2025-11-25T17:17:20","date_gmt":"2025-11-25T16:17:20","guid":{"rendered":"https:\/\/www.cnelbalis.com\/?p=56616"},"modified":"2025-11-25T17:26:35","modified_gmt":"2025-11-25T16:26:35","slug":"dissabte-29-de-novembre-arriba-la-gran-encesa-de-llums-del-port-balis","status":"publish","type":"post","link":"https:\/\/www.cnelbalis.com\/ca\/dissabte-29-de-novembre-arriba-la-gran-encesa-de-llums-del-port-balis\/","title":{"rendered":"DISSABTE, 29 DE NOVEMBRE: ARRIBA LA GRAN ENCESA DE LLUMS DEL PORT BAL\u00cdS!"},"content":{"rendered":"<p><img loading=\"lazy\" decoding=\"async\" class=\"aligncenter wp-image-56617\" src=\"https:\/\/www.cnelbalis.com\/wp-content\/uploads\/2025\/11\/ElBalis-IG-Posts-Nadal2025-F7_llums-1-OK.png\" alt=\"Programaci\u00f3 encesa de llums al Port Bal\u00eds - CN El Bal\u00eds\" width=\"1024\" height=\"1280\" \/><\/p>\n<p data-start=\"325\" data-end=\"606\">Arriba un dels moments m\u00e9s m\u00e0gics de l\u2019any al nostre port! Aquest <strong data-start=\"391\" data-end=\"418\">dissabte 29 de novembre<\/strong>, esteu tots convidats a viure amb nosaltres la <strong data-start=\"466\" data-end=\"514\">gran Encesa de Llums de Nadal del Port Bal\u00eds<\/strong>, un esdeveniment obert a tothom que donar\u00e0 el tret de sortida oficial a les festes al Club.<\/p>\n<p data-start=\"608\" data-end=\"923\">La jornada comen\u00e7ar\u00e0 a les <strong data-start=\"635\" data-end=\"646\">17.45 h<\/strong> a l\u2019<strong data-start=\"651\" data-end=\"681\">entrada principal del Club<\/strong>, amb m\u00fasica d\u2019ambient per anar escalfant motors. A les <strong data-start=\"737\" data-end=\"748\">18.00 h<\/strong>, farem el parlament de benvinguda i, pocs minuts despr\u00e9s, a les <strong data-start=\"813\" data-end=\"824\">18.05 h<\/strong>, il\u00b7luminarem tot el Port Bal\u00eds amb les llums de Nadal, un instant sempre especial i molt esperat.<\/p>\n<p data-start=\"925\" data-end=\"1127\">La celebraci\u00f3 continuar\u00e0 amb la <strong data-start=\"957\" data-end=\"979\">cantada de nadales<\/strong> a c\u00e0rrec de l\u2019<strong data-start=\"994\" data-end=\"1038\">Escola Municipal de M\u00fasica de Llavaneres<\/strong>, que posar\u00e0 la banda sonora perfecta per a una tarda plena de calidesa i esperit festiu.<\/p>\n<p data-start=\"1129\" data-end=\"1259\">I, per descomptat, no hi pot faltar el sabor m\u00e9s tradicional del Nadal: <strong data-start=\"1201\" data-end=\"1232\">xocolata desfeta amb xurros<\/strong> per a tots els assistents.<\/p>\n<p data-start=\"1261\" data-end=\"1356\"><strong data-start=\"1263\" data-end=\"1354\">Veniu a compartir amb nosaltres aquesta tarda tan especial! Us hi esperem amb il\u00b7lusi\u00f3.<\/strong><\/p>\n","protected":false},"excerpt":{"rendered":"<p>Arriba un dels moments m\u00e9s m\u00e0gics de l\u2019any al nostre port! Aquest dissabte 29 de novembre, esteu tots convidats a viure amb nosaltres la gran Encesa de Llums de Nadal del Port Bal\u00eds, un esdeveniment obert a tothom que donar\u00e0 el tret de sortida oficial a les festes al Club. La jornada comen\u00e7ar\u00e0 a les [&hellip;]<\/p>\n","protected":false},"author":6,"featured_media":56645,"comment_status":"closed","ping_status":"closed","sticky":false,"template":"","format":"standard","meta":{"footnotes":""},"categories":[2653,784,8,785,787],"tags":[],"class_list":["post-56616","post","type-post","status-publish","format-standard","has-post-thumbnail","hentry","category-activitats","category-altres","category-noticies","category-port","category-social-ca"],"acf":[],"_links":{"self":[{"href":"https:\/\/www.cnelbalis.com\/ca\/wp-json\/wp\/v2\/posts\/56616","targetHints":{"allow":["GET"]}}],"collection":[{"href":"https:\/\/www.cnelbalis.com\/ca\/wp-json\/wp\/v2\/posts"}],"about":[{"href":"https:\/\/www.cnelbalis.com\/ca\/wp-json\/wp\/v2\/types\/post"}],"author":[{"embeddable":true,"href":"https:\/\/www.cnelbalis.com\/ca\/wp-json\/wp\/v2\/users\/6"}],"replies":[{"embeddable":true,"href":"https:\/\/www.cnelbalis.com\/ca\/wp-json\/wp\/v2\/comments?post=56616"}],"version-history":[{"count":2,"href":"https:\/\/www.cnelbalis.com\/ca\/wp-json\/wp\/v2\/posts\/56616\/revisions"}],"predecessor-version":[{"id":56650,"href":"https:\/\/www.cnelbalis.com\/ca\/wp-json\/wp\/v2\/posts\/56616\/revisions\/56650"}],"wp:featuredmedia":[{"embeddable":true,"href":"https:\/\/www.cnelbalis.com\/ca\/wp-json\/wp\/v2\/media\/56645"}],"wp:attachment":[{"href":"https:\/\/www.cnelbalis.com\/ca\/wp-json\/wp\/v2\/media?parent=56616"}],"wp:term":[{"taxonomy":"category","embeddable":true,"href":"https:\/\/www.cnelbalis.com\/ca\/wp-json\/wp\/v2\/categories?post=56616"},{"taxonomy":"post_tag","embeddable":true,"href":"https:\/\/www.cnelbalis.com\/ca\/wp-json\/wp\/v2\/tags?post=56616"}],"curies":[{"name":"wp","href":"https:\/\/api.w.org\/{rel}","templated":true}]}}