{"id":56581,"date":"2025-11-25T16:53:50","date_gmt":"2025-11-25T15:53:50","guid":{"rendered":"https:\/\/www.cnelbalis.com\/?p=56581"},"modified":"2025-11-25T16:55:42","modified_gmt":"2025-11-25T15:55:42","slug":"exit-dalejandro-cuesta-a-la-copa-federacio-gran-premi-blue-marlin-2025","status":"publish","type":"post","link":"https:\/\/www.cnelbalis.com\/ca\/exit-dalejandro-cuesta-a-la-copa-federacio-gran-premi-blue-marlin-2025\/","title":{"rendered":"\u00c8XIT D\u2019ALEJANDRO CUESTA A LA COPA FEDERACI\u00d3 GRAN PREMI BLUE MARLIN 2025"},"content":{"rendered":"<p><img loading=\"lazy\" decoding=\"async\" class=\"aligncenter wp-image-56598\" src=\"https:\/\/www.cnelbalis.com\/wp-content\/uploads\/2025\/11\/FOTO-COPA-FEDERACIO-BALEAR-TECHNO-I-IQFOIL-005.jpeg\" alt=\"Copa Federaci\u00f3 Balear Techno i IQ FOIL 2025 - CN El Bal\u00eds\" width=\"1024\" height=\"1537\" srcset=\"https:\/\/www.cnelbalis.com\/wp-content\/uploads\/2025\/11\/FOTO-COPA-FEDERACIO-BALEAR-TECHNO-I-IQFOIL-005.jpeg 1066w, https:\/\/www.cnelbalis.com\/wp-content\/uploads\/2025\/11\/FOTO-COPA-FEDERACIO-BALEAR-TECHNO-I-IQFOIL-005-200x300.jpeg 200w, https:\/\/www.cnelbalis.com\/wp-content\/uploads\/2025\/11\/FOTO-COPA-FEDERACIO-BALEAR-TECHNO-I-IQFOIL-005-682x1024.jpeg 682w, https:\/\/www.cnelbalis.com\/wp-content\/uploads\/2025\/11\/FOTO-COPA-FEDERACIO-BALEAR-TECHNO-I-IQFOIL-005-768x1153.jpeg 768w, https:\/\/www.cnelbalis.com\/wp-content\/uploads\/2025\/11\/FOTO-COPA-FEDERACIO-BALEAR-TECHNO-I-IQFOIL-005-1023x1536.jpeg 1023w\" sizes=\"auto, (max-width: 1024px) 100vw, 1024px\" \/><\/p>\n<p>El 15 i 16 de novembre, el nostre regatista <strong>Alejandro Cuesta<\/strong> va competir a la <strong>Copa Federaci\u00f3 Balear<\/strong> en aig\u00fces d\u2019<strong>Eivissa<\/strong>, convocat per la selecci\u00f3 catalana. Malgrat les condicions exigents i una flota molt competitiva, <strong>Alejandro va aconseguir una molt merit\u00f2ria cinquena posici\u00f3<\/strong>.<\/p>\n<p>Aquest resultat reflecteix la seva gran capacitat i esfor\u00e7: una posici\u00f3 entre els millors en un esdeveniment de prestigi. Des del Port Bal\u00eds, volem recon\u00e8ixer p\u00fablicament el seu esfor\u00e7 i dedicaci\u00f3: <strong>\u00a1Enhorabona, Ale!<\/strong><\/p>\n<p>Per a m\u00e9s detalls sobre la regata, podeu consultar la web de la Federaci\u00f3 Balear de Vela:<br \/>\n<a href=\"https:\/\/www.federacionbalearvela.org\/ca\/default\/events\/event\/text\/copa-federacion-techno-iqfoil-2025\">Copa Federaci\u00f3n Techno-IQ 2025 &#8211; Federaci\u00f3n Balear de Vela<\/a><\/p>\n<p data-start=\"1874\" data-end=\"2068\" data-is-last-node=\"\" data-is-only-node=\"\"><img loading=\"lazy\" decoding=\"async\" class=\"aligncenter wp-image-56594\" src=\"https:\/\/www.cnelbalis.com\/wp-content\/uploads\/2025\/11\/FOTO-COPA-FEDERACIO-BALEAR-TECHNO-I-IQFOIL-004.jpeg\" alt=\"Copa Federaci\u00f3 Balear Techno i IQ FOIL 2025 - CN El Bal\u00eds\" width=\"1024\" height=\"682\" srcset=\"https:\/\/www.cnelbalis.com\/wp-content\/uploads\/2025\/11\/FOTO-COPA-FEDERACIO-BALEAR-TECHNO-I-IQFOIL-004.jpeg 1600w, https:\/\/www.cnelbalis.com\/wp-content\/uploads\/2025\/11\/FOTO-COPA-FEDERACIO-BALEAR-TECHNO-I-IQFOIL-004-300x200.jpeg 300w, https:\/\/www.cnelbalis.com\/wp-content\/uploads\/2025\/11\/FOTO-COPA-FEDERACIO-BALEAR-TECHNO-I-IQFOIL-004-1024x682.jpeg 1024w, https:\/\/www.cnelbalis.com\/wp-content\/uploads\/2025\/11\/FOTO-COPA-FEDERACIO-BALEAR-TECHNO-I-IQFOIL-004-768x512.jpeg 768w, https:\/\/www.cnelbalis.com\/wp-content\/uploads\/2025\/11\/FOTO-COPA-FEDERACIO-BALEAR-TECHNO-I-IQFOIL-004-1536x1023.jpeg 1536w, https:\/\/www.cnelbalis.com\/wp-content\/uploads\/2025\/11\/FOTO-COPA-FEDERACIO-BALEAR-TECHNO-I-IQFOIL-004-1500x1000.jpeg 1500w\" sizes=\"auto, (max-width: 1024px) 100vw, 1024px\" \/><img loading=\"lazy\" decoding=\"async\" class=\"aligncenter wp-image-56602\" src=\"https:\/\/www.cnelbalis.com\/wp-content\/uploads\/2025\/11\/FOTO-COPA-FEDERACIO-BALEAR-TECHNO-I-IQFOIL-006.jpeg\" alt=\"Copa Federaci\u00f3 Balear Techno i IQ FOIL 2025 - CN El Bal\u00eds\" width=\"1024\" height=\"682\" srcset=\"https:\/\/www.cnelbalis.com\/wp-content\/uploads\/2025\/11\/FOTO-COPA-FEDERACIO-BALEAR-TECHNO-I-IQFOIL-006.jpeg 1600w, https:\/\/www.cnelbalis.com\/wp-content\/uploads\/2025\/11\/FOTO-COPA-FEDERACIO-BALEAR-TECHNO-I-IQFOIL-006-300x200.jpeg 300w, https:\/\/www.cnelbalis.com\/wp-content\/uploads\/2025\/11\/FOTO-COPA-FEDERACIO-BALEAR-TECHNO-I-IQFOIL-006-1024x682.jpeg 1024w, https:\/\/www.cnelbalis.com\/wp-content\/uploads\/2025\/11\/FOTO-COPA-FEDERACIO-BALEAR-TECHNO-I-IQFOIL-006-768x512.jpeg 768w, https:\/\/www.cnelbalis.com\/wp-content\/uploads\/2025\/11\/FOTO-COPA-FEDERACIO-BALEAR-TECHNO-I-IQFOIL-006-1536x1023.jpeg 1536w, https:\/\/www.cnelbalis.com\/wp-content\/uploads\/2025\/11\/FOTO-COPA-FEDERACIO-BALEAR-TECHNO-I-IQFOIL-006-1500x1000.jpeg 1500w\" sizes=\"auto, (max-width: 1024px) 100vw, 1024px\" \/><\/p>\n","protected":false},"excerpt":{"rendered":"<p>El 15 i 16 de novembre, el nostre regatista Alejandro Cuesta va competir a la Copa Federaci\u00f3 Balear en aig\u00fces d\u2019Eivissa, convocat per la selecci\u00f3 catalana. Malgrat les condicions exigents i una flota molt competitiva, Alejandro va aconseguir una molt merit\u00f2ria cinquena posici\u00f3. Aquest resultat reflecteix la seva gran capacitat i esfor\u00e7: una posici\u00f3 entre [&hellip;]<\/p>\n","protected":false},"author":6,"featured_media":56582,"comment_status":"closed","ping_status":"closed","sticky":false,"template":"","format":"standard","meta":{"footnotes":""},"categories":[2653,782,8,788],"tags":[],"class_list":["post-56581","post","type-post","status-publish","format-standard","has-post-thumbnail","hentry","category-activitats","category-esport","category-noticies","category-vela-ca"],"acf":[],"_links":{"self":[{"href":"https:\/\/www.cnelbalis.com\/ca\/wp-json\/wp\/v2\/posts\/56581","targetHints":{"allow":["GET"]}}],"collection":[{"href":"https:\/\/www.cnelbalis.com\/ca\/wp-json\/wp\/v2\/posts"}],"about":[{"href":"https:\/\/www.cnelbalis.com\/ca\/wp-json\/wp\/v2\/types\/post"}],"author":[{"embeddable":true,"href":"https:\/\/www.cnelbalis.com\/ca\/wp-json\/wp\/v2\/users\/6"}],"replies":[{"embeddable":true,"href":"https:\/\/www.cnelbalis.com\/ca\/wp-json\/wp\/v2\/comments?post=56581"}],"version-history":[{"count":4,"href":"https:\/\/www.cnelbalis.com\/ca\/wp-json\/wp\/v2\/posts\/56581\/revisions"}],"predecessor-version":[{"id":56612,"href":"https:\/\/www.cnelbalis.com\/ca\/wp-json\/wp\/v2\/posts\/56581\/revisions\/56612"}],"wp:featuredmedia":[{"embeddable":true,"href":"https:\/\/www.cnelbalis.com\/ca\/wp-json\/wp\/v2\/media\/56582"}],"wp:attachment":[{"href":"https:\/\/www.cnelbalis.com\/ca\/wp-json\/wp\/v2\/media?parent=56581"}],"wp:term":[{"taxonomy":"category","embeddable":true,"href":"https:\/\/www.cnelbalis.com\/ca\/wp-json\/wp\/v2\/categories?post=56581"},{"taxonomy":"post_tag","embeddable":true,"href":"https:\/\/www.cnelbalis.com\/ca\/wp-json\/wp\/v2\/tags?post=56581"}],"curies":[{"name":"wp","href":"https:\/\/api.w.org\/{rel}","templated":true}]}}