{"id":56545,"date":"2025-11-24T09:41:05","date_gmt":"2025-11-24T08:41:05","guid":{"rendered":"https:\/\/www.cnelbalis.com\/?p=56545"},"modified":"2025-11-24T10:54:51","modified_gmt":"2025-11-24T09:54:51","slug":"presentem-la-nostra-programacio-dactivitats-per-aquest-nada","status":"publish","type":"post","link":"https:\/\/www.cnelbalis.com\/ca\/presentem-la-nostra-programacio-dactivitats-per-aquest-nada\/","title":{"rendered":"PRESENTEM LA NOSTRA PROGRAMACI\u00d3 D\u2019ACTIVITATS PER AQUEST NADAL"},"content":{"rendered":"<p><img loading=\"lazy\" decoding=\"async\" class=\"aligncenter wp-image-56570\" src=\"https:\/\/www.cnelbalis.com\/wp-content\/uploads\/2025\/11\/ElBalis-PosterA3-Nadal2025-F7-Activitats-1-scaled.jpg\" alt=\"Agenda Nadal 2025 - CN El Bal\u00eds\" width=\"1024\" height=\"1448\" srcset=\"https:\/\/www.cnelbalis.com\/wp-content\/uploads\/2025\/11\/ElBalis-PosterA3-Nadal2025-F7-Activitats-1-scaled.jpg 1810w, https:\/\/www.cnelbalis.com\/wp-content\/uploads\/2025\/11\/ElBalis-PosterA3-Nadal2025-F7-Activitats-1-212x300.jpg 212w, https:\/\/www.cnelbalis.com\/wp-content\/uploads\/2025\/11\/ElBalis-PosterA3-Nadal2025-F7-Activitats-1-724x1024.jpg 724w, https:\/\/www.cnelbalis.com\/wp-content\/uploads\/2025\/11\/ElBalis-PosterA3-Nadal2025-F7-Activitats-1-768x1086.jpg 768w, https:\/\/www.cnelbalis.com\/wp-content\/uploads\/2025\/11\/ElBalis-PosterA3-Nadal2025-F7-Activitats-1-1086x1536.jpg 1086w, https:\/\/www.cnelbalis.com\/wp-content\/uploads\/2025\/11\/ElBalis-PosterA3-Nadal2025-F7-Activitats-1-1448x2048.jpg 1448w\" sizes=\"auto, (max-width: 1024px) 100vw, 1024px\" \/><\/p>\n<p>Us presentem el calendari d\u2019activitats d&#8217;aquest Nadal 2025, una proposta pensada per gaudir del port i compartir tradicions amb socis, fam\u00edlies i ve\u00efns. Des de finals de novembre i fins al 20 de desembre, el Club oferir\u00e0 actes oberts a tothom que combinen m\u00fasica, esport, solidaritat i activitats infantils.<\/p>\n<ul>\n<li><strong>Encesa de Llums de Nadal \u2013 29 de novembre<\/strong><br \/>\nLa celebraci\u00f3 comen\u00e7ar\u00e0 el dissabte 29 de novembre a l\u2019entrada principal del Club. La tarda s\u2019iniciar\u00e0 a les 17.45 h amb m\u00fasica d\u2019ambient i continuar\u00e0 a les 18.00 h amb el parlament de benvinguda. L\u2019encesa oficial de llums tindr\u00e0 lloc a les 18.05 h, seguida d\u2019una cantada de nadales a c\u00e0rrec de l\u2019Escola Municipal de M\u00fasica de Llavaneres.<br \/>\nDurant la jornada es servir\u00e0 xocolata desfeta amb xurros.<\/li>\n<li><strong>Recapte d\u2019aliments \u2013 de l\u20191 al 20 de desembre<\/strong><br \/>\nDe l\u20191 al 20 de desembre, les oficines del Club recolliran aliments en horari d\u2019atenci\u00f3 al client. Tot el material recollit es destinar\u00e0 a C\u00e0ritas.<\/li>\n<li><strong>La Marat\u00f3 de TV3 \u2013 14 de desembre<\/strong><br \/>\nEl diumenge 14 de desembre, l\u2019Esplanada de Vela acollir\u00e0 diverses activitats solid\u00e0ries en suport a La Marat\u00f3 de TV3. A les 10.00 h s\u2019iniciar\u00e0 el tradicional Ti\u00f3 de Nadal, seguit a les 11.00 h per la Regata Open de Vela Lleugera i un tastet de rem. A les 11.55 h tindr\u00e0 lloc la regata social de creuers.<\/li>\n<li><strong>Taller de Nadal infantil \u2013 20 de desembre<\/strong><br \/>\nEl dissabte 20 de desembre, a la 2a planta de l\u2019Edifici Social, el Club organitzar\u00e0 un taller infantil de 10.30 h a 13.00 h. L\u2019activitat requereix inscripci\u00f3 pr\u00e8via a trav\u00e9s del correu <strong>info@cnelbalis.com<\/strong>.<\/li>\n<\/ul>\n<p>Amb aquesta programaci\u00f3, ens reafirmem en la nostra voluntat d\u2019obrir el port a la comunitat i d\u2019oferir espais de conviv\u00e8ncia, solidaritat i tradici\u00f3. Us convidem a participar en les diferents activitats i a compartir l\u2019esperit de Nadal a les instal\u00b7lacions del port.<\/p>\n","protected":false},"excerpt":{"rendered":"<p>Us presentem el calendari d\u2019activitats d&#8217;aquest Nadal 2025, una proposta pensada per gaudir del port i compartir tradicions amb socis, fam\u00edlies i ve\u00efns. Des de finals de novembre i fins al 20 de desembre, el Club oferir\u00e0 actes oberts a tothom que combinen m\u00fasica, esport, solidaritat i activitats infantils. Encesa de Llums de Nadal \u2013 [&hellip;]<\/p>\n","protected":false},"author":6,"featured_media":56564,"comment_status":"closed","ping_status":"closed","sticky":false,"template":"","format":"standard","meta":{"footnotes":""},"categories":[2653,784,8,787],"tags":[],"class_list":["post-56545","post","type-post","status-publish","format-standard","has-post-thumbnail","hentry","category-activitats","category-altres","category-noticies","category-social-ca"],"acf":[],"_links":{"self":[{"href":"https:\/\/www.cnelbalis.com\/ca\/wp-json\/wp\/v2\/posts\/56545","targetHints":{"allow":["GET"]}}],"collection":[{"href":"https:\/\/www.cnelbalis.com\/ca\/wp-json\/wp\/v2\/posts"}],"about":[{"href":"https:\/\/www.cnelbalis.com\/ca\/wp-json\/wp\/v2\/types\/post"}],"author":[{"embeddable":true,"href":"https:\/\/www.cnelbalis.com\/ca\/wp-json\/wp\/v2\/users\/6"}],"replies":[{"embeddable":true,"href":"https:\/\/www.cnelbalis.com\/ca\/wp-json\/wp\/v2\/comments?post=56545"}],"version-history":[{"count":4,"href":"https:\/\/www.cnelbalis.com\/ca\/wp-json\/wp\/v2\/posts\/56545\/revisions"}],"predecessor-version":[{"id":56578,"href":"https:\/\/www.cnelbalis.com\/ca\/wp-json\/wp\/v2\/posts\/56545\/revisions\/56578"}],"wp:featuredmedia":[{"embeddable":true,"href":"https:\/\/www.cnelbalis.com\/ca\/wp-json\/wp\/v2\/media\/56564"}],"wp:attachment":[{"href":"https:\/\/www.cnelbalis.com\/ca\/wp-json\/wp\/v2\/media?parent=56545"}],"wp:term":[{"taxonomy":"category","embeddable":true,"href":"https:\/\/www.cnelbalis.com\/ca\/wp-json\/wp\/v2\/categories?post=56545"},{"taxonomy":"post_tag","embeddable":true,"href":"https:\/\/www.cnelbalis.com\/ca\/wp-json\/wp\/v2\/tags?post=56545"}],"curies":[{"name":"wp","href":"https:\/\/api.w.org\/{rel}","templated":true}]}}