{"id":56537,"date":"2025-11-19T10:25:03","date_gmt":"2025-11-19T09:25:03","guid":{"rendered":"https:\/\/www.cnelbalis.com\/?p=56537"},"modified":"2025-11-19T10:25:03","modified_gmt":"2025-11-19T09:25:03","slug":"trofeu-cornudella-classe-finn-2025-29-i-30-de-novembre","status":"publish","type":"post","link":"https:\/\/www.cnelbalis.com\/ca\/trofeu-cornudella-classe-finn-2025-29-i-30-de-novembre\/","title":{"rendered":"TROFEU CORNUDELLA CLASSE FINN 2025 &#8211; 29 I 30 DE NOVEMBRE"},"content":{"rendered":"<p><img loading=\"lazy\" decoding=\"async\" class=\"aligncenter wp-image-56539\" src=\"https:\/\/www.cnelbalis.com\/wp-content\/uploads\/2025\/11\/T-CORNUDELLA-FINN-v3-scaled.jpg\" alt=\"Trofeu Cornudella 2025 FINN - CN El Bal\u00eds\" width=\"1024\" height=\"1447\" \/><\/p>\n<p>El Club N\u00e0utic El Bal\u00eds tornar\u00e0 a ser escenari d\u2019una de les cites destacades del calendari de vela catal\u00e0 amb la celebraci\u00f3 del <strong>Trofeu Cornudella FINN 2025<\/strong>, que tindr\u00e0 lloc el <strong>29 i 30 de novembre<\/strong>. La competici\u00f3 ser\u00e0 <strong>puntuable N2 del Circuit Catal\u00e0<\/strong>, reunint a les instal\u00b7lacions del club alguns dels millors regatistes de la classe FINN.<\/p>\n<p>Segons el programa oficial del trofeu, les activitats s\u2019iniciaran <strong>dissabte 29<\/strong>, amb el per\u00edode d\u2019<strong>inscripcions de 9:30 h a 10:15 h<\/strong> i la <strong>reuni\u00f3 d\u2019entrenadors a les 10:30 h<\/strong>. Les primeres proves estan previstes per a les <strong>12 h<\/strong>. La competici\u00f3 continuar\u00e0 <strong>diumenge 30<\/strong> amb m\u00e9s regates a partir de les <strong>11 h<\/strong>, i es tancar\u00e0 la jornada amb el <strong>lliurament de premis a les 17 h<\/strong>.<\/p>\n<p>El CN El Bal\u00eds convida tots els aficionats i esportistes de la vela a gaudir d\u2019un cap de setmana de competici\u00f3 i excel\u00b7lent ambient n\u00e0utic en una nova edici\u00f3 d\u2019aquest trofeu tan emblem\u00e0tic.<\/p>\n","protected":false},"excerpt":{"rendered":"<p>El Club N\u00e0utic El Bal\u00eds tornar\u00e0 a ser escenari d\u2019una de les cites destacades del calendari de vela catal\u00e0 amb la celebraci\u00f3 del Trofeu Cornudella FINN 2025, que tindr\u00e0 lloc el 29 i 30 de novembre. La competici\u00f3 ser\u00e0 puntuable N2 del Circuit Catal\u00e0, reunint a les instal\u00b7lacions del club alguns dels millors regatistes de [&hellip;]<\/p>\n","protected":false},"author":6,"featured_media":56540,"comment_status":"closed","ping_status":"closed","sticky":false,"template":"","format":"standard","meta":{"footnotes":""},"categories":[2653,782,8,788],"tags":[],"class_list":["post-56537","post","type-post","status-publish","format-standard","has-post-thumbnail","hentry","category-activitats","category-esport","category-noticies","category-vela-ca"],"acf":[],"_links":{"self":[{"href":"https:\/\/www.cnelbalis.com\/ca\/wp-json\/wp\/v2\/posts\/56537","targetHints":{"allow":["GET"]}}],"collection":[{"href":"https:\/\/www.cnelbalis.com\/ca\/wp-json\/wp\/v2\/posts"}],"about":[{"href":"https:\/\/www.cnelbalis.com\/ca\/wp-json\/wp\/v2\/types\/post"}],"author":[{"embeddable":true,"href":"https:\/\/www.cnelbalis.com\/ca\/wp-json\/wp\/v2\/users\/6"}],"replies":[{"embeddable":true,"href":"https:\/\/www.cnelbalis.com\/ca\/wp-json\/wp\/v2\/comments?post=56537"}],"version-history":[{"count":1,"href":"https:\/\/www.cnelbalis.com\/ca\/wp-json\/wp\/v2\/posts\/56537\/revisions"}],"predecessor-version":[{"id":56544,"href":"https:\/\/www.cnelbalis.com\/ca\/wp-json\/wp\/v2\/posts\/56537\/revisions\/56544"}],"wp:featuredmedia":[{"embeddable":true,"href":"https:\/\/www.cnelbalis.com\/ca\/wp-json\/wp\/v2\/media\/56540"}],"wp:attachment":[{"href":"https:\/\/www.cnelbalis.com\/ca\/wp-json\/wp\/v2\/media?parent=56537"}],"wp:term":[{"taxonomy":"category","embeddable":true,"href":"https:\/\/www.cnelbalis.com\/ca\/wp-json\/wp\/v2\/categories?post=56537"},{"taxonomy":"post_tag","embeddable":true,"href":"https:\/\/www.cnelbalis.com\/ca\/wp-json\/wp\/v2\/tags?post=56537"}],"curies":[{"name":"wp","href":"https:\/\/api.w.org\/{rel}","templated":true}]}}