{"id":56513,"date":"2025-11-18T17:14:10","date_gmt":"2025-11-18T16:14:10","guid":{"rendered":"https:\/\/www.cnelbalis.com\/?p=56513"},"modified":"2025-11-18T17:15:37","modified_gmt":"2025-11-18T16:15:37","slug":"segona-regata-de-lliga-de-rem-a-sant-feliu-emocio-fins-al-final","status":"publish","type":"post","link":"https:\/\/www.cnelbalis.com\/ca\/segona-regata-de-lliga-de-rem-a-sant-feliu-emocio-fins-al-final\/","title":{"rendered":"SEGONA REGATA DE LLIGA DE REM A SANT FELIU: EMOCI\u00d3 FINS AL FINAL"},"content":{"rendered":"<p><img loading=\"lazy\" decoding=\"async\" class=\"aligncenter wp-image-56515 size-large\" src=\"https:\/\/www.cnelbalis.com\/wp-content\/uploads\/2025\/11\/WhatsApp-Image-2025-11-17-at-13.53.22-1024x768.jpeg\" alt=\"II Regata de Lliga a Sant Feliu de Gu\u00edxols - Rem CN El Bal\u00eds\" width=\"1024\" height=\"768\" srcset=\"https:\/\/www.cnelbalis.com\/wp-content\/uploads\/2025\/11\/WhatsApp-Image-2025-11-17-at-13.53.22-1024x768.jpeg 1024w, https:\/\/www.cnelbalis.com\/wp-content\/uploads\/2025\/11\/WhatsApp-Image-2025-11-17-at-13.53.22-300x225.jpeg 300w, https:\/\/www.cnelbalis.com\/wp-content\/uploads\/2025\/11\/WhatsApp-Image-2025-11-17-at-13.53.22-768x576.jpeg 768w, https:\/\/www.cnelbalis.com\/wp-content\/uploads\/2025\/11\/WhatsApp-Image-2025-11-17-at-13.53.22-1536x1152.jpeg 1536w, https:\/\/www.cnelbalis.com\/wp-content\/uploads\/2025\/11\/WhatsApp-Image-2025-11-17-at-13.53.22.jpeg 1600w\" sizes=\"auto, (max-width: 1024px) 100vw, 1024px\" \/><\/p>\n<p>El passat diumenge 16 de novembre es va celebrar la segona regata de lliga a <strong>Sant Feliu de Gu\u00edxols<\/strong>, organitzada de manera impecable pel club local. El <strong>CN El Bal\u00eds<\/strong> va participar en la categoria de veterans en una final molt renyida.<\/p>\n<p>L\u2019equip mascul\u00ed va arribar a la <strong>final A<\/strong> i, per nom\u00e9s unes d\u00e8cimes, es va quedar a les portes del podi en quarta posici\u00f3. Per la seva banda, l\u2019equip femen\u00ed va finalitzar en la posici\u00f3 13.<\/p>\n<p>Tots dos equips ja estan centrats en preparar la pr\u00f2xima cita: <strong>30 de novembre<\/strong>, organitzada pel <strong>Club Rem Arenys<\/strong>.<\/p>\n<p><img loading=\"lazy\" decoding=\"async\" class=\"aligncenter wp-image-56519\" src=\"https:\/\/www.cnelbalis.com\/wp-content\/uploads\/2025\/11\/WhatsApp-Image-2025-11-17-at-13.53.23-1.jpeg\" alt=\"II Regata de Lliga a Sant Feliu de Gu\u00edxols - Rem CN El Bal\u00eds\" width=\"1024\" height=\"1365\" srcset=\"https:\/\/www.cnelbalis.com\/wp-content\/uploads\/2025\/11\/WhatsApp-Image-2025-11-17-at-13.53.23-1.jpeg 1200w, https:\/\/www.cnelbalis.com\/wp-content\/uploads\/2025\/11\/WhatsApp-Image-2025-11-17-at-13.53.23-1-225x300.jpeg 225w, https:\/\/www.cnelbalis.com\/wp-content\/uploads\/2025\/11\/WhatsApp-Image-2025-11-17-at-13.53.23-1-768x1024.jpeg 768w, https:\/\/www.cnelbalis.com\/wp-content\/uploads\/2025\/11\/WhatsApp-Image-2025-11-17-at-13.53.23-1-1152x1536.jpeg 1152w, https:\/\/www.cnelbalis.com\/wp-content\/uploads\/2025\/11\/WhatsApp-Image-2025-11-17-at-13.53.23-1-600x800.jpeg 600w\" sizes=\"auto, (max-width: 1024px) 100vw, 1024px\" \/><img loading=\"lazy\" decoding=\"async\" class=\"aligncenter wp-image-56523\" src=\"https:\/\/www.cnelbalis.com\/wp-content\/uploads\/2025\/11\/WhatsApp-Image-2025-11-17-at-13.53.23.jpeg\" alt=\"II Regata de Lliga a Sant Feliu de Gu\u00edxols - Rem CN El Bal\u00eds\" width=\"1024\" height=\"1820\" srcset=\"https:\/\/www.cnelbalis.com\/wp-content\/uploads\/2025\/11\/WhatsApp-Image-2025-11-17-at-13.53.23.jpeg 900w, https:\/\/www.cnelbalis.com\/wp-content\/uploads\/2025\/11\/WhatsApp-Image-2025-11-17-at-13.53.23-169x300.jpeg 169w, https:\/\/www.cnelbalis.com\/wp-content\/uploads\/2025\/11\/WhatsApp-Image-2025-11-17-at-13.53.23-576x1024.jpeg 576w, https:\/\/www.cnelbalis.com\/wp-content\/uploads\/2025\/11\/WhatsApp-Image-2025-11-17-at-13.53.23-768x1365.jpeg 768w, https:\/\/www.cnelbalis.com\/wp-content\/uploads\/2025\/11\/WhatsApp-Image-2025-11-17-at-13.53.23-864x1536.jpeg 864w\" sizes=\"auto, (max-width: 1024px) 100vw, 1024px\" \/><\/p>\n","protected":false},"excerpt":{"rendered":"<p>El passat diumenge 16 de novembre es va celebrar la segona regata de lliga a Sant Feliu de Gu\u00edxols, organitzada de manera impecable pel club local. El CN El Bal\u00eds va participar en la categoria de veterans en una final molt renyida. L\u2019equip mascul\u00ed va arribar a la final A i, per nom\u00e9s unes d\u00e8cimes, [&hellip;]<\/p>\n","protected":false},"author":6,"featured_media":56516,"comment_status":"closed","ping_status":"closed","sticky":false,"template":"","format":"standard","meta":{"footnotes":""},"categories":[2653,782,8,786],"tags":[],"class_list":["post-56513","post","type-post","status-publish","format-standard","has-post-thumbnail","hentry","category-activitats","category-esport","category-noticies","category-rem"],"acf":[],"_links":{"self":[{"href":"https:\/\/www.cnelbalis.com\/ca\/wp-json\/wp\/v2\/posts\/56513","targetHints":{"allow":["GET"]}}],"collection":[{"href":"https:\/\/www.cnelbalis.com\/ca\/wp-json\/wp\/v2\/posts"}],"about":[{"href":"https:\/\/www.cnelbalis.com\/ca\/wp-json\/wp\/v2\/types\/post"}],"author":[{"embeddable":true,"href":"https:\/\/www.cnelbalis.com\/ca\/wp-json\/wp\/v2\/users\/6"}],"replies":[{"embeddable":true,"href":"https:\/\/www.cnelbalis.com\/ca\/wp-json\/wp\/v2\/comments?post=56513"}],"version-history":[{"count":2,"href":"https:\/\/www.cnelbalis.com\/ca\/wp-json\/wp\/v2\/posts\/56513\/revisions"}],"predecessor-version":[{"id":56532,"href":"https:\/\/www.cnelbalis.com\/ca\/wp-json\/wp\/v2\/posts\/56513\/revisions\/56532"}],"wp:featuredmedia":[{"embeddable":true,"href":"https:\/\/www.cnelbalis.com\/ca\/wp-json\/wp\/v2\/media\/56516"}],"wp:attachment":[{"href":"https:\/\/www.cnelbalis.com\/ca\/wp-json\/wp\/v2\/media?parent=56513"}],"wp:term":[{"taxonomy":"category","embeddable":true,"href":"https:\/\/www.cnelbalis.com\/ca\/wp-json\/wp\/v2\/categories?post=56513"},{"taxonomy":"post_tag","embeddable":true,"href":"https:\/\/www.cnelbalis.com\/ca\/wp-json\/wp\/v2\/tags?post=56513"}],"curies":[{"name":"wp","href":"https:\/\/api.w.org\/{rel}","templated":true}]}}