{"id":56486,"date":"2025-11-18T17:05:19","date_gmt":"2025-11-18T16:05:19","guid":{"rendered":"https:\/\/www.cnelbalis.com\/?p=56486"},"modified":"2025-11-18T17:06:04","modified_gmt":"2025-11-18T16:06:04","slug":"competicio-i-passio-durant-el-cap-de-setmana-passat-al-trofeu-cornudella","status":"publish","type":"post","link":"https:\/\/www.cnelbalis.com\/ca\/competicio-i-passio-durant-el-cap-de-setmana-passat-al-trofeu-cornudella\/","title":{"rendered":"COMPETICI\u00d3 I PASSI\u00d3 DURANT EL CAP DE SETMANA PASSAT AL TROFEU CORNUDELLA D&#8217;OPTIMIST"},"content":{"rendered":"<p><img loading=\"lazy\" decoding=\"async\" class=\"aligncenter wp-image-56490 size-large\" src=\"https:\/\/www.cnelbalis.com\/wp-content\/uploads\/2025\/11\/54928034369_6990c51258_o-1024x683.jpg\" alt=\"Trofeu Cornudella OPTIMIST CN El Bal\u00eds\" width=\"1024\" height=\"683\" srcset=\"https:\/\/www.cnelbalis.com\/wp-content\/uploads\/2025\/11\/54928034369_6990c51258_o-1024x683.jpg 1024w, https:\/\/www.cnelbalis.com\/wp-content\/uploads\/2025\/11\/54928034369_6990c51258_o-300x200.jpg 300w, https:\/\/www.cnelbalis.com\/wp-content\/uploads\/2025\/11\/54928034369_6990c51258_o-768x512.jpg 768w, https:\/\/www.cnelbalis.com\/wp-content\/uploads\/2025\/11\/54928034369_6990c51258_o.jpg 1500w\" sizes=\"auto, (max-width: 1024px) 100vw, 1024px\" \/><\/p>\n<p>El passat cap de setmana es va dur a terme el <strong>Trofeu Cornudella d\u2019Optimist<\/strong> al CN El Bal\u00eds. Les regates es van disputar en condicions exigents per\u00f2 favorables, que van permetre completar les sis proves previstes del grup or i cinc proves del grup plata.<\/p>\n<p>A continuaci\u00f3 es detallen els guardonats de cada categoria:<\/p>\n<p><strong>GRUP OR<\/strong><\/p>\n<p><strong>Categoria U11 Femen\u00ed<\/strong><br \/>\n1a posici\u00f3: Aina \u00c0lvarez \u2013 CN Vilassar de Mar<br \/>\n2a posici\u00f3: Sofia Abara \u2013 CN El Bal\u00eds<br \/>\n3a posici\u00f3: Isabella Tierno \u2013 CN El Bal\u00eds<\/p>\n<p><strong>Categoria U11 Mascul\u00ed<\/strong><br \/>\n1a posici\u00f3: Dami\u00e0 Galcer\u00e0 \u2013 RCNB<br \/>\n2a posici\u00f3: Loris Mateu \u2013 Club N\u00e0utic L\u2019Escala<br \/>\n3a posici\u00f3: Lucas Sotomayor \u2013 CN Vilassar de Mar<\/p>\n<p><strong>Categoria U13 Femen\u00ed<\/strong><br \/>\n1a posici\u00f3: Al\u00e8xia Sotomayor \u2013 CN Vilassar de Mar<br \/>\n2a posici\u00f3: Carlota Puig \u2013 CN El Bal\u00eds<br \/>\n3a posici\u00f3: Jana de S\u00f2ria Santa Cruz \u2013 CN Garraf<\/p>\n<p><strong>Categoria U13 Mascul\u00ed<\/strong><br \/>\n1a posici\u00f3: Dami\u00e0 Galcer\u00e0 \u2013 RCNB<br \/>\n2a posici\u00f3: Nico Sandri \u2013 CN El Bal\u00eds<br \/>\n3a posici\u00f3: Mart\u00edn Mejia \u2013 CN Cambrils<\/p>\n<p><strong>Absolut Femen\u00ed<\/strong><br \/>\n1a posici\u00f3: Clara Camps \u2013 CN El Bal\u00eds<br \/>\n2a posici\u00f3: Mia Mateu \u2013 CN L\u2019Escala<br \/>\n3a posici\u00f3: Al\u00e8xia Sotomayor \u2013 CN Vilassar de Mar<\/p>\n<p><strong>Absolut Mascul\u00ed<\/strong><br \/>\n1a posici\u00f3: Leo Alonso \u2013 CN El Bal\u00eds<br \/>\n2a posici\u00f3: Lucas Garrido \u2013 CN Arenys de Mar<br \/>\n3a posici\u00f3: Santi Bes \u2013 CN Cambrils<\/p>\n<p><strong>GRUP PLATA<\/strong><\/p>\n<p><strong>Categoria U9 Femen\u00ed<\/strong><br \/>\n1a posici\u00f3: Abril Mart\u00ednez \u2013 CN El Bal\u00eds<br \/>\n2a posici\u00f3: Cl\u00e0udia Maristany \u2013 CN El Bal\u00eds<\/p>\n<p><strong>Categoria U9 Mascul\u00ed<\/strong><br \/>\n1a posici\u00f3: Oliver Sotomayor \u2013 CN Vilassar de Mar<br \/>\n2a posici\u00f3: Pau Llobet \u2013 CN El Bal\u00eds<\/p>\n<p><strong>Categoria U11 Femen\u00ed<\/strong><br \/>\n1a posici\u00f3: Chloe D\u00e9nia \u2013 CN El Masnou<br \/>\n2a posici\u00f3: Maria Farelo \u2013 CN El Bal\u00eds<br \/>\n3a posici\u00f3: Morgana Tones \u2013 GEN Roses<\/p>\n<p><strong>Categoria U11 Mascul\u00ed<\/strong><br \/>\n1a posici\u00f3: F\u00e8lix Maristany \u2013 CN El Bal\u00eds<br \/>\n2a posici\u00f3: Jan Moncas\u00ed \u2013 CN Garraf<br \/>\n3a posici\u00f3: Hugo Alonso \u2013 CN El Bal\u00eds<\/p>\n<p><strong>Categoria U13 Femen\u00ed<\/strong><br \/>\n1a posici\u00f3: Gabriela Lugo \u2013 CN Costa Brava \/ Club Vela Palam\u00f3s<br \/>\n2a posici\u00f3: Chloe D\u00e9nia \u2013 CN El Masnou<br \/>\n3a posici\u00f3: Valentina de Andres \u2013 CN Vilanova<\/p>\n<p><strong>Categoria U13 Mascul\u00ed<\/strong><br \/>\n1a posici\u00f3: F\u00e8lix Maristany \u2013 CN El Bal\u00eds<br \/>\n2a posici\u00f3: Jan Moncas\u00ed \u2013 CN Garraf<br \/>\n3a posici\u00f3: Hugo Alonso \u2013 CN El Bal\u00eds<\/p>\n<p><strong>Absolut Femen\u00ed<\/strong><br \/>\n1a posici\u00f3: Gabriela Lugo \u2013 CN Costa Brava \/ Club Vela Palam\u00f3s<br \/>\n2a posici\u00f3: Chloe D\u00e9nia \u2013 CN El Masnou<br \/>\n3a posici\u00f3: Valentina de Andres \u2013 CN Vilanova<\/p>\n<p><strong>Absolut Mascul\u00ed<\/strong><br \/>\n1a posici\u00f3: Amadeu Maristany \u2013 CN El Bal\u00eds<br \/>\n2a posici\u00f3: F\u00e8lix Maristany \u2013 CN El Bal\u00eds<br \/>\n3a posici\u00f3: Jan Moncas\u00ed \u2013 CN Garraf<\/p>\n<p>Volem expressar el nostre agra\u00efment a la <strong>Federaci\u00f3 Catalana de Vela<\/strong> i a la <strong>classe ACCI\u00d3<\/strong>\u00a0per la seva col\u00b7laboraci\u00f3 en el campionat, aix\u00ed com a <strong>Alfredo Llobet i Laura Carrau<\/strong> per les fotografies realitzades.<\/p>\n<p data-start=\"1874\" data-end=\"2068\" data-is-last-node=\"\" data-is-only-node=\"\"><img loading=\"lazy\" decoding=\"async\" class=\"aligncenter wp-image-56498 size-large\" src=\"https:\/\/www.cnelbalis.com\/wp-content\/uploads\/2025\/11\/54927367716_b667fb200d_o-1024x684.jpg\" alt=\"Trofeu Cornudella OPTIMIST CN El Bal\u00eds\" width=\"1024\" height=\"684\" srcset=\"https:\/\/www.cnelbalis.com\/wp-content\/uploads\/2025\/11\/54927367716_b667fb200d_o-1024x684.jpg 1024w, https:\/\/www.cnelbalis.com\/wp-content\/uploads\/2025\/11\/54927367716_b667fb200d_o-300x200.jpg 300w, https:\/\/www.cnelbalis.com\/wp-content\/uploads\/2025\/11\/54927367716_b667fb200d_o-768x513.jpg 768w, https:\/\/www.cnelbalis.com\/wp-content\/uploads\/2025\/11\/54927367716_b667fb200d_o.jpg 1224w\" sizes=\"auto, (max-width: 1024px) 100vw, 1024px\" \/><img loading=\"lazy\" decoding=\"async\" class=\"aligncenter wp-image-56502 size-large\" src=\"https:\/\/www.cnelbalis.com\/wp-content\/uploads\/2025\/11\/54927723560_7818ec4308_o-1024x683.jpg\" alt=\"Trofeu Cornudella OPTIMIST CN El Bal\u00eds\" width=\"1024\" height=\"683\" srcset=\"https:\/\/www.cnelbalis.com\/wp-content\/uploads\/2025\/11\/54927723560_7818ec4308_o-1024x683.jpg 1024w, https:\/\/www.cnelbalis.com\/wp-content\/uploads\/2025\/11\/54927723560_7818ec4308_o-300x200.jpg 300w, https:\/\/www.cnelbalis.com\/wp-content\/uploads\/2025\/11\/54927723560_7818ec4308_o-768x512.jpg 768w, https:\/\/www.cnelbalis.com\/wp-content\/uploads\/2025\/11\/54927723560_7818ec4308_o.jpg 1500w\" sizes=\"auto, (max-width: 1024px) 100vw, 1024px\" \/><\/p>\n","protected":false},"excerpt":{"rendered":"<p>El passat cap de setmana es va dur a terme el Trofeu Cornudella d\u2019Optimist al CN El Bal\u00eds. Les regates es van disputar en condicions exigents per\u00f2 favorables, que van permetre completar les sis proves previstes del grup or i cinc proves del grup plata. A continuaci\u00f3 es detallen els guardonats de cada categoria: GRUP [&hellip;]<\/p>\n","protected":false},"author":6,"featured_media":56494,"comment_status":"closed","ping_status":"closed","sticky":false,"template":"","format":"standard","meta":{"footnotes":""},"categories":[2653,782,8,788],"tags":[],"class_list":["post-56486","post","type-post","status-publish","format-standard","has-post-thumbnail","hentry","category-activitats","category-esport","category-noticies","category-vela-ca"],"acf":[],"_links":{"self":[{"href":"https:\/\/www.cnelbalis.com\/ca\/wp-json\/wp\/v2\/posts\/56486","targetHints":{"allow":["GET"]}}],"collection":[{"href":"https:\/\/www.cnelbalis.com\/ca\/wp-json\/wp\/v2\/posts"}],"about":[{"href":"https:\/\/www.cnelbalis.com\/ca\/wp-json\/wp\/v2\/types\/post"}],"author":[{"embeddable":true,"href":"https:\/\/www.cnelbalis.com\/ca\/wp-json\/wp\/v2\/users\/6"}],"replies":[{"embeddable":true,"href":"https:\/\/www.cnelbalis.com\/ca\/wp-json\/wp\/v2\/comments?post=56486"}],"version-history":[{"count":3,"href":"https:\/\/www.cnelbalis.com\/ca\/wp-json\/wp\/v2\/posts\/56486\/revisions"}],"predecessor-version":[{"id":56512,"href":"https:\/\/www.cnelbalis.com\/ca\/wp-json\/wp\/v2\/posts\/56486\/revisions\/56512"}],"wp:featuredmedia":[{"embeddable":true,"href":"https:\/\/www.cnelbalis.com\/ca\/wp-json\/wp\/v2\/media\/56494"}],"wp:attachment":[{"href":"https:\/\/www.cnelbalis.com\/ca\/wp-json\/wp\/v2\/media?parent=56486"}],"wp:term":[{"taxonomy":"category","embeddable":true,"href":"https:\/\/www.cnelbalis.com\/ca\/wp-json\/wp\/v2\/categories?post=56486"},{"taxonomy":"post_tag","embeddable":true,"href":"https:\/\/www.cnelbalis.com\/ca\/wp-json\/wp\/v2\/tags?post=56486"}],"curies":[{"name":"wp","href":"https:\/\/api.w.org\/{rel}","templated":true}]}}