{"id":56469,"date":"2025-11-14T16:48:01","date_gmt":"2025-11-14T15:48:01","guid":{"rendered":"https:\/\/www.cnelbalis.com\/?p=56469"},"modified":"2025-11-14T16:50:27","modified_gmt":"2025-11-14T15:50:27","slug":"la-directora-general-teresa-sala-assisteix-al-primer-congres-de-marinas-despanya","status":"publish","type":"post","link":"https:\/\/www.cnelbalis.com\/ca\/la-directora-general-teresa-sala-assisteix-al-primer-congres-de-marinas-despanya\/","title":{"rendered":"LA NOSTRA DIRECTORA GENERAL ASSISTEIX AL PRIMER CONGR\u00c9S DE MARINAS D\u2019ESPANYA"},"content":{"rendered":"<p><img loading=\"lazy\" decoding=\"async\" class=\"aligncenter wp-image-56470 size-large\" src=\"https:\/\/www.cnelbalis.com\/wp-content\/uploads\/2025\/11\/FOTO-I-CONGRESO-MARINAS-ESPANA-001-1024x768.jpeg\" alt=\"I Congreso Marinas de Espa\u00f1a - CN El Bal\u00eds\" width=\"1024\" height=\"768\" srcset=\"https:\/\/www.cnelbalis.com\/wp-content\/uploads\/2025\/11\/FOTO-I-CONGRESO-MARINAS-ESPANA-001-1024x768.jpeg 1024w, https:\/\/www.cnelbalis.com\/wp-content\/uploads\/2025\/11\/FOTO-I-CONGRESO-MARINAS-ESPANA-001-300x225.jpeg 300w, https:\/\/www.cnelbalis.com\/wp-content\/uploads\/2025\/11\/FOTO-I-CONGRESO-MARINAS-ESPANA-001-768x576.jpeg 768w, https:\/\/www.cnelbalis.com\/wp-content\/uploads\/2025\/11\/FOTO-I-CONGRESO-MARINAS-ESPANA-001-1536x1152.jpeg 1536w, https:\/\/www.cnelbalis.com\/wp-content\/uploads\/2025\/11\/FOTO-I-CONGRESO-MARINAS-ESPANA-001.jpeg 1600w\" sizes=\"auto, (max-width: 1024px) 100vw, 1024px\" \/><\/p>\n<p>La nostra Directora General, Teresa Sala, ha assistit al <strong>Primer Congr\u00e9s de Marinas d\u2019Espanya<\/strong>, que s&#8217;ha dut a terme del 12 al 14 de novembre, una trobada estatal de refer\u00e8ncia per al sector portuari i n\u00e0utic. A l\u2019esdeveniment tamb\u00e9 hi ha participat Esther Roca, Directora de Ports de la Generalitat, com a representant institucional destacada.<\/p>\n<p>La jornada ha reunit professionals i responsables d\u2019administracions i ports d\u2019arreu de l\u2019Estat per analitzar els principals reptes i oportunitats del sector, amb especial \u00e8mfasi en <strong>la innovaci\u00f3, la sostenibilitat i la gesti\u00f3 dels ports esportius<\/strong>.<\/p>\n<p>La participaci\u00f3 de Teresa Sala posa en relleu el comprom\u00eds del CN El Bal\u00eds amb l\u2019impuls del sector n\u00e0utic i el refor\u00e7 de les relacions institucionals, amb la voluntat d\u2019avan\u00e7ar conjuntament cap a <strong>un model portuari m\u00e9s eficient, modern i sostenible<\/strong>.<\/p>\n","protected":false},"excerpt":{"rendered":"<p>La nostra Directora General, Teresa Sala, ha assistit al Primer Congr\u00e9s de Marinas d\u2019Espanya, que s&#8217;ha dut a terme del 12 al 14 de novembre, una trobada estatal de refer\u00e8ncia per al sector portuari i n\u00e0utic. A l\u2019esdeveniment tamb\u00e9 hi ha participat Esther Roca, Directora de Ports de la Generalitat, com a representant institucional destacada. [&hellip;]<\/p>\n","protected":false},"author":6,"featured_media":56470,"comment_status":"closed","ping_status":"closed","sticky":false,"template":"","format":"standard","meta":{"footnotes":""},"categories":[2653,784,8],"tags":[],"class_list":["post-56469","post","type-post","status-publish","format-standard","has-post-thumbnail","hentry","category-activitats","category-altres","category-noticies"],"acf":[],"_links":{"self":[{"href":"https:\/\/www.cnelbalis.com\/ca\/wp-json\/wp\/v2\/posts\/56469","targetHints":{"allow":["GET"]}}],"collection":[{"href":"https:\/\/www.cnelbalis.com\/ca\/wp-json\/wp\/v2\/posts"}],"about":[{"href":"https:\/\/www.cnelbalis.com\/ca\/wp-json\/wp\/v2\/types\/post"}],"author":[{"embeddable":true,"href":"https:\/\/www.cnelbalis.com\/ca\/wp-json\/wp\/v2\/users\/6"}],"replies":[{"embeddable":true,"href":"https:\/\/www.cnelbalis.com\/ca\/wp-json\/wp\/v2\/comments?post=56469"}],"version-history":[{"count":3,"href":"https:\/\/www.cnelbalis.com\/ca\/wp-json\/wp\/v2\/posts\/56469\/revisions"}],"predecessor-version":[{"id":56478,"href":"https:\/\/www.cnelbalis.com\/ca\/wp-json\/wp\/v2\/posts\/56469\/revisions\/56478"}],"wp:featuredmedia":[{"embeddable":true,"href":"https:\/\/www.cnelbalis.com\/ca\/wp-json\/wp\/v2\/media\/56470"}],"wp:attachment":[{"href":"https:\/\/www.cnelbalis.com\/ca\/wp-json\/wp\/v2\/media?parent=56469"}],"wp:term":[{"taxonomy":"category","embeddable":true,"href":"https:\/\/www.cnelbalis.com\/ca\/wp-json\/wp\/v2\/categories?post=56469"},{"taxonomy":"post_tag","embeddable":true,"href":"https:\/\/www.cnelbalis.com\/ca\/wp-json\/wp\/v2\/tags?post=56469"}],"curies":[{"name":"wp","href":"https:\/\/api.w.org\/{rel}","templated":true}]}}