{"id":56444,"date":"2025-11-11T16:29:40","date_gmt":"2025-11-11T15:29:40","guid":{"rendered":"https:\/\/www.cnelbalis.com\/?p=56444"},"modified":"2025-11-11T16:27:49","modified_gmt":"2025-11-11T15:27:49","slug":"grans-resultats-al-trofeu-andorra-organitzat-pel-cn-arenys-de-mar","status":"publish","type":"post","link":"https:\/\/www.cnelbalis.com\/ca\/grans-resultats-al-trofeu-andorra-organitzat-pel-cn-arenys-de-mar\/","title":{"rendered":"GRANS RESULTATS AL TROFEU ANDORRA ORGANITZAT PEL CN ARENYS DE MAR"},"content":{"rendered":"<p><img loading=\"lazy\" decoding=\"async\" class=\"aligncenter wp-image-56445 size-large\" src=\"https:\/\/www.cnelbalis.com\/wp-content\/uploads\/2025\/11\/GP-ANDORRA-2025-012-1024x768.jpg\" alt=\"GP Andorra 2025 CN El Bal\u00eds\" width=\"1024\" height=\"768\" srcset=\"https:\/\/www.cnelbalis.com\/wp-content\/uploads\/2025\/11\/GP-ANDORRA-2025-012-1024x768.jpg 1024w, https:\/\/www.cnelbalis.com\/wp-content\/uploads\/2025\/11\/GP-ANDORRA-2025-012-300x225.jpg 300w, https:\/\/www.cnelbalis.com\/wp-content\/uploads\/2025\/11\/GP-ANDORRA-2025-012-768x576.jpg 768w, https:\/\/www.cnelbalis.com\/wp-content\/uploads\/2025\/11\/GP-ANDORRA-2025-012-1536x1152.jpg 1536w, https:\/\/www.cnelbalis.com\/wp-content\/uploads\/2025\/11\/GP-ANDORRA-2025-012.jpg 1600w\" sizes=\"auto, (max-width: 1024px) 100vw, 1024px\" \/><\/p>\n<p>Aquest cap de setmana, les classes <strong>Optimist, ILCA i 420<\/strong> del <strong>CN El Bal\u00eds<\/strong> han participat al <strong>Trofeu Andorra<\/strong>, organitzat pel <strong>Club N\u00e0utic Arenys de Mar<\/strong>.<\/p>\n<p>Les condicions meteorol\u00f2giques han suposat una aut\u00e8ntica prova de foc per als nostres regatistes, amb poc vent i constants canvis de direcci\u00f3 i intensitat. Tot i les dificultats, els esportistes del Bal\u00eds han demostrat un gran nivell t\u00e8cnic i esperit de superaci\u00f3.<\/p>\n<p>Aquesta competici\u00f3 ha servit com a excel\u00b7lent preparaci\u00f3 per a la <strong>Regata N2 d\u2019Optimist<\/strong>, que el nostre club acollir\u00e0 el proper cap de setmana.<\/p>\n<p>El <strong>CN El Bal\u00eds<\/strong> torna a casa amb nombrosos premis i la satisfacci\u00f3 de veure recompensats l\u2019esfor\u00e7 i la dedicaci\u00f3 dels seus esportistes.<\/p>\n<p><strong>Enhorabona a tots pels magn\u00edfics resultats!<\/strong><strong>\u00a0<\/strong><\/p>\n<p>&nbsp;<\/p>\n<p><strong>Resultats destacats:<\/strong><\/p>\n<p><strong>OPTIMIST<\/strong><\/p>\n<ul>\n<li>Sots 9 Femen\u00ed: 1a Abril, 2a Cl\u00e0udia<\/li>\n<li>Sots 9 Mascul\u00ed: 3r Pau Llobet<\/li>\n<li>Sots 11 Femen\u00ed: 1a Sofia, 3a Maria Farelo<\/li>\n<li>Sots 11 Mascul\u00ed: 2n Lorenzo, 3r Hugo A.<\/li>\n<li>Sots 13 Mascul\u00ed: 1r Pol Falg\u00e0s<\/li>\n<li>Sots 16 Femen\u00ed: 3a Clara Camps<\/li>\n<\/ul>\n<p><strong>420<\/strong><\/p>\n<ul>\n<li>Categoria Mixta: 1r Joan Hadzi \/ Lucia Baurier, 2n Maria Blanco \/ Tristan Marsans<\/li>\n<li>Categoria Femenina: 1a Elena L\u00f3pez \/ Giulia Sandri, 2a Agn\u00e8s Hadzi \/ Daniela Garc\u00eda<\/li>\n<li>Categoria Masculina: 2n Lluc Garc\u00e9s \/ Fede Blanco<\/li>\n<\/ul>\n<p><strong>ILCA<\/strong><\/p>\n<ul>\n<li>3r (M\u00e0ster): Xavi Bolud<\/li>\n<\/ul>\n<p>&nbsp;<\/p>\n<p>Des del <strong>CN El Bal\u00eds<\/strong> felicitem tots els regatistes per la seva const\u00e0ncia i excel\u00b7lents resultats, i agra\u00efm al <strong>Club N\u00e0utic Arenys de Mar<\/strong> l\u2019organitzaci\u00f3 d\u2019aquest magn\u00edfic trofeu.<\/p>\n<p>&nbsp;<\/p>\n","protected":false},"excerpt":{"rendered":"<p>Aquest cap de setmana, les classes Optimist, ILCA i 420 del CN El Bal\u00eds han participat al Trofeu Andorra, organitzat pel Club N\u00e0utic Arenys de Mar. Les condicions meteorol\u00f2giques han suposat una aut\u00e8ntica prova de foc per als nostres regatistes, amb poc vent i constants canvis de direcci\u00f3 i intensitat. Tot i les dificultats, els [&hellip;]<\/p>\n","protected":false},"author":6,"featured_media":56449,"comment_status":"closed","ping_status":"closed","sticky":false,"template":"","format":"standard","meta":{"footnotes":""},"categories":[2653,782,8,788],"tags":[],"class_list":["post-56444","post","type-post","status-publish","format-standard","has-post-thumbnail","hentry","category-activitats","category-esport","category-noticies","category-vela-ca"],"acf":[],"_links":{"self":[{"href":"https:\/\/www.cnelbalis.com\/ca\/wp-json\/wp\/v2\/posts\/56444","targetHints":{"allow":["GET"]}}],"collection":[{"href":"https:\/\/www.cnelbalis.com\/ca\/wp-json\/wp\/v2\/posts"}],"about":[{"href":"https:\/\/www.cnelbalis.com\/ca\/wp-json\/wp\/v2\/types\/post"}],"author":[{"embeddable":true,"href":"https:\/\/www.cnelbalis.com\/ca\/wp-json\/wp\/v2\/users\/6"}],"replies":[{"embeddable":true,"href":"https:\/\/www.cnelbalis.com\/ca\/wp-json\/wp\/v2\/comments?post=56444"}],"version-history":[{"count":1,"href":"https:\/\/www.cnelbalis.com\/ca\/wp-json\/wp\/v2\/posts\/56444\/revisions"}],"predecessor-version":[{"id":56453,"href":"https:\/\/www.cnelbalis.com\/ca\/wp-json\/wp\/v2\/posts\/56444\/revisions\/56453"}],"wp:featuredmedia":[{"embeddable":true,"href":"https:\/\/www.cnelbalis.com\/ca\/wp-json\/wp\/v2\/media\/56449"}],"wp:attachment":[{"href":"https:\/\/www.cnelbalis.com\/ca\/wp-json\/wp\/v2\/media?parent=56444"}],"wp:term":[{"taxonomy":"category","embeddable":true,"href":"https:\/\/www.cnelbalis.com\/ca\/wp-json\/wp\/v2\/categories?post=56444"},{"taxonomy":"post_tag","embeddable":true,"href":"https:\/\/www.cnelbalis.com\/ca\/wp-json\/wp\/v2\/tags?post=56444"}],"curies":[{"name":"wp","href":"https:\/\/api.w.org\/{rel}","templated":true}]}}