{"id":56325,"date":"2025-10-29T11:45:42","date_gmt":"2025-10-29T10:45:42","guid":{"rendered":"https:\/\/www.cnelbalis.com\/?p=56325"},"modified":"2025-10-29T11:48:34","modified_gmt":"2025-10-29T10:48:34","slug":"el-cn-el-balis-destaca-al-campionat-de-catalunya-dergometre","status":"publish","type":"post","link":"https:\/\/www.cnelbalis.com\/ca\/el-cn-el-balis-destaca-al-campionat-de-catalunya-dergometre\/","title":{"rendered":"EL CN EL BAL\u00cdS DESTACA AL CAMPIONAT DE CATALUNYA D\u2019ERG\u00d2METRE"},"content":{"rendered":"<p><img loading=\"lazy\" decoding=\"async\" class=\"aligncenter wp-image-56346 size-large\" src=\"https:\/\/www.cnelbalis.com\/wp-content\/uploads\/2025\/10\/IMG-20251027-WA0003-RET-1024x768.jpg\" alt=\"Campionat de Catalunya d'Erg\u00f2metre - CN El Bal\u00eds\" width=\"1024\" height=\"768\" srcset=\"https:\/\/www.cnelbalis.com\/wp-content\/uploads\/2025\/10\/IMG-20251027-WA0003-RET-1024x768.jpg 1024w, https:\/\/www.cnelbalis.com\/wp-content\/uploads\/2025\/10\/IMG-20251027-WA0003-RET-300x225.jpg 300w, https:\/\/www.cnelbalis.com\/wp-content\/uploads\/2025\/10\/IMG-20251027-WA0003-RET-768x576.jpg 768w, https:\/\/www.cnelbalis.com\/wp-content\/uploads\/2025\/10\/IMG-20251027-WA0003-RET.jpg 1378w\" sizes=\"auto, (max-width: 1024px) 100vw, 1024px\" \/><\/p>\n<p>El passat dissabte es va celebrar el Campionat de Catalunya d\u2019Erg\u00f2metre a Sant Carles de la R\u00e0pita, on el Club N\u00e0utic El Bal\u00eds va comptar amb la participaci\u00f3 dels remers <strong>Enric Nicol\u00e1s<\/strong> i <strong>Daniel S\u00e1nchez<\/strong> en la categoria de veter\u00e0 mascul\u00ed.<\/p>\n<p>Tots dos esportistes van realitzar una gran actuaci\u00f3, demostrant el resultat de la const\u00e0ncia i el treball diari. En destaca especialment el <strong>subcampionat aconseguit per Daniel S\u00e1nchez<\/strong>, que es va proclamar <strong>medalla de plata de Catalunya<\/strong>, un \u00e8xit que omple d\u2019orgull el Club.<\/p>\n<p>Des del CN El Bal\u00eds volem felicitar en Dani i l\u2019Enric per la seva dedicaci\u00f3 i comprom\u00eds, i encoratjar-los a continuar gaudint i competint en futures cites importants.<\/p>\n<p><strong>Enhorabona, equip!<\/strong><\/p>\n<p><img loading=\"lazy\" decoding=\"async\" class=\"aligncenter wp-image-56330\" src=\"https:\/\/www.cnelbalis.com\/wp-content\/uploads\/2025\/10\/IMG-20251027-WA0004.jpg\" alt=\"Campionat de Catalunya d'Erg\u00f2metre - CN El Bal\u00eds\" width=\"1024\" height=\"1365\" srcset=\"https:\/\/www.cnelbalis.com\/wp-content\/uploads\/2025\/10\/IMG-20251027-WA0004.jpg 1536w, https:\/\/www.cnelbalis.com\/wp-content\/uploads\/2025\/10\/IMG-20251027-WA0004-225x300.jpg 225w, https:\/\/www.cnelbalis.com\/wp-content\/uploads\/2025\/10\/IMG-20251027-WA0004-768x1024.jpg 768w, https:\/\/www.cnelbalis.com\/wp-content\/uploads\/2025\/10\/IMG-20251027-WA0004-1152x1536.jpg 1152w, https:\/\/www.cnelbalis.com\/wp-content\/uploads\/2025\/10\/IMG-20251027-WA0004-600x800.jpg 600w\" sizes=\"auto, (max-width: 1024px) 100vw, 1024px\" \/> <img loading=\"lazy\" decoding=\"async\" class=\"aligncenter wp-image-56334\" src=\"https:\/\/www.cnelbalis.com\/wp-content\/uploads\/2025\/10\/IMG-20251027-WA0005.jpg\" alt=\"Campionat de Catalunya d'Erg\u00f2metre - CN El Bal\u00eds\" width=\"1024\" height=\"1365\" srcset=\"https:\/\/www.cnelbalis.com\/wp-content\/uploads\/2025\/10\/IMG-20251027-WA0005.jpg 1536w, https:\/\/www.cnelbalis.com\/wp-content\/uploads\/2025\/10\/IMG-20251027-WA0005-225x300.jpg 225w, https:\/\/www.cnelbalis.com\/wp-content\/uploads\/2025\/10\/IMG-20251027-WA0005-768x1024.jpg 768w, https:\/\/www.cnelbalis.com\/wp-content\/uploads\/2025\/10\/IMG-20251027-WA0005-1152x1536.jpg 1152w, https:\/\/www.cnelbalis.com\/wp-content\/uploads\/2025\/10\/IMG-20251027-WA0005-600x800.jpg 600w\" sizes=\"auto, (max-width: 1024px) 100vw, 1024px\" \/> <img loading=\"lazy\" decoding=\"async\" class=\"aligncenter wp-image-56338\" src=\"https:\/\/www.cnelbalis.com\/wp-content\/uploads\/2025\/10\/IMG-20251027-WA0006.jpg\" alt=\"Campionat de Catalunya d'Erg\u00f2metre - CN El Bal\u00eds\" width=\"1024\" height=\"1365\" srcset=\"https:\/\/www.cnelbalis.com\/wp-content\/uploads\/2025\/10\/IMG-20251027-WA0006.jpg 1536w, https:\/\/www.cnelbalis.com\/wp-content\/uploads\/2025\/10\/IMG-20251027-WA0006-225x300.jpg 225w, https:\/\/www.cnelbalis.com\/wp-content\/uploads\/2025\/10\/IMG-20251027-WA0006-768x1024.jpg 768w, https:\/\/www.cnelbalis.com\/wp-content\/uploads\/2025\/10\/IMG-20251027-WA0006-1152x1536.jpg 1152w, https:\/\/www.cnelbalis.com\/wp-content\/uploads\/2025\/10\/IMG-20251027-WA0006-600x800.jpg 600w\" sizes=\"auto, (max-width: 1024px) 100vw, 1024px\" \/><\/p>\n","protected":false},"excerpt":{"rendered":"<p>El passat dissabte es va celebrar el Campionat de Catalunya d\u2019Erg\u00f2metre a Sant Carles de la R\u00e0pita, on el Club N\u00e0utic El Bal\u00eds va comptar amb la participaci\u00f3 dels remers Enric Nicol\u00e1s i Daniel S\u00e1nchez en la categoria de veter\u00e0 mascul\u00ed. Tots dos esportistes van realitzar una gran actuaci\u00f3, demostrant el resultat de la const\u00e0ncia [&hellip;]<\/p>\n","protected":false},"author":6,"featured_media":56346,"comment_status":"closed","ping_status":"closed","sticky":false,"template":"","format":"standard","meta":{"footnotes":""},"categories":[2653,782,8,786],"tags":[],"class_list":["post-56325","post","type-post","status-publish","format-standard","has-post-thumbnail","hentry","category-activitats","category-esport","category-noticies","category-rem"],"acf":[],"_links":{"self":[{"href":"https:\/\/www.cnelbalis.com\/ca\/wp-json\/wp\/v2\/posts\/56325","targetHints":{"allow":["GET"]}}],"collection":[{"href":"https:\/\/www.cnelbalis.com\/ca\/wp-json\/wp\/v2\/posts"}],"about":[{"href":"https:\/\/www.cnelbalis.com\/ca\/wp-json\/wp\/v2\/types\/post"}],"author":[{"embeddable":true,"href":"https:\/\/www.cnelbalis.com\/ca\/wp-json\/wp\/v2\/users\/6"}],"replies":[{"embeddable":true,"href":"https:\/\/www.cnelbalis.com\/ca\/wp-json\/wp\/v2\/comments?post=56325"}],"version-history":[{"count":2,"href":"https:\/\/www.cnelbalis.com\/ca\/wp-json\/wp\/v2\/posts\/56325\/revisions"}],"predecessor-version":[{"id":56351,"href":"https:\/\/www.cnelbalis.com\/ca\/wp-json\/wp\/v2\/posts\/56325\/revisions\/56351"}],"wp:featuredmedia":[{"embeddable":true,"href":"https:\/\/www.cnelbalis.com\/ca\/wp-json\/wp\/v2\/media\/56346"}],"wp:attachment":[{"href":"https:\/\/www.cnelbalis.com\/ca\/wp-json\/wp\/v2\/media?parent=56325"}],"wp:term":[{"taxonomy":"category","embeddable":true,"href":"https:\/\/www.cnelbalis.com\/ca\/wp-json\/wp\/v2\/categories?post=56325"},{"taxonomy":"post_tag","embeddable":true,"href":"https:\/\/www.cnelbalis.com\/ca\/wp-json\/wp\/v2\/tags?post=56325"}],"curies":[{"name":"wp","href":"https:\/\/api.w.org\/{rel}","templated":true}]}}