{"id":56250,"date":"2025-10-29T12:02:42","date_gmt":"2025-10-29T11:02:42","guid":{"rendered":"https:\/\/www.cnelbalis.com\/?p=56250"},"modified":"2025-10-29T12:05:53","modified_gmt":"2025-10-29T11:05:53","slug":"__trashed-3","status":"publish","type":"post","link":"https:\/\/www.cnelbalis.com\/ca\/__trashed-3\/","title":{"rendered":"TROFEU CORNUDELLA OPTIMIST 2025 &#8211; 15 I 16 DE NOVEMBRE"},"content":{"rendered":"<p><img loading=\"lazy\" decoding=\"async\" class=\"aligncenter wp-image-56353\" src=\"https:\/\/www.cnelbalis.com\/wp-content\/uploads\/2025\/10\/T-CORNUDELLA-OPTIMIST.jpg\" alt=\"Trofeu Cornudella 2025 Optimist - CN El Bal\u00eds\" width=\"1024\" height=\"1409\" srcset=\"https:\/\/www.cnelbalis.com\/wp-content\/uploads\/2025\/10\/T-CORNUDELLA-OPTIMIST.jpg 750w, https:\/\/www.cnelbalis.com\/wp-content\/uploads\/2025\/10\/T-CORNUDELLA-OPTIMIST-218x300.jpg 218w, https:\/\/www.cnelbalis.com\/wp-content\/uploads\/2025\/10\/T-CORNUDELLA-OPTIMIST-744x1024.jpg 744w\" sizes=\"auto, (max-width: 1024px) 100vw, 1024px\" \/><\/p>\n<p>El Club N\u00e0utic El Bal\u00eds acollir\u00e0 els propers <strong>15 i 16 de novembre<\/strong> una nova edici\u00f3 del <strong>Trofeu Cornudella<\/strong> en la classe <strong>Optimist<\/strong>, una cita inclosa com a <strong>regata puntuable N2 del Circuit Catal\u00e0<\/strong> i que reunir\u00e0 joves regatistes d\u2019arreu del territori.<\/p>\n<p>La jornada de dissabte comen\u00e7ar\u00e0 amb les <strong>inscripcions de 9.30 h a 10.15 h<\/strong>, seguides de la <strong>reuni\u00f3 d\u2019entrenadors a les 10.30 h<\/strong> i l\u2019inici de les <strong>regates a les 12.00 h<\/strong>. El diumenge, la competici\u00f3 continuar\u00e0 a partir de les <strong>11.00 h<\/strong>, i el <strong>lliurament de premis<\/strong> tindr\u00e0 lloc a les <strong>17.00 h<\/strong>, posant punt final a un cap de setmana intens de navegaci\u00f3 i esport.<\/p>\n<p><strong>Les inscripcions estan obertes fins al proper 8 de novembre<\/strong>.<\/p>\n<p>Des del CN El Bal\u00eds animem tots els regatistes i clubs participants a gaudir d\u2019un trofeu que ja \u00e9s un referent del calendari catal\u00e0 d\u2019Optimist.<\/p>\n","protected":false},"excerpt":{"rendered":"<p>El Club N\u00e0utic El Bal\u00eds acollir\u00e0 els propers 15 i 16 de novembre una nova edici\u00f3 del Trofeu Cornudella en la classe Optimist, una cita inclosa com a regata puntuable N2 del Circuit Catal\u00e0 i que reunir\u00e0 joves regatistes d\u2019arreu del territori. La jornada de dissabte comen\u00e7ar\u00e0 amb les inscripcions de 9.30 h a 10.15 [&hellip;]<\/p>\n","protected":false},"author":6,"featured_media":56358,"comment_status":"closed","ping_status":"closed","sticky":false,"template":"","format":"standard","meta":{"footnotes":""},"categories":[2653,782,8,788],"tags":[],"class_list":["post-56250","post","type-post","status-publish","format-standard","has-post-thumbnail","hentry","category-activitats","category-esport","category-noticies","category-vela-ca"],"acf":[],"_links":{"self":[{"href":"https:\/\/www.cnelbalis.com\/ca\/wp-json\/wp\/v2\/posts\/56250","targetHints":{"allow":["GET"]}}],"collection":[{"href":"https:\/\/www.cnelbalis.com\/ca\/wp-json\/wp\/v2\/posts"}],"about":[{"href":"https:\/\/www.cnelbalis.com\/ca\/wp-json\/wp\/v2\/types\/post"}],"author":[{"embeddable":true,"href":"https:\/\/www.cnelbalis.com\/ca\/wp-json\/wp\/v2\/users\/6"}],"replies":[{"embeddable":true,"href":"https:\/\/www.cnelbalis.com\/ca\/wp-json\/wp\/v2\/comments?post=56250"}],"version-history":[{"count":3,"href":"https:\/\/www.cnelbalis.com\/ca\/wp-json\/wp\/v2\/posts\/56250\/revisions"}],"predecessor-version":[{"id":56363,"href":"https:\/\/www.cnelbalis.com\/ca\/wp-json\/wp\/v2\/posts\/56250\/revisions\/56363"}],"wp:featuredmedia":[{"embeddable":true,"href":"https:\/\/www.cnelbalis.com\/ca\/wp-json\/wp\/v2\/media\/56358"}],"wp:attachment":[{"href":"https:\/\/www.cnelbalis.com\/ca\/wp-json\/wp\/v2\/media?parent=56250"}],"wp:term":[{"taxonomy":"category","embeddable":true,"href":"https:\/\/www.cnelbalis.com\/ca\/wp-json\/wp\/v2\/categories?post=56250"},{"taxonomy":"post_tag","embeddable":true,"href":"https:\/\/www.cnelbalis.com\/ca\/wp-json\/wp\/v2\/tags?post=56250"}],"curies":[{"name":"wp","href":"https:\/\/api.w.org\/{rel}","templated":true}]}}