{"id":56193,"date":"2025-10-20T16:43:45","date_gmt":"2025-10-20T14:43:45","guid":{"rendered":"https:\/\/www.cnelbalis.com\/?p=56193"},"modified":"2025-10-20T16:44:26","modified_gmt":"2025-10-20T14:44:26","slug":"campionat-de-catalunya-de-motonautica-al-cn-el-balis","status":"publish","type":"post","link":"https:\/\/www.cnelbalis.com\/ca\/campionat-de-catalunya-de-motonautica-al-cn-el-balis\/","title":{"rendered":"CAMPIONAT DE CATALUNYA DE MOTON\u00c0UTICA AL CN EL BAL\u00cdS"},"content":{"rendered":"<p><img loading=\"lazy\" decoding=\"async\" class=\"aligncenter wp-image-56235 size-large\" src=\"https:\/\/www.cnelbalis.com\/wp-content\/uploads\/2025\/10\/IMG-20251020-WA0014-1024x695.jpg\" alt=\"Campionat Catalunya Moton\u00e0utica - CN El Bal\u00eds\" width=\"1024\" height=\"695\" srcset=\"https:\/\/www.cnelbalis.com\/wp-content\/uploads\/2025\/10\/IMG-20251020-WA0014-1024x695.jpg 1024w, https:\/\/www.cnelbalis.com\/wp-content\/uploads\/2025\/10\/IMG-20251020-WA0014-300x204.jpg 300w, https:\/\/www.cnelbalis.com\/wp-content\/uploads\/2025\/10\/IMG-20251020-WA0014-768x521.jpg 768w, https:\/\/www.cnelbalis.com\/wp-content\/uploads\/2025\/10\/IMG-20251020-WA0014-1536x1043.jpg 1536w, https:\/\/www.cnelbalis.com\/wp-content\/uploads\/2025\/10\/IMG-20251020-WA0014.jpg 1600w\" sizes=\"auto, (max-width: 1024px) 100vw, 1024px\" \/><\/p>\n<article dir=\"auto\" data-scroll-anchor=\"true\" data-testid=\"conversation-turn-16\">\n<div>\n<p>Aquest dissabte s\u2019ha disputat, en aig\u00fces del <strong>Club N\u00e0utic El Bal\u00eds<\/strong>, el <strong>Campionat de Catalunya de Moton\u00e0utica<\/strong>, que tamb\u00e9 ha estat <strong>l\u2019\u00faltima prova puntuable del circuit catal\u00e0<\/strong> de la disciplina.<\/p>\n<p>Les <strong>bones condicions meteorol\u00f2giques<\/strong> han perm\u00e8s dur a terme <strong>totes les proves previstes<\/strong> amb \u00e8xit, oferint una jornada plena d\u2019emoci\u00f3 i espectacle tant per als participants com per al p\u00fablic assistent.<\/p>\n<p><strong>Guardonats:<\/strong><\/p>\n<p><strong>Categoria Esqu\u00ed GP1<\/strong><br \/>\n<em>1a posici\u00f3:<\/em> Roger Pujol \u2013 Gen Roses<br \/>\n<em>2a posici\u00f3:<\/em> Manel Segura \u2013 Gen Roses<br \/>\n<em>3a posici\u00f3:<\/em> Miguel \u00c1ngel Gargallo \u2013 Moton\u00e0utic Club Castelldefels<\/p>\n<p><strong>Categoria Esqu\u00ed GP3<\/strong><br \/>\n<em>1a posici\u00f3:<\/em> Narc\u00eds Segura \u2013 Gen Roses<br \/>\n<em>2a posici\u00f3:<\/em> Nil Bonich \u2013 Moton\u00e0utic Club Amposta<br \/>\n<em>3a posici\u00f3:<\/em> Llu\u00eds Montal\u00e0 \u2013 FCM<\/p>\n<p>Des del CN El Bal\u00eds volem <strong>agrair la col\u00b7laboraci\u00f3 de la Federaci\u00f3 Catalana de Moton\u00e0utica<\/strong> en l\u2019organitzaci\u00f3 del campionat, aix\u00ed com la participaci\u00f3 de tots els pilots i equips que han fet possible aquesta gran jornada esportiva.<\/p>\n<p>Tamb\u00e9 expressem el nostre <strong>agra\u00efment a Alfredo Llobet<\/strong> per les <strong>fotografies realitzades<\/strong> durant l\u2019esdeveniment.<\/p>\n<\/div>\n<div>\n<p data-start=\"655\" data-end=\"1024\">\n<\/div>\n<p data-start=\"655\" data-end=\"1024\"><img loading=\"lazy\" decoding=\"async\" class=\"aligncenter wp-image-56207 size-large\" src=\"https:\/\/www.cnelbalis.com\/wp-content\/uploads\/2025\/10\/IMG-20251020-WA0006-1024x575.jpg\" alt=\"Campionat Catalunya Moton\u00e0utica - CN El Bal\u00eds\" width=\"1024\" height=\"575\" srcset=\"https:\/\/www.cnelbalis.com\/wp-content\/uploads\/2025\/10\/IMG-20251020-WA0006-1024x575.jpg 1024w, https:\/\/www.cnelbalis.com\/wp-content\/uploads\/2025\/10\/IMG-20251020-WA0006-300x169.jpg 300w, https:\/\/www.cnelbalis.com\/wp-content\/uploads\/2025\/10\/IMG-20251020-WA0006-768x432.jpg 768w, https:\/\/www.cnelbalis.com\/wp-content\/uploads\/2025\/10\/IMG-20251020-WA0006-1536x863.jpg 1536w, https:\/\/www.cnelbalis.com\/wp-content\/uploads\/2025\/10\/IMG-20251020-WA0006.jpg 1600w\" sizes=\"auto, (max-width: 1024px) 100vw, 1024px\" \/><img loading=\"lazy\" decoding=\"async\" class=\"aligncenter wp-image-56211 size-large\" src=\"https:\/\/www.cnelbalis.com\/wp-content\/uploads\/2025\/10\/IMG-20251020-WA0007-1024x684.jpg\" alt=\"Campionat Catalunya Moton\u00e0utica - CN El Bal\u00eds\" width=\"1024\" height=\"684\" srcset=\"https:\/\/www.cnelbalis.com\/wp-content\/uploads\/2025\/10\/IMG-20251020-WA0007-1024x684.jpg 1024w, https:\/\/www.cnelbalis.com\/wp-content\/uploads\/2025\/10\/IMG-20251020-WA0007-300x200.jpg 300w, https:\/\/www.cnelbalis.com\/wp-content\/uploads\/2025\/10\/IMG-20251020-WA0007-768x513.jpg 768w, https:\/\/www.cnelbalis.com\/wp-content\/uploads\/2025\/10\/IMG-20251020-WA0007-1536x1025.jpg 1536w, https:\/\/www.cnelbalis.com\/wp-content\/uploads\/2025\/10\/IMG-20251020-WA0007-1500x1000.jpg 1500w, https:\/\/www.cnelbalis.com\/wp-content\/uploads\/2025\/10\/IMG-20251020-WA0007.jpg 1600w\" sizes=\"auto, (max-width: 1024px) 100vw, 1024px\" \/><\/p>\n<\/article>\n","protected":false},"excerpt":{"rendered":"<p>Aquest dissabte s\u2019ha disputat, en aig\u00fces del Club N\u00e0utic El Bal\u00eds, el Campionat de Catalunya de Moton\u00e0utica, que tamb\u00e9 ha estat l\u2019\u00faltima prova puntuable del circuit catal\u00e0 de la disciplina. Les bones condicions meteorol\u00f2giques han perm\u00e8s dur a terme totes les proves previstes amb \u00e8xit, oferint una jornada plena d\u2019emoci\u00f3 i espectacle tant per als [&hellip;]<\/p>\n","protected":false},"author":6,"featured_media":56220,"comment_status":"closed","ping_status":"closed","sticky":false,"template":"","format":"standard","meta":{"footnotes":""},"categories":[2653,782,8],"tags":[],"class_list":["post-56193","post","type-post","status-publish","format-standard","has-post-thumbnail","hentry","category-activitats","category-esport","category-noticies"],"acf":[],"_links":{"self":[{"href":"https:\/\/www.cnelbalis.com\/ca\/wp-json\/wp\/v2\/posts\/56193","targetHints":{"allow":["GET"]}}],"collection":[{"href":"https:\/\/www.cnelbalis.com\/ca\/wp-json\/wp\/v2\/posts"}],"about":[{"href":"https:\/\/www.cnelbalis.com\/ca\/wp-json\/wp\/v2\/types\/post"}],"author":[{"embeddable":true,"href":"https:\/\/www.cnelbalis.com\/ca\/wp-json\/wp\/v2\/users\/6"}],"replies":[{"embeddable":true,"href":"https:\/\/www.cnelbalis.com\/ca\/wp-json\/wp\/v2\/comments?post=56193"}],"version-history":[{"count":2,"href":"https:\/\/www.cnelbalis.com\/ca\/wp-json\/wp\/v2\/posts\/56193\/revisions"}],"predecessor-version":[{"id":56245,"href":"https:\/\/www.cnelbalis.com\/ca\/wp-json\/wp\/v2\/posts\/56193\/revisions\/56245"}],"wp:featuredmedia":[{"embeddable":true,"href":"https:\/\/www.cnelbalis.com\/ca\/wp-json\/wp\/v2\/media\/56220"}],"wp:attachment":[{"href":"https:\/\/www.cnelbalis.com\/ca\/wp-json\/wp\/v2\/media?parent=56193"}],"wp:term":[{"taxonomy":"category","embeddable":true,"href":"https:\/\/www.cnelbalis.com\/ca\/wp-json\/wp\/v2\/categories?post=56193"},{"taxonomy":"post_tag","embeddable":true,"href":"https:\/\/www.cnelbalis.com\/ca\/wp-json\/wp\/v2\/tags?post=56193"}],"curies":[{"name":"wp","href":"https:\/\/api.w.org\/{rel}","templated":true}]}}