{"id":56177,"date":"2025-10-20T16:10:45","date_gmt":"2025-10-20T14:10:45","guid":{"rendered":"https:\/\/www.cnelbalis.com\/?p=56177"},"modified":"2025-10-20T16:10:45","modified_gmt":"2025-10-20T14:10:45","slug":"xerrada-de-reglament-2025-2028-amb-el-jutge-internacional-pax-quinonero","status":"publish","type":"post","link":"https:\/\/www.cnelbalis.com\/ca\/xerrada-de-reglament-2025-2028-amb-el-jutge-internacional-pax-quinonero\/","title":{"rendered":"XERRADA DE REGLAMENT 2025-2028 AMB EL JUTGE INTERNACIONAL PAX QUI\u00d1ONERO"},"content":{"rendered":"<p><img loading=\"lazy\" decoding=\"async\" class=\"aligncenter wp-image-56183 size-large\" src=\"https:\/\/www.cnelbalis.com\/wp-content\/uploads\/2025\/10\/IMG-20251013-WA0002-1024x768.jpg\" alt=\"Xerrada Reglament 2025-25 CN El Bal\u00eds\" width=\"1024\" height=\"768\" srcset=\"https:\/\/www.cnelbalis.com\/wp-content\/uploads\/2025\/10\/IMG-20251013-WA0002-1024x768.jpg 1024w, https:\/\/www.cnelbalis.com\/wp-content\/uploads\/2025\/10\/IMG-20251013-WA0002-300x225.jpg 300w, https:\/\/www.cnelbalis.com\/wp-content\/uploads\/2025\/10\/IMG-20251013-WA0002-768x576.jpg 768w, https:\/\/www.cnelbalis.com\/wp-content\/uploads\/2025\/10\/IMG-20251013-WA0002-1536x1152.jpg 1536w, https:\/\/www.cnelbalis.com\/wp-content\/uploads\/2025\/10\/IMG-20251013-WA0002.jpg 2048w\" sizes=\"auto, (max-width: 1024px) 100vw, 1024px\" \/><\/p>\n<article dir=\"auto\" data-scroll-anchor=\"true\" data-testid=\"conversation-turn-16\">\n<div>\n<p>El passat <strong>dissabte 11 d\u2019octubre<\/strong>, el <strong>Club N\u00e0utic El Bal\u00eds<\/strong> va acollir una <strong>xerrada t\u00e8cnica sobre el reglament de vela 2025-2028<\/strong>, a c\u00e0rrec del <strong>jutge internacional Pax Qui\u00f1onero<\/strong>. L\u2019activitat, celebrada a la <strong>Nau Blava \u2013 Aula 4<\/strong>, va tenir lloc de <strong>10 a 12 h<\/strong> i va reunir tant <strong>regatistes de creuer<\/strong> com <strong>m\u00e0sters de les flotes ILCA i Finn<\/strong>.<\/p>\n<p>La sessi\u00f3 va oferir una an\u00e0lisi detallada de les principals actualitzacions del reglament de regates, amb un enfocament molt pr\u00e0ctic i orientat a la competici\u00f3. Els assistents van participar activament, plantejant nombroses preguntes i generant un debat molt enriquidor sobre les noves interpretacions i situacions habituals en regata.<\/p>\n<p>La jornada va tenir <strong>una molt bona acollida<\/strong>, demostrant l\u2019inter\u00e8s creixent per con\u00e8ixer a fons els aspectes normatius que regulen les competicions de vela. Des del <strong>CN El Bal\u00eds<\/strong>, agra\u00efm la col\u00b7laboraci\u00f3 de <strong>Pax Qui\u00f1onero<\/strong> i la participaci\u00f3 de tots els assistents.<\/p>\n<\/div>\n<div>\n<p data-start=\"655\" data-end=\"1024\">\n<\/div>\n<p data-start=\"655\" data-end=\"1024\"><img loading=\"lazy\" decoding=\"async\" class=\"aligncenter wp-image-56179\" src=\"https:\/\/www.cnelbalis.com\/wp-content\/uploads\/2025\/10\/IMG-20251013-WA0001.jpg\" alt=\"Xerrada Reglament 2025-25 CN El Bal\u00eds\" width=\"1024\" height=\"1365\" srcset=\"https:\/\/www.cnelbalis.com\/wp-content\/uploads\/2025\/10\/IMG-20251013-WA0001.jpg 1536w, https:\/\/www.cnelbalis.com\/wp-content\/uploads\/2025\/10\/IMG-20251013-WA0001-225x300.jpg 225w, https:\/\/www.cnelbalis.com\/wp-content\/uploads\/2025\/10\/IMG-20251013-WA0001-768x1024.jpg 768w, https:\/\/www.cnelbalis.com\/wp-content\/uploads\/2025\/10\/IMG-20251013-WA0001-1152x1536.jpg 1152w, https:\/\/www.cnelbalis.com\/wp-content\/uploads\/2025\/10\/IMG-20251013-WA0001-600x800.jpg 600w\" sizes=\"auto, (max-width: 1024px) 100vw, 1024px\" \/><img loading=\"lazy\" decoding=\"async\" class=\"aligncenter wp-image-56187 size-large\" src=\"https:\/\/www.cnelbalis.com\/wp-content\/uploads\/2025\/10\/IMG-20251013-WA0004-1024x768.jpg\" alt=\"Xerrada Reglament 2025-25 CN El Bal\u00eds\" width=\"1024\" height=\"768\" srcset=\"https:\/\/www.cnelbalis.com\/wp-content\/uploads\/2025\/10\/IMG-20251013-WA0004-1024x768.jpg 1024w, https:\/\/www.cnelbalis.com\/wp-content\/uploads\/2025\/10\/IMG-20251013-WA0004-300x225.jpg 300w, https:\/\/www.cnelbalis.com\/wp-content\/uploads\/2025\/10\/IMG-20251013-WA0004-768x576.jpg 768w, https:\/\/www.cnelbalis.com\/wp-content\/uploads\/2025\/10\/IMG-20251013-WA0004-1536x1152.jpg 1536w, https:\/\/www.cnelbalis.com\/wp-content\/uploads\/2025\/10\/IMG-20251013-WA0004.jpg 2048w\" sizes=\"auto, (max-width: 1024px) 100vw, 1024px\" \/><\/p>\n<\/article>\n","protected":false},"excerpt":{"rendered":"<p>El passat dissabte 11 d\u2019octubre, el Club N\u00e0utic El Bal\u00eds va acollir una xerrada t\u00e8cnica sobre el reglament de vela 2025-2028, a c\u00e0rrec del jutge internacional Pax Qui\u00f1onero. L\u2019activitat, celebrada a la Nau Blava \u2013 Aula 4, va tenir lloc de 10 a 12 h i va reunir tant regatistes de creuer com m\u00e0sters de [&hellip;]<\/p>\n","protected":false},"author":6,"featured_media":56184,"comment_status":"closed","ping_status":"closed","sticky":false,"template":"","format":"standard","meta":{"footnotes":""},"categories":[2653,782,8],"tags":[],"class_list":["post-56177","post","type-post","status-publish","format-standard","has-post-thumbnail","hentry","category-activitats","category-esport","category-noticies"],"acf":[],"_links":{"self":[{"href":"https:\/\/www.cnelbalis.com\/ca\/wp-json\/wp\/v2\/posts\/56177","targetHints":{"allow":["GET"]}}],"collection":[{"href":"https:\/\/www.cnelbalis.com\/ca\/wp-json\/wp\/v2\/posts"}],"about":[{"href":"https:\/\/www.cnelbalis.com\/ca\/wp-json\/wp\/v2\/types\/post"}],"author":[{"embeddable":true,"href":"https:\/\/www.cnelbalis.com\/ca\/wp-json\/wp\/v2\/users\/6"}],"replies":[{"embeddable":true,"href":"https:\/\/www.cnelbalis.com\/ca\/wp-json\/wp\/v2\/comments?post=56177"}],"version-history":[{"count":1,"href":"https:\/\/www.cnelbalis.com\/ca\/wp-json\/wp\/v2\/posts\/56177\/revisions"}],"predecessor-version":[{"id":56192,"href":"https:\/\/www.cnelbalis.com\/ca\/wp-json\/wp\/v2\/posts\/56177\/revisions\/56192"}],"wp:featuredmedia":[{"embeddable":true,"href":"https:\/\/www.cnelbalis.com\/ca\/wp-json\/wp\/v2\/media\/56184"}],"wp:attachment":[{"href":"https:\/\/www.cnelbalis.com\/ca\/wp-json\/wp\/v2\/media?parent=56177"}],"wp:term":[{"taxonomy":"category","embeddable":true,"href":"https:\/\/www.cnelbalis.com\/ca\/wp-json\/wp\/v2\/categories?post=56177"},{"taxonomy":"post_tag","embeddable":true,"href":"https:\/\/www.cnelbalis.com\/ca\/wp-json\/wp\/v2\/tags?post=56177"}],"curies":[{"name":"wp","href":"https:\/\/api.w.org\/{rel}","templated":true}]}}