{"id":56153,"date":"2025-10-20T15:48:26","date_gmt":"2025-10-20T13:48:26","guid":{"rendered":"https:\/\/www.cnelbalis.com\/?p=56153"},"modified":"2025-10-20T15:51:45","modified_gmt":"2025-10-20T13:51:45","slug":"primera-concentracio-de-la-classe-420-a-el-balis","status":"publish","type":"post","link":"https:\/\/www.cnelbalis.com\/ca\/primera-concentracio-de-la-classe-420-a-el-balis\/","title":{"rendered":"PRIMERA CONCENTRACI\u00d3 DE LA CLASSE 420 AL CN EL BAL\u00cdS"},"content":{"rendered":"<p><img loading=\"lazy\" decoding=\"async\" class=\"aligncenter wp-image-56158 size-large\" src=\"https:\/\/www.cnelbalis.com\/wp-content\/uploads\/2025\/10\/FOTO-CONCENTRACIO-420-FCV-002-1024x576.jpg\" alt=\"Concentraci\u00f3 420 a c\u00e0rrec de la FCV - CN El Bal\u00eds\" width=\"1024\" height=\"576\" srcset=\"https:\/\/www.cnelbalis.com\/wp-content\/uploads\/2025\/10\/FOTO-CONCENTRACIO-420-FCV-002-1024x576.jpg 1024w, https:\/\/www.cnelbalis.com\/wp-content\/uploads\/2025\/10\/FOTO-CONCENTRACIO-420-FCV-002-300x169.jpg 300w, https:\/\/www.cnelbalis.com\/wp-content\/uploads\/2025\/10\/FOTO-CONCENTRACIO-420-FCV-002-768x432.jpg 768w, https:\/\/www.cnelbalis.com\/wp-content\/uploads\/2025\/10\/FOTO-CONCENTRACIO-420-FCV-002-1536x864.jpg 1536w, https:\/\/www.cnelbalis.com\/wp-content\/uploads\/2025\/10\/FOTO-CONCENTRACIO-420-FCV-002.jpg 1600w\" sizes=\"auto, (max-width: 1024px) 100vw, 1024px\" \/><\/p>\n<article dir=\"auto\" data-scroll-anchor=\"true\" data-testid=\"conversation-turn-16\">\n<div>\n<p>El cap de setmana de l\u201911 i 12 d\u2019octubre, en aig\u00fces del <strong>CN El\u00a0Bal\u00eds<\/strong>, la <strong>primera concentraci\u00f3 de la classe 420<\/strong>, organitzada per la <strong>Federaci\u00f3 Catalana de Vela<\/strong>.<\/p>\n<p>Durant dues jornades intenses, els regatistes catalans han pogut <strong>entrenar i treballar de manera conjunta<\/strong>, aprofitant unes <strong>condicions de vent espectaculars<\/strong>, amb una intensitat constant d\u2019entre <strong>10 i 12 nusos<\/strong> cada dia.<\/p>\n<p>Les sessions s\u2019han centrat especialment en <strong>aspectes t\u00e8cnics de les maniobres i els passos de boia<\/strong>, aix\u00ed com en la <strong>coordinaci\u00f3 t\u00e0ctica dins el camp de regates<\/strong>, amb l\u2019objectiu de continuar millorant el rendiment i la compenetraci\u00f3 entre les tripulacions.<\/p>\n<p>Una <strong>excel\u00b7lent oportunitat d\u2019aprenentatge i preparaci\u00f3<\/strong> per a tots els participants, en un entorn immillorable com el del <strong>Club N\u00e0utic El Bal\u00eds<\/strong>.<\/p>\n<\/div>\n<div>\n<p data-start=\"655\" data-end=\"1024\">\n<\/div>\n<p data-start=\"655\" data-end=\"1024\"><img loading=\"lazy\" decoding=\"async\" class=\"aligncenter wp-image-56162 size-large\" src=\"https:\/\/www.cnelbalis.com\/wp-content\/uploads\/2025\/10\/FOTO-CONCENTRACIO-420-FCV-007-1024x768.jpg\" alt=\"Concentraci\u00f3 420 a c\u00e0rrec de la FCV - CN El Bal\u00eds\" width=\"1024\" height=\"768\" srcset=\"https:\/\/www.cnelbalis.com\/wp-content\/uploads\/2025\/10\/FOTO-CONCENTRACIO-420-FCV-007-1024x768.jpg 1024w, https:\/\/www.cnelbalis.com\/wp-content\/uploads\/2025\/10\/FOTO-CONCENTRACIO-420-FCV-007-300x225.jpg 300w, https:\/\/www.cnelbalis.com\/wp-content\/uploads\/2025\/10\/FOTO-CONCENTRACIO-420-FCV-007-768x576.jpg 768w, https:\/\/www.cnelbalis.com\/wp-content\/uploads\/2025\/10\/FOTO-CONCENTRACIO-420-FCV-007-1536x1152.jpg 1536w, https:\/\/www.cnelbalis.com\/wp-content\/uploads\/2025\/10\/FOTO-CONCENTRACIO-420-FCV-007.jpg 1600w\" sizes=\"auto, (max-width: 1024px) 100vw, 1024px\" \/><img loading=\"lazy\" decoding=\"async\" class=\"aligncenter wp-image-56166\" src=\"https:\/\/www.cnelbalis.com\/wp-content\/uploads\/2025\/10\/FOTO-CONCENTRACIO-420-FCV-008.jpg\" alt=\"Concentraci\u00f3 420 a c\u00e0rrec de la FCV - CN El Bal\u00eds\" width=\"1024\" height=\"1365\" srcset=\"https:\/\/www.cnelbalis.com\/wp-content\/uploads\/2025\/10\/FOTO-CONCENTRACIO-420-FCV-008.jpg 1200w, https:\/\/www.cnelbalis.com\/wp-content\/uploads\/2025\/10\/FOTO-CONCENTRACIO-420-FCV-008-225x300.jpg 225w, https:\/\/www.cnelbalis.com\/wp-content\/uploads\/2025\/10\/FOTO-CONCENTRACIO-420-FCV-008-768x1024.jpg 768w, https:\/\/www.cnelbalis.com\/wp-content\/uploads\/2025\/10\/FOTO-CONCENTRACIO-420-FCV-008-1152x1536.jpg 1152w, https:\/\/www.cnelbalis.com\/wp-content\/uploads\/2025\/10\/FOTO-CONCENTRACIO-420-FCV-008-600x800.jpg 600w\" sizes=\"auto, (max-width: 1024px) 100vw, 1024px\" \/><img loading=\"lazy\" decoding=\"async\" class=\"aligncenter wp-image-56154\" src=\"https:\/\/www.cnelbalis.com\/wp-content\/uploads\/2025\/10\/FOTO-CONCENTRACIO-420-FCV-012.jpg\" alt=\"Concentraci\u00f3 420 a c\u00e0rrec de la FCV - CN El Bal\u00eds\" width=\"1024\" height=\"1365\" srcset=\"https:\/\/www.cnelbalis.com\/wp-content\/uploads\/2025\/10\/FOTO-CONCENTRACIO-420-FCV-012.jpg 1200w, https:\/\/www.cnelbalis.com\/wp-content\/uploads\/2025\/10\/FOTO-CONCENTRACIO-420-FCV-012-225x300.jpg 225w, https:\/\/www.cnelbalis.com\/wp-content\/uploads\/2025\/10\/FOTO-CONCENTRACIO-420-FCV-012-768x1024.jpg 768w, https:\/\/www.cnelbalis.com\/wp-content\/uploads\/2025\/10\/FOTO-CONCENTRACIO-420-FCV-012-1152x1536.jpg 1152w, https:\/\/www.cnelbalis.com\/wp-content\/uploads\/2025\/10\/FOTO-CONCENTRACIO-420-FCV-012-600x800.jpg 600w\" sizes=\"auto, (max-width: 1024px) 100vw, 1024px\" \/><\/p>\n<\/article>\n","protected":false},"excerpt":{"rendered":"<p>El cap de setmana de l\u201911 i 12 d\u2019octubre, en aig\u00fces del CN El\u00a0Bal\u00eds, la primera concentraci\u00f3 de la classe 420, organitzada per la Federaci\u00f3 Catalana de Vela. Durant dues jornades intenses, els regatistes catalans han pogut entrenar i treballar de manera conjunta, aprofitant unes condicions de vent espectaculars, amb una intensitat constant d\u2019entre 10 [&hellip;]<\/p>\n","protected":false},"author":6,"featured_media":56158,"comment_status":"closed","ping_status":"closed","sticky":false,"template":"","format":"standard","meta":{"footnotes":""},"categories":[2653,782,8,788],"tags":[],"class_list":["post-56153","post","type-post","status-publish","format-standard","has-post-thumbnail","hentry","category-activitats","category-esport","category-noticies","category-vela-ca"],"acf":[],"_links":{"self":[{"href":"https:\/\/www.cnelbalis.com\/ca\/wp-json\/wp\/v2\/posts\/56153","targetHints":{"allow":["GET"]}}],"collection":[{"href":"https:\/\/www.cnelbalis.com\/ca\/wp-json\/wp\/v2\/posts"}],"about":[{"href":"https:\/\/www.cnelbalis.com\/ca\/wp-json\/wp\/v2\/types\/post"}],"author":[{"embeddable":true,"href":"https:\/\/www.cnelbalis.com\/ca\/wp-json\/wp\/v2\/users\/6"}],"replies":[{"embeddable":true,"href":"https:\/\/www.cnelbalis.com\/ca\/wp-json\/wp\/v2\/comments?post=56153"}],"version-history":[{"count":5,"href":"https:\/\/www.cnelbalis.com\/ca\/wp-json\/wp\/v2\/posts\/56153\/revisions"}],"predecessor-version":[{"id":56176,"href":"https:\/\/www.cnelbalis.com\/ca\/wp-json\/wp\/v2\/posts\/56153\/revisions\/56176"}],"wp:featuredmedia":[{"embeddable":true,"href":"https:\/\/www.cnelbalis.com\/ca\/wp-json\/wp\/v2\/media\/56158"}],"wp:attachment":[{"href":"https:\/\/www.cnelbalis.com\/ca\/wp-json\/wp\/v2\/media?parent=56153"}],"wp:term":[{"taxonomy":"category","embeddable":true,"href":"https:\/\/www.cnelbalis.com\/ca\/wp-json\/wp\/v2\/categories?post=56153"},{"taxonomy":"post_tag","embeddable":true,"href":"https:\/\/www.cnelbalis.com\/ca\/wp-json\/wp\/v2\/tags?post=56153"}],"curies":[{"name":"wp","href":"https:\/\/api.w.org\/{rel}","templated":true}]}}