{"id":56112,"date":"2025-10-20T13:46:55","date_gmt":"2025-10-20T11:46:55","guid":{"rendered":"https:\/\/www.cnelbalis.com\/?p=56112"},"modified":"2025-10-20T13:50:34","modified_gmt":"2025-10-20T11:50:34","slug":"florian-trittel-completa-el-seu-palmares-amb-lor-mundial-de-49er","status":"publish","type":"post","link":"https:\/\/www.cnelbalis.com\/ca\/florian-trittel-completa-el-seu-palmares-amb-lor-mundial-de-49er\/","title":{"rendered":"FLORIAN TRITTEL COMPLETA EL SEU PALMAR\u00c8S AMB L\u2019OR MUNDIAL DE 49ER"},"content":{"rendered":"<p><img loading=\"lazy\" decoding=\"async\" class=\"aligncenter wp-image-56117 size-large\" src=\"https:\/\/www.cnelbalis.com\/wp-content\/uploads\/2025\/10\/251012_sailingenergy_cagliari_3368_c1_-1024x683.webp\" alt=\"\" width=\"1024\" height=\"683\" srcset=\"https:\/\/www.cnelbalis.com\/wp-content\/uploads\/2025\/10\/251012_sailingenergy_cagliari_3368_c1_-1024x683.webp 1024w, https:\/\/www.cnelbalis.com\/wp-content\/uploads\/2025\/10\/251012_sailingenergy_cagliari_3368_c1_-300x200.webp 300w, https:\/\/www.cnelbalis.com\/wp-content\/uploads\/2025\/10\/251012_sailingenergy_cagliari_3368_c1_-768x512.webp 768w, https:\/\/www.cnelbalis.com\/wp-content\/uploads\/2025\/10\/251012_sailingenergy_cagliari_3368_c1_.webp 1280w\" sizes=\"auto, (max-width: 1024px) 100vw, 1024px\" \/><\/p>\n<article dir=\"auto\" data-scroll-anchor=\"true\" data-testid=\"conversation-turn-16\">\n<div>\n<p>El nostre soci d\u2019honor <strong>Florian Trittel<\/strong> ha fet hist\u00f2ria un cop m\u00e9s. El passat diumenge 12 d&#8217;octubre, a <strong>Cagliari (It\u00e0lia)<\/strong>, va aconseguir el <strong>t\u00edtol mundial de la classe 49er<\/strong>, l\u2019\u00fanic or que encara no llu\u00efa al seu impressionant palmar\u00e8s. Aquest resultat culmina una traject\u00f2ria extraordin\u00e0ria que ja inclou l\u2019<strong>or ol\u00edmpic a Par\u00eds 2024<\/strong>, l\u2019<strong>or europeu<\/strong> i nombrosos \u00e8xits internacionals.<\/p>\n<p>Amb aquest triomf, Florian completa la seva <strong>triple corona<\/strong> \u2014or ol\u00edmpic, europeu i mundial\u2014, un assoliment que el consolida com un dels regatistes m\u00e9s destacats de la vela espanyola i internacional. El t\u00edtol arriba despr\u00e9s de diverses temporades d\u2019alt rendiment i d\u2019una gran regularitat al costat del seu company d\u2019equip <strong>Diego Bot\u00edn<\/strong>, amb qui forma una de les duples m\u00e9s competitives del panorama mundial.<\/p>\n<p>Des del <strong>Club N\u00e0utic El Bal\u00eds<\/strong> celebrem amb orgull aquest nou \u00e8xit i li fem arribar la nostra m\u00e9s sincera <strong>enhorabona<\/strong>. Florian \u00e9s, sens dubte, un <strong>exemple per a les noves generacions<\/strong> de regatistes: la prova que amb dedicaci\u00f3, passi\u00f3 i treball en equip, els somnis es poden fer realitat.<\/p>\n<p><strong>Felicitats, Flo! <\/strong>El Bal\u00eds, la teva casa, celebra amb tu aquest or tan merescut.<\/p>\n<\/div>\n<div>\n<p data-start=\"655\" data-end=\"1024\">\n<\/div>\n<p data-start=\"655\" data-end=\"1024\"><img loading=\"lazy\" decoding=\"async\" class=\"aligncenter wp-image-56121 size-large\" src=\"https:\/\/www.cnelbalis.com\/wp-content\/uploads\/2025\/10\/cb7ti4ng744vrr4ovqkq-1024x682.avif\" alt=\"Florian Trittel campi\u00f3 del m\u00f3n Classe 49er - CN El Bal\u00eds\" width=\"1024\" height=\"682\" srcset=\"https:\/\/www.cnelbalis.com\/wp-content\/uploads\/2025\/10\/cb7ti4ng744vrr4ovqkq-1024x682.avif 1024w, https:\/\/www.cnelbalis.com\/wp-content\/uploads\/2025\/10\/cb7ti4ng744vrr4ovqkq-300x200.avif 300w, https:\/\/www.cnelbalis.com\/wp-content\/uploads\/2025\/10\/cb7ti4ng744vrr4ovqkq-768x512.avif 768w, https:\/\/www.cnelbalis.com\/wp-content\/uploads\/2025\/10\/cb7ti4ng744vrr4ovqkq.avif 1460w\" sizes=\"auto, (max-width: 1024px) 100vw, 1024px\" \/><img loading=\"lazy\" decoding=\"async\" class=\"aligncenter wp-image-56125\" src=\"https:\/\/www.cnelbalis.com\/wp-content\/uploads\/2025\/10\/Imagen-de-WhatsApp-2025-10-15-a-las-13.40.15_753001e9.jpg\" alt=\"Florian Trittel campi\u00f3 del m\u00f3n Classe 49er - CN El Bal\u00eds\" width=\"1024\" height=\"1246\" srcset=\"https:\/\/www.cnelbalis.com\/wp-content\/uploads\/2025\/10\/Imagen-de-WhatsApp-2025-10-15-a-las-13.40.15_753001e9.jpg 1220w, https:\/\/www.cnelbalis.com\/wp-content\/uploads\/2025\/10\/Imagen-de-WhatsApp-2025-10-15-a-las-13.40.15_753001e9-246x300.jpg 246w, https:\/\/www.cnelbalis.com\/wp-content\/uploads\/2025\/10\/Imagen-de-WhatsApp-2025-10-15-a-las-13.40.15_753001e9-841x1024.jpg 841w, https:\/\/www.cnelbalis.com\/wp-content\/uploads\/2025\/10\/Imagen-de-WhatsApp-2025-10-15-a-las-13.40.15_753001e9-768x935.jpg 768w\" sizes=\"auto, (max-width: 1024px) 100vw, 1024px\" \/><img loading=\"lazy\" decoding=\"async\" class=\"aligncenter wp-image-56133 size-large\" src=\"https:\/\/www.cnelbalis.com\/wp-content\/uploads\/2025\/10\/rnjldmrfwicoqhui2brx-1024x576.avif\" alt=\"Florian Trittel campi\u00f3 del m\u00f3n Classe 49er - CN El Bal\u00eds\" width=\"1024\" height=\"576\" srcset=\"https:\/\/www.cnelbalis.com\/wp-content\/uploads\/2025\/10\/rnjldmrfwicoqhui2brx-1024x576.avif 1024w, https:\/\/www.cnelbalis.com\/wp-content\/uploads\/2025\/10\/rnjldmrfwicoqhui2brx-300x169.avif 300w, https:\/\/www.cnelbalis.com\/wp-content\/uploads\/2025\/10\/rnjldmrfwicoqhui2brx-768x432.avif 768w, https:\/\/www.cnelbalis.com\/wp-content\/uploads\/2025\/10\/rnjldmrfwicoqhui2brx.avif 1460w\" sizes=\"auto, (max-width: 1024px) 100vw, 1024px\" \/><img loading=\"lazy\" decoding=\"async\" class=\"aligncenter wp-image-56141\" src=\"https:\/\/www.cnelbalis.com\/wp-content\/uploads\/2025\/10\/whatsapp-image-2025-10-12-at-15-05-18-768x512-1.jpeg\" alt=\"Florian Trittel campi\u00f3 del m\u00f3n Classe 49er - CN El Bal\u00eds\" width=\"1025\" height=\"683\" srcset=\"https:\/\/www.cnelbalis.com\/wp-content\/uploads\/2025\/10\/whatsapp-image-2025-10-12-at-15-05-18-768x512-1.jpeg 768w, https:\/\/www.cnelbalis.com\/wp-content\/uploads\/2025\/10\/whatsapp-image-2025-10-12-at-15-05-18-768x512-1-300x200.jpeg 300w\" sizes=\"auto, (max-width: 1025px) 100vw, 1025px\" \/><\/p>\n<\/article>\n","protected":false},"excerpt":{"rendered":"<p>El nostre soci d\u2019honor Florian Trittel ha fet hist\u00f2ria un cop m\u00e9s. El passat diumenge 12 d&#8217;octubre, a Cagliari (It\u00e0lia), va aconseguir el t\u00edtol mundial de la classe 49er, l\u2019\u00fanic or que encara no llu\u00efa al seu impressionant palmar\u00e8s. Aquest resultat culmina una traject\u00f2ria extraordin\u00e0ria que ja inclou l\u2019or ol\u00edmpic a Par\u00eds 2024, l\u2019or europeu [&hellip;]<\/p>\n","protected":false},"author":6,"featured_media":56129,"comment_status":"closed","ping_status":"closed","sticky":false,"template":"","format":"standard","meta":{"footnotes":""},"categories":[2653,782,8,788],"tags":[],"class_list":["post-56112","post","type-post","status-publish","format-standard","has-post-thumbnail","hentry","category-activitats","category-esport","category-noticies","category-vela-ca"],"acf":[],"_links":{"self":[{"href":"https:\/\/www.cnelbalis.com\/ca\/wp-json\/wp\/v2\/posts\/56112","targetHints":{"allow":["GET"]}}],"collection":[{"href":"https:\/\/www.cnelbalis.com\/ca\/wp-json\/wp\/v2\/posts"}],"about":[{"href":"https:\/\/www.cnelbalis.com\/ca\/wp-json\/wp\/v2\/types\/post"}],"author":[{"embeddable":true,"href":"https:\/\/www.cnelbalis.com\/ca\/wp-json\/wp\/v2\/users\/6"}],"replies":[{"embeddable":true,"href":"https:\/\/www.cnelbalis.com\/ca\/wp-json\/wp\/v2\/comments?post=56112"}],"version-history":[{"count":3,"href":"https:\/\/www.cnelbalis.com\/ca\/wp-json\/wp\/v2\/posts\/56112\/revisions"}],"predecessor-version":[{"id":56150,"href":"https:\/\/www.cnelbalis.com\/ca\/wp-json\/wp\/v2\/posts\/56112\/revisions\/56150"}],"wp:featuredmedia":[{"embeddable":true,"href":"https:\/\/www.cnelbalis.com\/ca\/wp-json\/wp\/v2\/media\/56129"}],"wp:attachment":[{"href":"https:\/\/www.cnelbalis.com\/ca\/wp-json\/wp\/v2\/media?parent=56112"}],"wp:term":[{"taxonomy":"category","embeddable":true,"href":"https:\/\/www.cnelbalis.com\/ca\/wp-json\/wp\/v2\/categories?post=56112"},{"taxonomy":"post_tag","embeddable":true,"href":"https:\/\/www.cnelbalis.com\/ca\/wp-json\/wp\/v2\/tags?post=56112"}],"curies":[{"name":"wp","href":"https:\/\/api.w.org\/{rel}","templated":true}]}}