{"id":56072,"date":"2025-10-17T14:34:10","date_gmt":"2025-10-17T12:34:10","guid":{"rendered":"https:\/\/www.cnelbalis.com\/?p=56072"},"modified":"2025-10-17T14:34:59","modified_gmt":"2025-10-17T12:34:59","slug":"emotiu-homenatge-a-juan-lleoanart-campions-del-mon-doptimist-per-equips","status":"publish","type":"post","link":"https:\/\/www.cnelbalis.com\/ca\/emotiu-homenatge-a-juan-lleoanart-campions-del-mon-doptimist-per-equips\/","title":{"rendered":"EMOTIU HOMENATGE A JUAN LLEOANART, CAMPI\u00d3 DEL M\u00d3N D\u2019OPTIMIST PER EQUIPS"},"content":{"rendered":"<p><img loading=\"lazy\" decoding=\"async\" class=\"aligncenter wp-image-56078 size-large\" src=\"https:\/\/www.cnelbalis.com\/wp-content\/uploads\/2025\/10\/Juan_Lleonart_Campio_del_Mon_d_Optimist_per_equips_Eslovenia_2025-60-1024x576.jpg\" alt=\"Homenaje a Juan Lleonart Campe\u00f3n del Mundo de Optimist por equipos - CN El Bal\u00eds\" width=\"1024\" height=\"576\" srcset=\"https:\/\/www.cnelbalis.com\/wp-content\/uploads\/2025\/10\/Juan_Lleonart_Campio_del_Mon_d_Optimist_per_equips_Eslovenia_2025-60-1024x576.jpg 1024w, https:\/\/www.cnelbalis.com\/wp-content\/uploads\/2025\/10\/Juan_Lleonart_Campio_del_Mon_d_Optimist_per_equips_Eslovenia_2025-60-300x169.jpg 300w, https:\/\/www.cnelbalis.com\/wp-content\/uploads\/2025\/10\/Juan_Lleonart_Campio_del_Mon_d_Optimist_per_equips_Eslovenia_2025-60-768x432.jpg 768w, https:\/\/www.cnelbalis.com\/wp-content\/uploads\/2025\/10\/Juan_Lleonart_Campio_del_Mon_d_Optimist_per_equips_Eslovenia_2025-60.jpg 1224w\" sizes=\"auto, (max-width: 1024px) 100vw, 1024px\" \/><\/p>\n<article dir=\"auto\" data-scroll-anchor=\"true\" data-testid=\"conversation-turn-16\">\n<div>\n<p data-start=\"197\" data-end=\"340\">El passat diumenge 12 d\u2019octubre es va dur a terme un reconeixement al nou campi\u00f3 del m\u00f3n d\u2019Optimist per equips, <strong data-start=\"309\" data-end=\"337\">Juan Lleoanart Cantalops<\/strong>.<\/p>\n<p data-start=\"342\" data-end=\"672\">Va ser un acte sorpresa en qu\u00e8 tots els seus companys de les flotes d\u2019Optimist, Windsurf, 420 i ILCA, juntament amb pares i autoritats del Club, van celebrar la seva exitosa traject\u00f2ria en la classe Optimist, culminada amb el t\u00edtol mundial obtingut amb l\u2019equip espanyol al Campionat del M\u00f3n d\u2019Eslov\u00e8nia, el passat mes de juliol.<\/p>\n<p data-start=\"674\" data-end=\"1045\">L\u2019acte va ser molt emotiu. El comodor <strong data-start=\"712\" data-end=\"727\">Fede Blanco<\/strong>, els seus entrenadors d\u2019Optimist <strong data-start=\"761\" data-end=\"775\">Edu i Marc<\/strong>, i la directora esportiva <strong data-start=\"802\" data-end=\"818\">Magda Resano<\/strong> li van dedicar unes paraules en honor seu, destacant la seva excel\u00b7lent i exemplar traject\u00f2ria en la classe Optimist i el seu paper com a referent de treball i esfor\u00e7 per als regatistes m\u00e9s joves i els seus companys d\u2019equip.<\/p>\n<p data-start=\"1047\" data-end=\"1231\">Per la seva banda, <strong data-start=\"1066\" data-end=\"1077\">Juanito<\/strong> va pronunciar unes sentides paraules d\u2019agra\u00efment als presents, als seus pares i al Club, mostrant la seva felicitat per una sorpresa que no s\u2019esperava.<\/p>\n<p data-start=\"1233\" data-end=\"1391\">A partir d\u2019ara, en <strong data-start=\"1252\" data-end=\"1263\">Juanito<\/strong> tindr\u00e0 una pancarta al Club perqu\u00e8 tots puguem recordar cada dia el seu brillant pas per la classe infantil per excel\u00b7l\u00e8ncia.<\/p>\n<p data-start=\"1393\" data-end=\"1417\" data-is-last-node=\"\" data-is-only-node=\"\"><strong data-start=\"1393\" data-end=\"1417\" data-is-last-node=\"\">Enhorabona, Juanito!<\/strong><\/p>\n<\/div>\n<div>\n<p data-start=\"655\" data-end=\"1024\">\n<\/div>\n<p data-start=\"655\" data-end=\"1024\"><img loading=\"lazy\" decoding=\"async\" class=\"aligncenter wp-image-56082\" src=\"https:\/\/www.cnelbalis.com\/wp-content\/uploads\/2025\/10\/Juan_Lleonart_Campio_del_Mon_d_Optimist_per_equips_Eslovenia_2025-66-e1760702853126.jpg\" alt=\"Homenaje a Juan Lleonart Campe\u00f3n del Mundo de Optimist por equipos - CN El Bal\u00eds\" width=\"1024\" height=\"1393\" \/><img loading=\"lazy\" decoding=\"async\" class=\"aligncenter wp-image-56086 size-large\" src=\"https:\/\/www.cnelbalis.com\/wp-content\/uploads\/2025\/10\/Juan_Lleonart_Campio_del_Mon_d_Optimist_per_equips_Eslovenia_2025-63-1024x667.jpg\" alt=\"Homenaje a Juan Lleonart Campe\u00f3n del Mundo de Optimist por equipos - CN El Bal\u00eds\" width=\"1024\" height=\"667\" srcset=\"https:\/\/www.cnelbalis.com\/wp-content\/uploads\/2025\/10\/Juan_Lleonart_Campio_del_Mon_d_Optimist_per_equips_Eslovenia_2025-63-1024x667.jpg 1024w, https:\/\/www.cnelbalis.com\/wp-content\/uploads\/2025\/10\/Juan_Lleonart_Campio_del_Mon_d_Optimist_per_equips_Eslovenia_2025-63-300x195.jpg 300w, https:\/\/www.cnelbalis.com\/wp-content\/uploads\/2025\/10\/Juan_Lleonart_Campio_del_Mon_d_Optimist_per_equips_Eslovenia_2025-63-768x500.jpg 768w, https:\/\/www.cnelbalis.com\/wp-content\/uploads\/2025\/10\/Juan_Lleonart_Campio_del_Mon_d_Optimist_per_equips_Eslovenia_2025-63.jpg 1224w\" sizes=\"auto, (max-width: 1024px) 100vw, 1024px\" \/><\/p>\n<\/article>\n","protected":false},"excerpt":{"rendered":"<p>El passat diumenge 12 d\u2019octubre es va dur a terme un reconeixement al nou campi\u00f3 del m\u00f3n d\u2019Optimist per equips, Juan Lleoanart Cantalops. Va ser un acte sorpresa en qu\u00e8 tots els seus companys de les flotes d\u2019Optimist, Windsurf, 420 i ILCA, juntament amb pares i autoritats del Club, van celebrar la seva exitosa traject\u00f2ria [&hellip;]<\/p>\n","protected":false},"author":6,"featured_media":56083,"comment_status":"closed","ping_status":"closed","sticky":false,"template":"","format":"standard","meta":{"footnotes":""},"categories":[2653,782,8,788],"tags":[],"class_list":["post-56072","post","type-post","status-publish","format-standard","has-post-thumbnail","hentry","category-activitats","category-esport","category-noticies","category-vela-ca"],"acf":[],"_links":{"self":[{"href":"https:\/\/www.cnelbalis.com\/ca\/wp-json\/wp\/v2\/posts\/56072","targetHints":{"allow":["GET"]}}],"collection":[{"href":"https:\/\/www.cnelbalis.com\/ca\/wp-json\/wp\/v2\/posts"}],"about":[{"href":"https:\/\/www.cnelbalis.com\/ca\/wp-json\/wp\/v2\/types\/post"}],"author":[{"embeddable":true,"href":"https:\/\/www.cnelbalis.com\/ca\/wp-json\/wp\/v2\/users\/6"}],"replies":[{"embeddable":true,"href":"https:\/\/www.cnelbalis.com\/ca\/wp-json\/wp\/v2\/comments?post=56072"}],"version-history":[{"count":2,"href":"https:\/\/www.cnelbalis.com\/ca\/wp-json\/wp\/v2\/posts\/56072\/revisions"}],"predecessor-version":[{"id":56094,"href":"https:\/\/www.cnelbalis.com\/ca\/wp-json\/wp\/v2\/posts\/56072\/revisions\/56094"}],"wp:featuredmedia":[{"embeddable":true,"href":"https:\/\/www.cnelbalis.com\/ca\/wp-json\/wp\/v2\/media\/56083"}],"wp:attachment":[{"href":"https:\/\/www.cnelbalis.com\/ca\/wp-json\/wp\/v2\/media?parent=56072"}],"wp:term":[{"taxonomy":"category","embeddable":true,"href":"https:\/\/www.cnelbalis.com\/ca\/wp-json\/wp\/v2\/categories?post=56072"},{"taxonomy":"post_tag","embeddable":true,"href":"https:\/\/www.cnelbalis.com\/ca\/wp-json\/wp\/v2\/tags?post=56072"}],"curies":[{"name":"wp","href":"https:\/\/api.w.org\/{rel}","templated":true}]}}