{"id":56057,"date":"2025-10-16T14:47:37","date_gmt":"2025-10-16T12:47:37","guid":{"rendered":"https:\/\/www.cnelbalis.com\/?p=56057"},"modified":"2025-10-16T14:50:02","modified_gmt":"2025-10-16T12:50:02","slug":"trofeu-cornudella-windsurf-2025-8-i-9-de-novembre","status":"publish","type":"post","link":"https:\/\/www.cnelbalis.com\/ca\/trofeu-cornudella-windsurf-2025-8-i-9-de-novembre\/","title":{"rendered":"TROFEU CORNUDELLA WINDSURF 2025 &#8211; 8 I 9 DE NOVEMBRE"},"content":{"rendered":"<p><img loading=\"lazy\" decoding=\"async\" class=\"aligncenter wp-image-56058 size-full\" src=\"https:\/\/www.cnelbalis.com\/wp-content\/uploads\/2025\/10\/T-CORNUDELLA-WS.jpg\" alt=\"Trofeu Cornudella 2025 Windsurf - CN El Bal\u00eds\" width=\"750\" height=\"1050\" srcset=\"https:\/\/www.cnelbalis.com\/wp-content\/uploads\/2025\/10\/T-CORNUDELLA-WS.jpg 750w, https:\/\/www.cnelbalis.com\/wp-content\/uploads\/2025\/10\/T-CORNUDELLA-WS-214x300.jpg 214w, https:\/\/www.cnelbalis.com\/wp-content\/uploads\/2025\/10\/T-CORNUDELLA-WS-731x1024.jpg 731w\" sizes=\"auto, (max-width: 750px) 100vw, 750px\" \/><\/p>\n<p data-start=\"163\" data-end=\"410\">El cap de setmana del <strong data-start=\"185\" data-end=\"206\">8 i 9 de novembre<\/strong>, el <strong data-start=\"211\" data-end=\"226\">CN El Bal\u00eds<\/strong> acollir\u00e0 una nova edici\u00f3 del <strong data-start=\"256\" data-end=\"289\">Trofeu Cornudella de Windsurf<\/strong>, una <strong data-start=\"295\" data-end=\"337\">regata puntuable N2 del Circuit Catal\u00e0<\/strong> organitzada amb la col\u00b7laboraci\u00f3 de la <strong data-start=\"377\" data-end=\"407\">Federaci\u00f3 Catalana de Vela<\/strong>.<\/p>\n<p data-start=\"412\" data-end=\"716\">La competici\u00f3 comen\u00e7ar\u00e0 dissabte al mat\u00ed amb les inscripcions dels participants i la reuni\u00f3 d\u2019entrenadors abans de l\u2019inici de les regates, previstes per al migdia. Diumenge al mat\u00ed continuaran les proves al mar, i la jornada es tancar\u00e0 a la tarda amb el tradicional lliurament de premis als guanyadors.<\/p>\n<p data-start=\"718\" data-end=\"908\">Seran dos dies intensos de vent, esport i bon ambient n\u00e0utic, en qu\u00e8 els millors windsurfistes del territori es donaran cita al nostre Club per gaudir d\u2019una gran experi\u00e8ncia de competici\u00f3.<\/p>\n","protected":false},"excerpt":{"rendered":"<p>El cap de setmana del 8 i 9 de novembre, el CN El Bal\u00eds acollir\u00e0 una nova edici\u00f3 del Trofeu Cornudella de Windsurf, una regata puntuable N2 del Circuit Catal\u00e0 organitzada amb la col\u00b7laboraci\u00f3 de la Federaci\u00f3 Catalana de Vela. La competici\u00f3 comen\u00e7ar\u00e0 dissabte al mat\u00ed amb les inscripcions dels participants i la reuni\u00f3 d\u2019entrenadors [&hellip;]<\/p>\n","protected":false},"author":6,"featured_media":56062,"comment_status":"closed","ping_status":"closed","sticky":false,"template":"","format":"standard","meta":{"footnotes":""},"categories":[2653,782,8,788],"tags":[],"class_list":["post-56057","post","type-post","status-publish","format-standard","has-post-thumbnail","hentry","category-activitats","category-esport","category-noticies","category-vela-ca"],"acf":[],"_links":{"self":[{"href":"https:\/\/www.cnelbalis.com\/ca\/wp-json\/wp\/v2\/posts\/56057","targetHints":{"allow":["GET"]}}],"collection":[{"href":"https:\/\/www.cnelbalis.com\/ca\/wp-json\/wp\/v2\/posts"}],"about":[{"href":"https:\/\/www.cnelbalis.com\/ca\/wp-json\/wp\/v2\/types\/post"}],"author":[{"embeddable":true,"href":"https:\/\/www.cnelbalis.com\/ca\/wp-json\/wp\/v2\/users\/6"}],"replies":[{"embeddable":true,"href":"https:\/\/www.cnelbalis.com\/ca\/wp-json\/wp\/v2\/comments?post=56057"}],"version-history":[{"count":3,"href":"https:\/\/www.cnelbalis.com\/ca\/wp-json\/wp\/v2\/posts\/56057\/revisions"}],"predecessor-version":[{"id":56070,"href":"https:\/\/www.cnelbalis.com\/ca\/wp-json\/wp\/v2\/posts\/56057\/revisions\/56070"}],"wp:featuredmedia":[{"embeddable":true,"href":"https:\/\/www.cnelbalis.com\/ca\/wp-json\/wp\/v2\/media\/56062"}],"wp:attachment":[{"href":"https:\/\/www.cnelbalis.com\/ca\/wp-json\/wp\/v2\/media?parent=56057"}],"wp:term":[{"taxonomy":"category","embeddable":true,"href":"https:\/\/www.cnelbalis.com\/ca\/wp-json\/wp\/v2\/categories?post=56057"},{"taxonomy":"post_tag","embeddable":true,"href":"https:\/\/www.cnelbalis.com\/ca\/wp-json\/wp\/v2\/tags?post=56057"}],"curies":[{"name":"wp","href":"https:\/\/api.w.org\/{rel}","templated":true}]}}