{"id":56040,"date":"2025-10-14T11:52:20","date_gmt":"2025-10-14T09:52:20","guid":{"rendered":"https:\/\/www.cnelbalis.com\/?p=56040"},"modified":"2025-10-14T14:02:25","modified_gmt":"2025-10-14T12:02:25","slug":"alfredo-llobet-presenta-la-ruta-de-la-tramuntana-al-salo-nautic-de-barcelona","status":"publish","type":"post","link":"https:\/\/www.cnelbalis.com\/ca\/alfredo-llobet-presenta-la-ruta-de-la-tramuntana-al-salo-nautic-de-barcelona\/","title":{"rendered":"ALFREDO LLOBET PRESENTA LA RUTA DE LA TRAMUNTANA AL SAL\u00d3 N\u00c0UTIC DE BARCELONA"},"content":{"rendered":"<p><img loading=\"lazy\" decoding=\"async\" class=\"aligncenter wp-image-56006 size-large\" src=\"https:\/\/www.cnelbalis.com\/wp-content\/uploads\/2025\/10\/01_Representantes-institucionales-y-de-los-clubes-nauticos-1024x683.jpg\" alt=\"Alfredo Llobet presenta la Ruta de la Tramuntana al Sal\u00f3 N\u00e0utic de Barcelona - CN El Bal\u00eds\" width=\"1024\" height=\"683\" srcset=\"https:\/\/www.cnelbalis.com\/wp-content\/uploads\/2025\/10\/01_Representantes-institucionales-y-de-los-clubes-nauticos-1024x683.jpg 1024w, https:\/\/www.cnelbalis.com\/wp-content\/uploads\/2025\/10\/01_Representantes-institucionales-y-de-los-clubes-nauticos-300x200.jpg 300w, https:\/\/www.cnelbalis.com\/wp-content\/uploads\/2025\/10\/01_Representantes-institucionales-y-de-los-clubes-nauticos-768x512.jpg 768w, https:\/\/www.cnelbalis.com\/wp-content\/uploads\/2025\/10\/01_Representantes-institucionales-y-de-los-clubes-nauticos-1536x1024.jpg 1536w, https:\/\/www.cnelbalis.com\/wp-content\/uploads\/2025\/10\/01_Representantes-institucionales-y-de-los-clubes-nauticos-2048x1365.jpg 2048w, https:\/\/www.cnelbalis.com\/wp-content\/uploads\/2025\/10\/01_Representantes-institucionales-y-de-los-clubes-nauticos-1500x1000.jpg 1500w\" sizes=\"auto, (max-width: 1024px) 100vw, 1024px\" \/><\/p>\n<p data-start=\"249\" data-end=\"806\">En el marc del <strong data-start=\"264\" data-end=\"306\">Sal\u00f3 N\u00e0utic Internacional de Barcelona<\/strong>, el <strong data-start=\"311\" data-end=\"335\">CN El Bal\u00eds<\/strong> va participar activament en la presentaci\u00f3 del <strong data-start=\"383\" data-end=\"428\">calendari de regates de la temporada 2026<\/strong>, que inclour\u00e0 alguns dels esdeveniments m\u00e9s destacats de la vela de altura nacional: <em data-start=\"514\" data-end=\"545\">La Ruta de la Sal Rumbo Ibiza<\/em> (2 d\u2019abril), <em data-start=\"559\" data-end=\"585\">Regata Bah\u00eda de Pollen\u00e7a<\/em> (22 de maig), <em data-start=\"600\" data-end=\"626\">La Ruta de la Tramuntana<\/em> (juny), <em data-start=\"635\" data-end=\"656\">Golden Cup Badalona<\/em> (30 d\u2019octubre) i <em data-start=\"674\" data-end=\"699\">Gran Prix del Atl\u00e1ntico<\/em> (novembre). L\u2019acte va concloure amb el lliurament dels trofeus del <em data-start=\"767\" data-end=\"803\">Circuito de Regatas de Altura 2024<\/em>.<\/p>\n<p data-start=\"808\" data-end=\"1101\">En aquest context, <strong data-start=\"827\" data-end=\"845\">Alfredo Llobet<\/strong>, <em data-start=\"847\" data-end=\"907\">segon vocal de la Junta Directiva del CN El Bal\u00eds<\/em>, va ser l\u2019encarregat de presentar la <strong data-start=\"945\" data-end=\"987\">33a edici\u00f3 de La Ruta de la Tramuntana<\/strong>, una regata costanera de llarga dist\u00e0ncia que uneix tradicionalment el Club N\u00e0utic El Bal\u00eds amb la Costa Brava.<\/p>\n<p data-start=\"1103\" data-end=\"1516\">El <strong data-start=\"1106\" data-end=\"1130\">Club N\u00e0utic L\u2019Escala<\/strong>, que durant els darrers 14 anys ha acollit l\u2019arribada de la prova, no podr\u00e0 fer-ho el 2026, ja que en les mateixes dates organitzar\u00e0 el <strong data-start=\"1267\" data-end=\"1307\">Campionat d\u2019Europa de la classe Moth<\/strong>. Davant d\u2019aquesta coincid\u00e8ncia, des de l\u2019organitzaci\u00f3 s\u2019ha anunciat que s\u2019estan estudiant <strong data-start=\"1398\" data-end=\"1457\">noves alternatives per determinar les dates definitives<\/strong> de la competici\u00f3, que es donaran a con\u00e8ixer pr\u00f2ximament.<\/p>\n<p data-start=\"1518\" data-end=\"1800\">Durant la seva intervenci\u00f3, <strong data-start=\"1546\" data-end=\"1564\">Alfredo Llobet<\/strong> va voler <strong data-start=\"1574\" data-end=\"1654\">reafirmar el comprom\u00eds del CN El Bal\u00eds amb La Ruta de la Tramuntana<\/strong>, una regata que ha acollit la seva sortida durant <strong data-start=\"1705\" data-end=\"1731\">33 anys ininterromputs<\/strong> i que \u201cforma part de l\u2019ADN esportiu del nostre club\u201d, va destacar.<\/p>\n<p data-start=\"1802\" data-end=\"2037\">Amb aquesta presentaci\u00f3, el CN El Bal\u00eds consolida la seva participaci\u00f3 activa en el circuit de regates d\u2019altura i reafirma el seu paper com a club de refer\u00e8ncia en l\u2019organitzaci\u00f3 i promoci\u00f3 de grans esdeveniments n\u00e0utics a nivell nacional.<\/p>\n<p data-start=\"1732\" data-end=\"1960\"><img loading=\"lazy\" decoding=\"async\" class=\"aligncenter wp-image-56030\" src=\"https:\/\/www.cnelbalis.com\/wp-content\/uploads\/2025\/10\/FOTO-ALFREDO-LLOBET-SALO-NAUTIC-002-scaled-e1760435757493.jpg\" alt=\"Alfredo Llobet presenta la Ruta de la Tramuntana al Sal\u00f3 N\u00e0utic de Barcelona - CN El Bal\u00eds\" width=\"1024\" height=\"1365\" \/> <img loading=\"lazy\" decoding=\"async\" class=\"aligncenter wp-image-56026\" src=\"https:\/\/www.cnelbalis.com\/wp-content\/uploads\/2025\/10\/FOTO-ALFREDO-LLOBET-SALO-NAUTIC-001-scaled.jpg\" alt=\"Alfredo Llobet presenta la Ruta de la Tramuntana al Sal\u00f3 N\u00e0utic de Barcelona - CN El Bal\u00eds\" width=\"1024\" height=\"1365\" srcset=\"https:\/\/www.cnelbalis.com\/wp-content\/uploads\/2025\/10\/FOTO-ALFREDO-LLOBET-SALO-NAUTIC-001-scaled.jpg 1920w, https:\/\/www.cnelbalis.com\/wp-content\/uploads\/2025\/10\/FOTO-ALFREDO-LLOBET-SALO-NAUTIC-001-225x300.jpg 225w, https:\/\/www.cnelbalis.com\/wp-content\/uploads\/2025\/10\/FOTO-ALFREDO-LLOBET-SALO-NAUTIC-001-768x1024.jpg 768w, https:\/\/www.cnelbalis.com\/wp-content\/uploads\/2025\/10\/FOTO-ALFREDO-LLOBET-SALO-NAUTIC-001-1152x1536.jpg 1152w, https:\/\/www.cnelbalis.com\/wp-content\/uploads\/2025\/10\/FOTO-ALFREDO-LLOBET-SALO-NAUTIC-001-1536x2048.jpg 1536w, https:\/\/www.cnelbalis.com\/wp-content\/uploads\/2025\/10\/FOTO-ALFREDO-LLOBET-SALO-NAUTIC-001-600x800.jpg 600w\" sizes=\"auto, (max-width: 1024px) 100vw, 1024px\" \/><\/p>\n","protected":false},"excerpt":{"rendered":"<p>En el marc del Sal\u00f3 N\u00e0utic Internacional de Barcelona, el CN El Bal\u00eds va participar activament en la presentaci\u00f3 del calendari de regates de la temporada 2026, que inclour\u00e0 alguns dels esdeveniments m\u00e9s destacats de la vela de altura nacional: La Ruta de la Sal Rumbo Ibiza (2 d\u2019abril), Regata Bah\u00eda de Pollen\u00e7a (22 de [&hellip;]<\/p>\n","protected":false},"author":6,"featured_media":56031,"comment_status":"closed","ping_status":"closed","sticky":false,"template":"","format":"standard","meta":{"footnotes":""},"categories":[2653,782,8,788],"tags":[],"class_list":["post-56040","post","type-post","status-publish","format-standard","has-post-thumbnail","hentry","category-activitats","category-esport","category-noticies","category-vela-ca"],"acf":[],"_links":{"self":[{"href":"https:\/\/www.cnelbalis.com\/ca\/wp-json\/wp\/v2\/posts\/56040","targetHints":{"allow":["GET"]}}],"collection":[{"href":"https:\/\/www.cnelbalis.com\/ca\/wp-json\/wp\/v2\/posts"}],"about":[{"href":"https:\/\/www.cnelbalis.com\/ca\/wp-json\/wp\/v2\/types\/post"}],"author":[{"embeddable":true,"href":"https:\/\/www.cnelbalis.com\/ca\/wp-json\/wp\/v2\/users\/6"}],"replies":[{"embeddable":true,"href":"https:\/\/www.cnelbalis.com\/ca\/wp-json\/wp\/v2\/comments?post=56040"}],"version-history":[{"count":5,"href":"https:\/\/www.cnelbalis.com\/ca\/wp-json\/wp\/v2\/posts\/56040\/revisions"}],"predecessor-version":[{"id":56049,"href":"https:\/\/www.cnelbalis.com\/ca\/wp-json\/wp\/v2\/posts\/56040\/revisions\/56049"}],"wp:featuredmedia":[{"embeddable":true,"href":"https:\/\/www.cnelbalis.com\/ca\/wp-json\/wp\/v2\/media\/56031"}],"wp:attachment":[{"href":"https:\/\/www.cnelbalis.com\/ca\/wp-json\/wp\/v2\/media?parent=56040"}],"wp:term":[{"taxonomy":"category","embeddable":true,"href":"https:\/\/www.cnelbalis.com\/ca\/wp-json\/wp\/v2\/categories?post=56040"},{"taxonomy":"post_tag","embeddable":true,"href":"https:\/\/www.cnelbalis.com\/ca\/wp-json\/wp\/v2\/tags?post=56040"}],"curies":[{"name":"wp","href":"https:\/\/api.w.org\/{rel}","templated":true}]}}