{"id":55980,"date":"2025-10-08T18:02:29","date_gmt":"2025-10-08T16:02:29","guid":{"rendered":"https:\/\/www.cnelbalis.com\/?p=55980"},"modified":"2025-10-08T18:00:07","modified_gmt":"2025-10-08T16:00:07","slug":"grans-resultats-de-lequip-de-windsurf-del-cn-el-balis-a-la-n2-de-roses","status":"publish","type":"post","link":"https:\/\/www.cnelbalis.com\/ca\/grans-resultats-de-lequip-de-windsurf-del-cn-el-balis-a-la-n2-de-roses\/","title":{"rendered":"GRANS RESULTATS DE L\u2019EQUIP DE WINDSURF DEL CN EL BAL\u00cdS A LA N2 DE ROSES"},"content":{"rendered":"<p><img loading=\"lazy\" decoding=\"async\" class=\"aligncenter wp-image-55981 size-large\" src=\"https:\/\/www.cnelbalis.com\/wp-content\/uploads\/2025\/10\/54838624545_3b52df0112_o-1024x683.jpg\" alt=\"Trofeu Vila de Roses N2 de Windsurf CN El Bal\u00eds\" width=\"1024\" height=\"683\" srcset=\"https:\/\/www.cnelbalis.com\/wp-content\/uploads\/2025\/10\/54838624545_3b52df0112_o-1024x683.jpg 1024w, https:\/\/www.cnelbalis.com\/wp-content\/uploads\/2025\/10\/54838624545_3b52df0112_o-300x200.jpg 300w, https:\/\/www.cnelbalis.com\/wp-content\/uploads\/2025\/10\/54838624545_3b52df0112_o-768x512.jpg 768w, https:\/\/www.cnelbalis.com\/wp-content\/uploads\/2025\/10\/54838624545_3b52df0112_o-1536x1024.jpg 1536w, https:\/\/www.cnelbalis.com\/wp-content\/uploads\/2025\/10\/54838624545_3b52df0112_o-2048x1365.jpg 2048w, https:\/\/www.cnelbalis.com\/wp-content\/uploads\/2025\/10\/54838624545_3b52df0112_o-1500x1000.jpg 1500w\" sizes=\"auto, (max-width: 1024px) 100vw, 1024px\" \/><\/p>\n<p data-start=\"236\" data-end=\"487\">El passat cap de setmana, l\u2019equip de windsurf del CN El Bal\u00eds va tenir una actuaci\u00f3 destacada a la regata N2 celebrada a Roses. Els esportistes del Club van demostrar un gran nivell i comprom\u00eds, obtenint excel\u00b7lents resultats en diverses categories:<\/p>\n<ul>\n<li data-start=\"491\" data-end=\"531\"><strong data-start=\"491\" data-end=\"497\">1r<\/strong> Alejandro Cuesta \u2013 TECHNO Sub15<\/li>\n<li data-start=\"534\" data-end=\"571\"><strong data-start=\"534\" data-end=\"540\">2n<\/strong> Teo Henriques \u2013 TECHNO Sub15<\/li>\n<li data-start=\"574\" data-end=\"628\"><strong data-start=\"574\" data-end=\"580\">3a<\/strong> Alicia Vi\u00f1as \u2013 TECHNO Sub15 i 1a femenina<\/li>\n<li data-start=\"631\" data-end=\"673\"><strong data-start=\"631\" data-end=\"637\">1a<\/strong> Alejandra Pe\u00f1a \u2013 TECHNO Iniciaci\u00f3<\/li>\n<li data-start=\"676\" data-end=\"712\"><strong data-start=\"676\" data-end=\"682\">3a<\/strong> Marina Tom\u00e1s \u2013 TECHNO Sub17<\/li>\n<li data-start=\"715\" data-end=\"753\"><strong data-start=\"715\" data-end=\"721\">3r<\/strong> Derin Gokmeral \u2013 iQFOiL Sub17<\/li>\n<li data-start=\"756\" data-end=\"792\"><strong data-start=\"756\" data-end=\"762\">3r<\/strong> Mario Cuesta \u2013 TECHNO Sub13<\/li>\n<\/ul>\n<p data-start=\"794\" data-end=\"942\">Tamb\u00e9 cal destacar el bon paper d\u2019<strong data-start=\"828\" data-end=\"842\">Ona Falg\u00e1s<\/strong> i <strong data-start=\"845\" data-end=\"865\">Jorge Apestegu\u00eda<\/strong>, que van finalitzar en una merit\u00f2ria <strong data-start=\"903\" data-end=\"917\">4a posici\u00f3<\/strong>, molt a prop del podi.<\/p>\n<p data-start=\"944\" data-end=\"1073\">Des del CN El Bal\u00eds felicitem tot l\u2019equip pel seu esfor\u00e7, const\u00e0ncia i excel\u00b7lent representaci\u00f3 del Club en aquesta competici\u00f3.<\/p>\n","protected":false},"excerpt":{"rendered":"<p>El passat cap de setmana, l\u2019equip de windsurf del CN El Bal\u00eds va tenir una actuaci\u00f3 destacada a la regata N2 celebrada a Roses. Els esportistes del Club van demostrar un gran nivell i comprom\u00eds, obtenint excel\u00b7lents resultats en diverses categories: 1r Alejandro Cuesta \u2013 TECHNO Sub15 2n Teo Henriques \u2013 TECHNO Sub15 3a Alicia [&hellip;]<\/p>\n","protected":false},"author":6,"featured_media":55981,"comment_status":"closed","ping_status":"closed","sticky":false,"template":"","format":"standard","meta":{"footnotes":""},"categories":[2653,782,8,788],"tags":[],"class_list":["post-55980","post","type-post","status-publish","format-standard","has-post-thumbnail","hentry","category-activitats","category-esport","category-noticies","category-vela-ca"],"acf":[],"_links":{"self":[{"href":"https:\/\/www.cnelbalis.com\/ca\/wp-json\/wp\/v2\/posts\/55980","targetHints":{"allow":["GET"]}}],"collection":[{"href":"https:\/\/www.cnelbalis.com\/ca\/wp-json\/wp\/v2\/posts"}],"about":[{"href":"https:\/\/www.cnelbalis.com\/ca\/wp-json\/wp\/v2\/types\/post"}],"author":[{"embeddable":true,"href":"https:\/\/www.cnelbalis.com\/ca\/wp-json\/wp\/v2\/users\/6"}],"replies":[{"embeddable":true,"href":"https:\/\/www.cnelbalis.com\/ca\/wp-json\/wp\/v2\/comments?post=55980"}],"version-history":[{"count":1,"href":"https:\/\/www.cnelbalis.com\/ca\/wp-json\/wp\/v2\/posts\/55980\/revisions"}],"predecessor-version":[{"id":55985,"href":"https:\/\/www.cnelbalis.com\/ca\/wp-json\/wp\/v2\/posts\/55980\/revisions\/55985"}],"wp:featuredmedia":[{"embeddable":true,"href":"https:\/\/www.cnelbalis.com\/ca\/wp-json\/wp\/v2\/media\/55981"}],"wp:attachment":[{"href":"https:\/\/www.cnelbalis.com\/ca\/wp-json\/wp\/v2\/media?parent=55980"}],"wp:term":[{"taxonomy":"category","embeddable":true,"href":"https:\/\/www.cnelbalis.com\/ca\/wp-json\/wp\/v2\/categories?post=55980"},{"taxonomy":"post_tag","embeddable":true,"href":"https:\/\/www.cnelbalis.com\/ca\/wp-json\/wp\/v2\/tags?post=55980"}],"curies":[{"name":"wp","href":"https:\/\/api.w.org\/{rel}","templated":true}]}}