{"id":55958,"date":"2025-10-08T17:31:20","date_gmt":"2025-10-08T15:31:20","guid":{"rendered":"https:\/\/www.cnelbalis.com\/?p=55958"},"modified":"2025-10-08T17:28:56","modified_gmt":"2025-10-08T15:28:56","slug":"rem-master-per-a-majors-de-63-anys","status":"publish","type":"post","link":"https:\/\/www.cnelbalis.com\/ca\/rem-master-per-a-majors-de-63-anys\/","title":{"rendered":"REM M\u00c0STER: NOVA ACTIVITAT DE REM PER A MAJORS DE 63 ANYS"},"content":{"rendered":"<p><img loading=\"lazy\" decoding=\"async\" class=\"aligncenter wp-image-55968 size-full\" src=\"https:\/\/www.cnelbalis.com\/wp-content\/uploads\/2025\/10\/POST-IG-REM-MASTER-63.png\" alt=\"Rem M\u00e0ster +63 CN El Bal\u00eds\" width=\"1080\" height=\"1350\" srcset=\"https:\/\/www.cnelbalis.com\/wp-content\/uploads\/2025\/10\/POST-IG-REM-MASTER-63.png 1080w, https:\/\/www.cnelbalis.com\/wp-content\/uploads\/2025\/10\/POST-IG-REM-MASTER-63-240x300.png 240w, https:\/\/www.cnelbalis.com\/wp-content\/uploads\/2025\/10\/POST-IG-REM-MASTER-63-819x1024.png 819w, https:\/\/www.cnelbalis.com\/wp-content\/uploads\/2025\/10\/POST-IG-REM-MASTER-63-768x960.png 768w\" sizes=\"auto, (max-width: 1080px) 100vw, 1080px\" \/><\/p>\n<p data-start=\"168\" data-end=\"365\">El CN El Bal\u00eds ha posat en marxa una activitat de r<strong>em adre\u00e7ada a persones majors de 63 anys<\/strong>. Les sessions es fan cada dimarts a les 9 h a la caseta de rem, situada al costat oest de la Nau Blava.<\/p>\n<p data-start=\"367\" data-end=\"568\">El rem \u00e9s una activitat completa, segura i divertida que ajuda a <strong>millorar la for\u00e7a, l\u2019equilibri i la salut cardiovascular<\/strong>, alhora que <strong>afavoreix el benestar emocional<\/strong> en un ambient social i motivador.<\/p>\n<p data-start=\"570\" data-end=\"715\">Si vols provar aquesta experi\u00e8ncia i sumar-te al grup, pots demanar m\u00e9s informaci\u00f3 o inscriure\u2019t a <strong data-start=\"669\" data-end=\"691\"><a class=\"decorated-link cursor-pointer\" rel=\"noopener\" data-start=\"671\" data-end=\"689\">hola@cnelbalis.com<\/a><\/strong> o al <strong data-start=\"697\" data-end=\"712\">937 929 900<\/strong>.<\/p>\n<p data-start=\"570\" data-end=\"715\"><strong>Mou-te, gaudeix i comparteix al mar!<\/strong><\/p>\n","protected":false},"excerpt":{"rendered":"<p>El CN El Bal\u00eds ha posat en marxa una activitat de rem adre\u00e7ada a persones majors de 63 anys. Les sessions es fan cada dimarts a les 9 h a la caseta de rem, situada al costat oest de la Nau Blava. El rem \u00e9s una activitat completa, segura i divertida que ajuda a millorar [&hellip;]<\/p>\n","protected":false},"author":6,"featured_media":55959,"comment_status":"closed","ping_status":"closed","sticky":false,"template":"","format":"standard","meta":{"footnotes":""},"categories":[2653,782,8,786,2705],"tags":[],"class_list":["post-55958","post","type-post","status-publish","format-standard","has-post-thumbnail","hentry","category-activitats","category-esport","category-noticies","category-rem","category-rsc-2"],"acf":[],"_links":{"self":[{"href":"https:\/\/www.cnelbalis.com\/ca\/wp-json\/wp\/v2\/posts\/55958","targetHints":{"allow":["GET"]}}],"collection":[{"href":"https:\/\/www.cnelbalis.com\/ca\/wp-json\/wp\/v2\/posts"}],"about":[{"href":"https:\/\/www.cnelbalis.com\/ca\/wp-json\/wp\/v2\/types\/post"}],"author":[{"embeddable":true,"href":"https:\/\/www.cnelbalis.com\/ca\/wp-json\/wp\/v2\/users\/6"}],"replies":[{"embeddable":true,"href":"https:\/\/www.cnelbalis.com\/ca\/wp-json\/wp\/v2\/comments?post=55958"}],"version-history":[{"count":4,"href":"https:\/\/www.cnelbalis.com\/ca\/wp-json\/wp\/v2\/posts\/55958\/revisions"}],"predecessor-version":[{"id":55976,"href":"https:\/\/www.cnelbalis.com\/ca\/wp-json\/wp\/v2\/posts\/55958\/revisions\/55976"}],"wp:featuredmedia":[{"embeddable":true,"href":"https:\/\/www.cnelbalis.com\/ca\/wp-json\/wp\/v2\/media\/55959"}],"wp:attachment":[{"href":"https:\/\/www.cnelbalis.com\/ca\/wp-json\/wp\/v2\/media?parent=55958"}],"wp:term":[{"taxonomy":"category","embeddable":true,"href":"https:\/\/www.cnelbalis.com\/ca\/wp-json\/wp\/v2\/categories?post=55958"},{"taxonomy":"post_tag","embeddable":true,"href":"https:\/\/www.cnelbalis.com\/ca\/wp-json\/wp\/v2\/tags?post=55958"}],"curies":[{"name":"wp","href":"https:\/\/api.w.org\/{rel}","templated":true}]}}