{"id":55934,"date":"2025-10-06T15:57:38","date_gmt":"2025-10-06T13:57:38","guid":{"rendered":"https:\/\/www.cnelbalis.com\/?p=55934"},"modified":"2025-10-06T15:58:28","modified_gmt":"2025-10-06T13:58:28","slug":"gran-exit-al-trofeu-cornudella-n2-420-i-ilca","status":"publish","type":"post","link":"https:\/\/www.cnelbalis.com\/ca\/gran-exit-al-trofeu-cornudella-n2-420-i-ilca\/","title":{"rendered":"GRAN \u00c8XIT AL TROFEU CORNUDELLA N2 420 I ILCA"},"content":{"rendered":"<p><img loading=\"lazy\" decoding=\"async\" class=\"aligncenter wp-image-55918 size-large\" src=\"https:\/\/www.cnelbalis.com\/wp-content\/uploads\/2025\/10\/FOTO-TROFEU-CORNUDELLA-420ILCA-001-1024x683.jpg\" alt=\"Trofeu Cornudella 420+ILCA CN El Bal\u00eds\" width=\"1024\" height=\"683\" srcset=\"https:\/\/www.cnelbalis.com\/wp-content\/uploads\/2025\/10\/FOTO-TROFEU-CORNUDELLA-420ILCA-001-1024x683.jpg 1024w, https:\/\/www.cnelbalis.com\/wp-content\/uploads\/2025\/10\/FOTO-TROFEU-CORNUDELLA-420ILCA-001-300x200.jpg 300w, https:\/\/www.cnelbalis.com\/wp-content\/uploads\/2025\/10\/FOTO-TROFEU-CORNUDELLA-420ILCA-001-768x512.jpg 768w, https:\/\/www.cnelbalis.com\/wp-content\/uploads\/2025\/10\/FOTO-TROFEU-CORNUDELLA-420ILCA-001.jpg 1500w\" sizes=\"auto, (max-width: 1024px) 100vw, 1024px\" \/><\/p>\n<p>Aquest cap de setmana s\u2019ha celebrat el <strong>Trofeu Cornudella<\/strong> en aig\u00fces del <strong>CN El Bal\u00eds<\/strong>.<br \/>\nDissabte vam gaudir d\u2019unes condicions espectaculars que van permetre disputar quatre proves per a totes les flotes. En canvi, diumenge el vent no va acompanyar i no es van poder completar les dues proves restants, tot i els intents del comit\u00e8 de regates.<\/p>\n<p>Volem agrair la gran participaci\u00f3, amb m\u00e9s de 100 regatistes entre totes les classes.<\/p>\n<p>Gr\u00e0cies a <strong>Laura Carrau<\/strong> per les imatges!<\/p>\n<p><img loading=\"lazy\" decoding=\"async\" class=\"aligncenter wp-image-55930 size-large\" src=\"https:\/\/www.cnelbalis.com\/wp-content\/uploads\/2025\/10\/FOTO-TROFEU-CORNUDELLA-420ILCA-012-1024x683.jpg\" alt=\"Trofeu Cornudella 420+ILCA CN El Bal\u00eds\" width=\"1024\" height=\"683\" srcset=\"https:\/\/www.cnelbalis.com\/wp-content\/uploads\/2025\/10\/FOTO-TROFEU-CORNUDELLA-420ILCA-012-1024x683.jpg 1024w, https:\/\/www.cnelbalis.com\/wp-content\/uploads\/2025\/10\/FOTO-TROFEU-CORNUDELLA-420ILCA-012-300x200.jpg 300w, https:\/\/www.cnelbalis.com\/wp-content\/uploads\/2025\/10\/FOTO-TROFEU-CORNUDELLA-420ILCA-012-768x512.jpg 768w, https:\/\/www.cnelbalis.com\/wp-content\/uploads\/2025\/10\/FOTO-TROFEU-CORNUDELLA-420ILCA-012.jpg 1500w\" sizes=\"auto, (max-width: 1024px) 100vw, 1024px\" \/><img loading=\"lazy\" decoding=\"async\" class=\"aligncenter wp-image-55936 size-large\" src=\"https:\/\/www.cnelbalis.com\/wp-content\/uploads\/2025\/10\/FOTO-TROFEU-CORNUDELLA-420ILCA-022-1024x683.jpg\" alt=\"Trofeu Cornudella 420+ILCA CN El Bal\u00eds\" width=\"1024\" height=\"683\" srcset=\"https:\/\/www.cnelbalis.com\/wp-content\/uploads\/2025\/10\/FOTO-TROFEU-CORNUDELLA-420ILCA-022-1024x683.jpg 1024w, https:\/\/www.cnelbalis.com\/wp-content\/uploads\/2025\/10\/FOTO-TROFEU-CORNUDELLA-420ILCA-022-300x200.jpg 300w, https:\/\/www.cnelbalis.com\/wp-content\/uploads\/2025\/10\/FOTO-TROFEU-CORNUDELLA-420ILCA-022-768x512.jpg 768w, https:\/\/www.cnelbalis.com\/wp-content\/uploads\/2025\/10\/FOTO-TROFEU-CORNUDELLA-420ILCA-022.jpg 1500w\" sizes=\"auto, (max-width: 1024px) 100vw, 1024px\" \/><img loading=\"lazy\" decoding=\"async\" class=\"aligncenter wp-image-55926 size-large\" src=\"https:\/\/www.cnelbalis.com\/wp-content\/uploads\/2025\/10\/FOTO-TROFEU-CORNUDELLA-420ILCA-003-1024x683.jpg\" alt=\"Trofeu Cornudella 420+ILCA CN El Bal\u00eds\" width=\"1024\" height=\"683\" srcset=\"https:\/\/www.cnelbalis.com\/wp-content\/uploads\/2025\/10\/FOTO-TROFEU-CORNUDELLA-420ILCA-003-1024x683.jpg 1024w, https:\/\/www.cnelbalis.com\/wp-content\/uploads\/2025\/10\/FOTO-TROFEU-CORNUDELLA-420ILCA-003-300x200.jpg 300w, https:\/\/www.cnelbalis.com\/wp-content\/uploads\/2025\/10\/FOTO-TROFEU-CORNUDELLA-420ILCA-003-768x512.jpg 768w, https:\/\/www.cnelbalis.com\/wp-content\/uploads\/2025\/10\/FOTO-TROFEU-CORNUDELLA-420ILCA-003.jpg 1500w\" sizes=\"auto, (max-width: 1024px) 100vw, 1024px\" \/><\/p>\n<p>Consulta la <strong>relaci\u00f3 de premiats<\/strong>, les <strong>fotografies del campionat<\/strong> i tota la informaci\u00f3 de la regata als enlla\u00e7os seg\u00fcents:<\/p>\n","protected":false},"excerpt":{"rendered":"<p>Aquest cap de setmana s\u2019ha celebrat el Trofeu Cornudella en aig\u00fces del CN El Bal\u00eds. Dissabte vam gaudir d\u2019unes condicions espectaculars que van permetre disputar quatre proves per a totes les flotes. En canvi, diumenge el vent no va acompanyar i no es van poder completar les dues proves restants, tot i els intents del [&hellip;]<\/p>\n","protected":false},"author":6,"featured_media":55918,"comment_status":"closed","ping_status":"closed","sticky":false,"template":"","format":"standard","meta":{"footnotes":""},"categories":[2653,782,8,788],"tags":[],"class_list":["post-55934","post","type-post","status-publish","format-standard","has-post-thumbnail","hentry","category-activitats","category-esport","category-noticies","category-vela-ca"],"acf":[],"_links":{"self":[{"href":"https:\/\/www.cnelbalis.com\/ca\/wp-json\/wp\/v2\/posts\/55934","targetHints":{"allow":["GET"]}}],"collection":[{"href":"https:\/\/www.cnelbalis.com\/ca\/wp-json\/wp\/v2\/posts"}],"about":[{"href":"https:\/\/www.cnelbalis.com\/ca\/wp-json\/wp\/v2\/types\/post"}],"author":[{"embeddable":true,"href":"https:\/\/www.cnelbalis.com\/ca\/wp-json\/wp\/v2\/users\/6"}],"replies":[{"embeddable":true,"href":"https:\/\/www.cnelbalis.com\/ca\/wp-json\/wp\/v2\/comments?post=55934"}],"version-history":[{"count":2,"href":"https:\/\/www.cnelbalis.com\/ca\/wp-json\/wp\/v2\/posts\/55934\/revisions"}],"predecessor-version":[{"id":55941,"href":"https:\/\/www.cnelbalis.com\/ca\/wp-json\/wp\/v2\/posts\/55934\/revisions\/55941"}],"wp:featuredmedia":[{"embeddable":true,"href":"https:\/\/www.cnelbalis.com\/ca\/wp-json\/wp\/v2\/media\/55918"}],"wp:attachment":[{"href":"https:\/\/www.cnelbalis.com\/ca\/wp-json\/wp\/v2\/media?parent=55934"}],"wp:term":[{"taxonomy":"category","embeddable":true,"href":"https:\/\/www.cnelbalis.com\/ca\/wp-json\/wp\/v2\/categories?post=55934"},{"taxonomy":"post_tag","embeddable":true,"href":"https:\/\/www.cnelbalis.com\/ca\/wp-json\/wp\/v2\/tags?post=55934"}],"curies":[{"name":"wp","href":"https:\/\/api.w.org\/{rel}","templated":true}]}}