{"id":55840,"date":"2025-10-02T13:51:44","date_gmt":"2025-10-02T11:51:44","guid":{"rendered":"https:\/\/www.cnelbalis.com\/?p=55840"},"modified":"2025-10-02T16:26:54","modified_gmt":"2025-10-02T14:26:54","slug":"jornada-de-recollida-de-residus-al-port","status":"publish","type":"post","link":"https:\/\/www.cnelbalis.com\/ca\/jornada-de-recollida-de-residus-al-port\/","title":{"rendered":"JORNADA DE RECOLLIDA DE RESIDUS AL PORT"},"content":{"rendered":"<p><img loading=\"lazy\" decoding=\"async\" class=\"aligncenter wp-image-55849 size-large\" src=\"https:\/\/www.cnelbalis.com\/wp-content\/uploads\/2025\/10\/FOTO-RECOLLIDA-BROSSA-001-1024x576.jpg\" alt=\"Recollida de residus Port Bal\u00eds - CN El Bal\u00eds\" width=\"1024\" height=\"576\" srcset=\"https:\/\/www.cnelbalis.com\/wp-content\/uploads\/2025\/10\/FOTO-RECOLLIDA-BROSSA-001-1024x576.jpg 1024w, https:\/\/www.cnelbalis.com\/wp-content\/uploads\/2025\/10\/FOTO-RECOLLIDA-BROSSA-001-300x169.jpg 300w, https:\/\/www.cnelbalis.com\/wp-content\/uploads\/2025\/10\/FOTO-RECOLLIDA-BROSSA-001-768x432.jpg 768w, https:\/\/www.cnelbalis.com\/wp-content\/uploads\/2025\/10\/FOTO-RECOLLIDA-BROSSA-001-1536x864.jpg 1536w, https:\/\/www.cnelbalis.com\/wp-content\/uploads\/2025\/10\/FOTO-RECOLLIDA-BROSSA-001.jpg 1600w\" sizes=\"auto, (max-width: 1024px) 100vw, 1024px\" \/><\/p>\n<p>El dissabte 27 de setembre, el Club N\u00e0utic El Bal\u00eds va organitzar una acci\u00f3 de <strong>recollida de residus<\/strong> en el marc de la seva estrat\u00e8gia de <strong>Responsabilitat Social Corporativa (RSC)<\/strong>. L\u2019activitat es va dur a terme a les explanades de vela lleugera i Optimist i a les seves corresponents zones mar\u00edtimes.<\/p>\n<p>Alguns regatistes i entrenadors van participar volunt\u00e0riament en aquesta iniciativa, que tenia com a objectiu principal <strong>fomentar la consci\u00e8ncia ambiental<\/strong> entre els membres del club i contribuir a la preservaci\u00f3 del nostre entorn natural.<\/p>\n<p>Amb accions com aquesta, el CN El Bal\u00eds reafirma el seu <strong>comprom\u00eds amb la sostenibilitat i el respecte pel medi ambient<\/strong>, promovent valors de responsabilitat i cura del planeta entre les noves generacions.<\/p>\n<p><img loading=\"lazy\" decoding=\"async\" class=\"aligncenter wp-image-55853\" src=\"https:\/\/www.cnelbalis.com\/wp-content\/uploads\/2025\/10\/FOTO-RECOLLIDA-BROSSA-002-e1759404952485.jpg\" alt=\"Recollida de residus Port Bal\u00eds - CN El Bal\u00eds\" width=\"1024\" height=\"1411\" srcset=\"https:\/\/www.cnelbalis.com\/wp-content\/uploads\/2025\/10\/FOTO-RECOLLIDA-BROSSA-002-e1759404952485.jpg 900w, https:\/\/www.cnelbalis.com\/wp-content\/uploads\/2025\/10\/FOTO-RECOLLIDA-BROSSA-002-e1759404952485-218x300.jpg 218w, https:\/\/www.cnelbalis.com\/wp-content\/uploads\/2025\/10\/FOTO-RECOLLIDA-BROSSA-002-e1759404952485-743x1024.jpg 743w, https:\/\/www.cnelbalis.com\/wp-content\/uploads\/2025\/10\/FOTO-RECOLLIDA-BROSSA-002-e1759404952485-768x1058.jpg 768w\" sizes=\"auto, (max-width: 1024px) 100vw, 1024px\" \/><\/p>\n<p><img loading=\"lazy\" decoding=\"async\" class=\"aligncenter wp-image-55857\" src=\"https:\/\/www.cnelbalis.com\/wp-content\/uploads\/2025\/10\/FOTO-RECOLLIDA-BROSSA-004.jpg\" alt=\"Recollida de residus Port Bal\u00eds - CN El Bal\u00eds\" width=\"1024\" height=\"576\" srcset=\"https:\/\/www.cnelbalis.com\/wp-content\/uploads\/2025\/10\/FOTO-RECOLLIDA-BROSSA-004.jpg 1600w, https:\/\/www.cnelbalis.com\/wp-content\/uploads\/2025\/10\/FOTO-RECOLLIDA-BROSSA-004-300x169.jpg 300w, https:\/\/www.cnelbalis.com\/wp-content\/uploads\/2025\/10\/FOTO-RECOLLIDA-BROSSA-004-1024x576.jpg 1024w, https:\/\/www.cnelbalis.com\/wp-content\/uploads\/2025\/10\/FOTO-RECOLLIDA-BROSSA-004-768x432.jpg 768w, https:\/\/www.cnelbalis.com\/wp-content\/uploads\/2025\/10\/FOTO-RECOLLIDA-BROSSA-004-1536x864.jpg 1536w\" sizes=\"auto, (max-width: 1024px) 100vw, 1024px\" \/><\/p>\n<p>&nbsp;<\/p>\n","protected":false},"excerpt":{"rendered":"<p>El dissabte 27 de setembre, el Club N\u00e0utic El Bal\u00eds va organitzar una acci\u00f3 de recollida de residus en el marc de la seva estrat\u00e8gia de Responsabilitat Social Corporativa (RSC). L\u2019activitat es va dur a terme a les explanades de vela lleugera i Optimist i a les seves corresponents zones mar\u00edtimes. Alguns regatistes i entrenadors [&hellip;]<\/p>\n","protected":false},"author":6,"featured_media":55874,"comment_status":"closed","ping_status":"closed","sticky":false,"template":"","format":"standard","meta":{"footnotes":""},"categories":[2653,8,2705],"tags":[],"class_list":["post-55840","post","type-post","status-publish","format-standard","has-post-thumbnail","hentry","category-activitats","category-noticies","category-rsc-2"],"acf":[],"_links":{"self":[{"href":"https:\/\/www.cnelbalis.com\/ca\/wp-json\/wp\/v2\/posts\/55840","targetHints":{"allow":["GET"]}}],"collection":[{"href":"https:\/\/www.cnelbalis.com\/ca\/wp-json\/wp\/v2\/posts"}],"about":[{"href":"https:\/\/www.cnelbalis.com\/ca\/wp-json\/wp\/v2\/types\/post"}],"author":[{"embeddable":true,"href":"https:\/\/www.cnelbalis.com\/ca\/wp-json\/wp\/v2\/users\/6"}],"replies":[{"embeddable":true,"href":"https:\/\/www.cnelbalis.com\/ca\/wp-json\/wp\/v2\/comments?post=55840"}],"version-history":[{"count":5,"href":"https:\/\/www.cnelbalis.com\/ca\/wp-json\/wp\/v2\/posts\/55840\/revisions"}],"predecessor-version":[{"id":55880,"href":"https:\/\/www.cnelbalis.com\/ca\/wp-json\/wp\/v2\/posts\/55840\/revisions\/55880"}],"wp:featuredmedia":[{"embeddable":true,"href":"https:\/\/www.cnelbalis.com\/ca\/wp-json\/wp\/v2\/media\/55874"}],"wp:attachment":[{"href":"https:\/\/www.cnelbalis.com\/ca\/wp-json\/wp\/v2\/media?parent=55840"}],"wp:term":[{"taxonomy":"category","embeddable":true,"href":"https:\/\/www.cnelbalis.com\/ca\/wp-json\/wp\/v2\/categories?post=55840"},{"taxonomy":"post_tag","embeddable":true,"href":"https:\/\/www.cnelbalis.com\/ca\/wp-json\/wp\/v2\/tags?post=55840"}],"curies":[{"name":"wp","href":"https:\/\/api.w.org\/{rel}","templated":true}]}}