{"id":55811,"date":"2025-09-30T17:40:25","date_gmt":"2025-09-30T15:40:25","guid":{"rendered":"https:\/\/www.cnelbalis.com\/?p=55811"},"modified":"2025-09-30T17:40:34","modified_gmt":"2025-09-30T15:40:34","slug":"silvia-ravetllat-subcampiona-mundial-laser-en-categoria-gran-master","status":"publish","type":"post","link":"https:\/\/www.cnelbalis.com\/ca\/silvia-ravetllat-subcampiona-mundial-laser-en-categoria-gran-master\/","title":{"rendered":"S\u00cdLVIA RAVETLLAT, SUBCAMPIONA MUNDIAL LASER EN CATEGORIA GRAN M\u00c0STER"},"content":{"rendered":"<p><img loading=\"lazy\" decoding=\"async\" class=\"aligncenter wp-image-55820\" src=\"https:\/\/www.cnelbalis.com\/wp-content\/uploads\/2025\/09\/FOTO-CAMPIONAT-MUNDIAL-ILCA6ILCA7-MASTER-003.jpg\" alt=\"S\u00cdLVIA RAVETLLAT, SUBCAMPIONA MUNDIAL LASER EN CATEGORIA GRAN M\u00c0STER - CN El Bal\u00eds\" width=\"1023\" height=\"682\" srcset=\"https:\/\/www.cnelbalis.com\/wp-content\/uploads\/2025\/09\/FOTO-CAMPIONAT-MUNDIAL-ILCA6ILCA7-MASTER-003.jpg 2000w, https:\/\/www.cnelbalis.com\/wp-content\/uploads\/2025\/09\/FOTO-CAMPIONAT-MUNDIAL-ILCA6ILCA7-MASTER-003-300x200.jpg 300w, https:\/\/www.cnelbalis.com\/wp-content\/uploads\/2025\/09\/FOTO-CAMPIONAT-MUNDIAL-ILCA6ILCA7-MASTER-003-1024x682.jpg 1024w, https:\/\/www.cnelbalis.com\/wp-content\/uploads\/2025\/09\/FOTO-CAMPIONAT-MUNDIAL-ILCA6ILCA7-MASTER-003-768x512.jpg 768w, https:\/\/www.cnelbalis.com\/wp-content\/uploads\/2025\/09\/FOTO-CAMPIONAT-MUNDIAL-ILCA6ILCA7-MASTER-003-1536x1024.jpg 1536w, https:\/\/www.cnelbalis.com\/wp-content\/uploads\/2025\/09\/FOTO-CAMPIONAT-MUNDIAL-ILCA6ILCA7-MASTER-003-1500x1000.jpg 1500w\" sizes=\"auto, (max-width: 1023px) 100vw, 1023px\" \/><\/p>\n<p>Del 18 al 28 de setembre s\u2019ha celebrat el <strong>Campionat del M\u00f3n de les classes ILCA 6 i 7 M\u00e0ster a Formia, It\u00e0lia<\/strong>.<\/p>\n<p>El CN El Bal\u00eds hi ha estat representat a la classe ILCA 6, amb destacats resultats. <strong>Xavi Boluda va aconseguir una merit\u00f2ria cinquena posici\u00f3 a la classificaci\u00f3 general<\/strong> <strong>en la categoria Gran M\u00e0ster<\/strong>. Especial menci\u00f3 mereix <strong>S\u00edlvia Ravetllat, que es va proclamar subcampiona del m\u00f3n en la categoria Gran M\u00e0ster Femen\u00ed.<\/strong><\/p>\n<p>El campionat va constar d\u201911 proves amb una flota de gaireb\u00e9 100 regatistes d\u2019alt nivell.<\/p>\n<p><strong>Enhorabona, S\u00edlvia i Xavi, per aquests magn\u00edfics resultats!<\/strong><\/p>\n<p data-start=\"1566\" data-end=\"1713\"><img loading=\"lazy\" decoding=\"async\" class=\"aligncenter wp-image-55812\" src=\"https:\/\/www.cnelbalis.com\/wp-content\/uploads\/2025\/09\/FOTO-CAMPIONAT-MUNDIAL-ILCA6ILCA7-MASTER-001.jpg\" alt=\"S\u00cdLVIA RAVETLLAT, SUBCAMPIONA MUNDIAL LASER EN CATEGORIA GRAN M\u00c0STER - CN El Bal\u00eds\" width=\"1024\" height=\"1365\" srcset=\"https:\/\/www.cnelbalis.com\/wp-content\/uploads\/2025\/09\/FOTO-CAMPIONAT-MUNDIAL-ILCA6ILCA7-MASTER-001.jpg 1536w, https:\/\/www.cnelbalis.com\/wp-content\/uploads\/2025\/09\/FOTO-CAMPIONAT-MUNDIAL-ILCA6ILCA7-MASTER-001-225x300.jpg 225w, https:\/\/www.cnelbalis.com\/wp-content\/uploads\/2025\/09\/FOTO-CAMPIONAT-MUNDIAL-ILCA6ILCA7-MASTER-001-768x1024.jpg 768w, https:\/\/www.cnelbalis.com\/wp-content\/uploads\/2025\/09\/FOTO-CAMPIONAT-MUNDIAL-ILCA6ILCA7-MASTER-001-1152x1536.jpg 1152w, https:\/\/www.cnelbalis.com\/wp-content\/uploads\/2025\/09\/FOTO-CAMPIONAT-MUNDIAL-ILCA6ILCA7-MASTER-001-600x800.jpg 600w\" sizes=\"auto, (max-width: 1024px) 100vw, 1024px\" \/><\/p>\n","protected":false},"excerpt":{"rendered":"<p>Del 18 al 28 de setembre s\u2019ha celebrat el Campionat del M\u00f3n de les classes ILCA 6 i 7 M\u00e0ster a Formia, It\u00e0lia. El CN El Bal\u00eds hi ha estat representat a la classe ILCA 6, amb destacats resultats. Xavi Boluda va aconseguir una merit\u00f2ria cinquena posici\u00f3 a la classificaci\u00f3 general en la categoria Gran [&hellip;]<\/p>\n","protected":false},"author":6,"featured_media":55820,"comment_status":"closed","ping_status":"closed","sticky":false,"template":"","format":"standard","meta":{"footnotes":""},"categories":[2653,782,8,788],"tags":[],"class_list":["post-55811","post","type-post","status-publish","format-standard","has-post-thumbnail","hentry","category-activitats","category-esport","category-noticies","category-vela-ca"],"acf":[],"_links":{"self":[{"href":"https:\/\/www.cnelbalis.com\/ca\/wp-json\/wp\/v2\/posts\/55811","targetHints":{"allow":["GET"]}}],"collection":[{"href":"https:\/\/www.cnelbalis.com\/ca\/wp-json\/wp\/v2\/posts"}],"about":[{"href":"https:\/\/www.cnelbalis.com\/ca\/wp-json\/wp\/v2\/types\/post"}],"author":[{"embeddable":true,"href":"https:\/\/www.cnelbalis.com\/ca\/wp-json\/wp\/v2\/users\/6"}],"replies":[{"embeddable":true,"href":"https:\/\/www.cnelbalis.com\/ca\/wp-json\/wp\/v2\/comments?post=55811"}],"version-history":[{"count":3,"href":"https:\/\/www.cnelbalis.com\/ca\/wp-json\/wp\/v2\/posts\/55811\/revisions"}],"predecessor-version":[{"id":55831,"href":"https:\/\/www.cnelbalis.com\/ca\/wp-json\/wp\/v2\/posts\/55811\/revisions\/55831"}],"wp:featuredmedia":[{"embeddable":true,"href":"https:\/\/www.cnelbalis.com\/ca\/wp-json\/wp\/v2\/media\/55820"}],"wp:attachment":[{"href":"https:\/\/www.cnelbalis.com\/ca\/wp-json\/wp\/v2\/media?parent=55811"}],"wp:term":[{"taxonomy":"category","embeddable":true,"href":"https:\/\/www.cnelbalis.com\/ca\/wp-json\/wp\/v2\/categories?post=55811"},{"taxonomy":"post_tag","embeddable":true,"href":"https:\/\/www.cnelbalis.com\/ca\/wp-json\/wp\/v2\/tags?post=55811"}],"curies":[{"name":"wp","href":"https:\/\/api.w.org\/{rel}","templated":true}]}}