{"id":55722,"date":"2025-09-30T16:40:23","date_gmt":"2025-09-30T14:40:23","guid":{"rendered":"https:\/\/www.cnelbalis.com\/?p=55722"},"modified":"2025-09-30T16:40:12","modified_gmt":"2025-09-30T14:40:12","slug":"lequip-de-420-torna-darenys-de-mar-amb-3-podis-i-molta-experiencia","status":"publish","type":"post","link":"https:\/\/www.cnelbalis.com\/ca\/lequip-de-420-torna-darenys-de-mar-amb-3-podis-i-molta-experiencia\/","title":{"rendered":"L\u2019EQUIP DE 420 TORNA D\u2019ARENYS DE MAR AMB 3 PODIS I MOLTA EXPERI\u00c8NCIA!"},"content":{"rendered":"<p><img loading=\"lazy\" decoding=\"async\" class=\"aligncenter wp-image-55755\" src=\"https:\/\/www.cnelbalis.com\/wp-content\/uploads\/2025\/09\/FOTO-2a-REGATA-NIVELL-2-OPTIMIST-009-948x1024.jpg\" alt=\"\" width=\"1024\" height=\"1106\" srcset=\"https:\/\/www.cnelbalis.com\/wp-content\/uploads\/2025\/09\/FOTO-2a-REGATA-NIVELL-2-OPTIMIST-009-948x1024.jpg 948w, https:\/\/www.cnelbalis.com\/wp-content\/uploads\/2025\/09\/FOTO-2a-REGATA-NIVELL-2-OPTIMIST-009-278x300.jpg 278w, https:\/\/www.cnelbalis.com\/wp-content\/uploads\/2025\/09\/FOTO-2a-REGATA-NIVELL-2-OPTIMIST-009-768x830.jpg 768w, https:\/\/www.cnelbalis.com\/wp-content\/uploads\/2025\/09\/FOTO-2a-REGATA-NIVELL-2-OPTIMIST-009-1422x1536.jpg 1422w, https:\/\/www.cnelbalis.com\/wp-content\/uploads\/2025\/09\/FOTO-2a-REGATA-NIVELL-2-OPTIMIST-009.jpg 1896w\" sizes=\"auto, (max-width: 1024px) 100vw, 1024px\" \/><\/p>\n<p>Aquest passat cap de setmana hem viscut la <strong>segona regata de Nivell 2 a Arenys de Mar<\/strong>, una prova exigent que ha posat a treballar de valent totes les nostres tripulacions de 420. Despr\u00e9s del gran debut de la temporada, sab\u00edem que cada competici\u00f3 ens presentaria <strong>nous reptes<\/strong> i, en aquesta ocasi\u00f3, els resultats no han estat tan destacats com en la primera.<\/p>\n<p>Tot i aix\u00f2, l\u2019equip ha demostrat que continua creixent i mantenint-se competitiu. En aquesta regata hem aconseguit sumar tres podis:<\/p>\n<ul>\n<li>3r Absolut i 2n U17 \u2192 Lluc Garc\u00e9s i Fede Blanco<\/li>\n<li>2es F\u00e8mines i 1es Sub19W \u2192 Jana i Martina Rahola<\/li>\n<li>3es F\u00e8mines \u2192 Maria Blanco i Arianne Mu\u00f1oz<\/li>\n<\/ul>\n<p>Seguim treballant amb <strong>intensitat i motivaci\u00f3<\/strong>, amb un objectiu clar\u00edssim que ens guia: consolidar el nostre nivell i arribar cada vegada m\u00e9s preparats a les properes cites. Aquesta regata ens deixa <strong>aprenentatge, experi\u00e8ncia<\/strong> i, sobretot,<strong> la convicci\u00f3 d\u2019un equip que no es rendeix<\/strong> i que t\u00e9 molt per oferir aquesta temporada.<\/p>\n<p data-start=\"1566\" data-end=\"1713\"><img loading=\"lazy\" decoding=\"async\" class=\"aligncenter wp-image-55723\" src=\"https:\/\/www.cnelbalis.com\/wp-content\/uploads\/2025\/09\/FOTO-2a-REGATA-NIVELL-2-OPTIMIST-001.jpg\" alt=\"420 Nivell 2 Arenys de Mar - CN El Bal\u00eds\" width=\"1024\" height=\"1365\" srcset=\"https:\/\/www.cnelbalis.com\/wp-content\/uploads\/2025\/09\/FOTO-2a-REGATA-NIVELL-2-OPTIMIST-001.jpg 1200w, https:\/\/www.cnelbalis.com\/wp-content\/uploads\/2025\/09\/FOTO-2a-REGATA-NIVELL-2-OPTIMIST-001-225x300.jpg 225w, https:\/\/www.cnelbalis.com\/wp-content\/uploads\/2025\/09\/FOTO-2a-REGATA-NIVELL-2-OPTIMIST-001-768x1024.jpg 768w, https:\/\/www.cnelbalis.com\/wp-content\/uploads\/2025\/09\/FOTO-2a-REGATA-NIVELL-2-OPTIMIST-001-1152x1536.jpg 1152w, https:\/\/www.cnelbalis.com\/wp-content\/uploads\/2025\/09\/FOTO-2a-REGATA-NIVELL-2-OPTIMIST-001-600x800.jpg 600w\" sizes=\"auto, (max-width: 1024px) 100vw, 1024px\" \/> <img loading=\"lazy\" decoding=\"async\" class=\"aligncenter wp-image-55727\" src=\"https:\/\/www.cnelbalis.com\/wp-content\/uploads\/2025\/09\/FOTO-2a-REGATA-NIVELL-2-OPTIMIST-002.jpg\" alt=\"420 Nivell 2 Arenys de Mar - CN El Bal\u00eds\" width=\"1024\" height=\"1365\" srcset=\"https:\/\/www.cnelbalis.com\/wp-content\/uploads\/2025\/09\/FOTO-2a-REGATA-NIVELL-2-OPTIMIST-002.jpg 1200w, https:\/\/www.cnelbalis.com\/wp-content\/uploads\/2025\/09\/FOTO-2a-REGATA-NIVELL-2-OPTIMIST-002-225x300.jpg 225w, https:\/\/www.cnelbalis.com\/wp-content\/uploads\/2025\/09\/FOTO-2a-REGATA-NIVELL-2-OPTIMIST-002-768x1024.jpg 768w, https:\/\/www.cnelbalis.com\/wp-content\/uploads\/2025\/09\/FOTO-2a-REGATA-NIVELL-2-OPTIMIST-002-1152x1536.jpg 1152w, https:\/\/www.cnelbalis.com\/wp-content\/uploads\/2025\/09\/FOTO-2a-REGATA-NIVELL-2-OPTIMIST-002-600x800.jpg 600w\" sizes=\"auto, (max-width: 1024px) 100vw, 1024px\" \/> <img loading=\"lazy\" decoding=\"async\" class=\"aligncenter wp-image-55731 size-large\" src=\"https:\/\/www.cnelbalis.com\/wp-content\/uploads\/2025\/09\/FOTO-2a-REGATA-NIVELL-2-OPTIMIST-003-1024x768.jpg\" alt=\"420 Nivell 2 Arenys de Mar - CN El Bal\u00eds\" width=\"1024\" height=\"768\" srcset=\"https:\/\/www.cnelbalis.com\/wp-content\/uploads\/2025\/09\/FOTO-2a-REGATA-NIVELL-2-OPTIMIST-003-1024x768.jpg 1024w, https:\/\/www.cnelbalis.com\/wp-content\/uploads\/2025\/09\/FOTO-2a-REGATA-NIVELL-2-OPTIMIST-003-300x225.jpg 300w, https:\/\/www.cnelbalis.com\/wp-content\/uploads\/2025\/09\/FOTO-2a-REGATA-NIVELL-2-OPTIMIST-003-768x576.jpg 768w, https:\/\/www.cnelbalis.com\/wp-content\/uploads\/2025\/09\/FOTO-2a-REGATA-NIVELL-2-OPTIMIST-003-1536x1152.jpg 1536w, https:\/\/www.cnelbalis.com\/wp-content\/uploads\/2025\/09\/FOTO-2a-REGATA-NIVELL-2-OPTIMIST-003.jpg 1600w\" sizes=\"auto, (max-width: 1024px) 100vw, 1024px\" \/><img loading=\"lazy\" decoding=\"async\" class=\"aligncenter wp-image-55735\" src=\"https:\/\/www.cnelbalis.com\/wp-content\/uploads\/2025\/09\/FOTO-2a-REGATA-NIVELL-2-OPTIMIST-004.jpg\" alt=\"420 Nivell 2 Arenys de Mar - CN El Bal\u00eds\" width=\"1023\" height=\"632\" srcset=\"https:\/\/www.cnelbalis.com\/wp-content\/uploads\/2025\/09\/FOTO-2a-REGATA-NIVELL-2-OPTIMIST-004.jpg 1600w, https:\/\/www.cnelbalis.com\/wp-content\/uploads\/2025\/09\/FOTO-2a-REGATA-NIVELL-2-OPTIMIST-004-300x185.jpg 300w, https:\/\/www.cnelbalis.com\/wp-content\/uploads\/2025\/09\/FOTO-2a-REGATA-NIVELL-2-OPTIMIST-004-1024x632.jpg 1024w, https:\/\/www.cnelbalis.com\/wp-content\/uploads\/2025\/09\/FOTO-2a-REGATA-NIVELL-2-OPTIMIST-004-768x474.jpg 768w, https:\/\/www.cnelbalis.com\/wp-content\/uploads\/2025\/09\/FOTO-2a-REGATA-NIVELL-2-OPTIMIST-004-1536x948.jpg 1536w\" sizes=\"auto, (max-width: 1023px) 100vw, 1023px\" \/> <img loading=\"lazy\" decoding=\"async\" class=\"aligncenter wp-image-55739\" src=\"https:\/\/www.cnelbalis.com\/wp-content\/uploads\/2025\/09\/FOTO-2a-REGATA-NIVELL-2-OPTIMIST-005.jpg\" alt=\"420 Nivell 2 Arenys de Mar - CN El Bal\u00eds\" width=\"1024\" height=\"939\" srcset=\"https:\/\/www.cnelbalis.com\/wp-content\/uploads\/2025\/09\/FOTO-2a-REGATA-NIVELL-2-OPTIMIST-005.jpg 2048w, https:\/\/www.cnelbalis.com\/wp-content\/uploads\/2025\/09\/FOTO-2a-REGATA-NIVELL-2-OPTIMIST-005-300x275.jpg 300w, https:\/\/www.cnelbalis.com\/wp-content\/uploads\/2025\/09\/FOTO-2a-REGATA-NIVELL-2-OPTIMIST-005-1024x939.jpg 1024w, https:\/\/www.cnelbalis.com\/wp-content\/uploads\/2025\/09\/FOTO-2a-REGATA-NIVELL-2-OPTIMIST-005-768x704.jpg 768w, https:\/\/www.cnelbalis.com\/wp-content\/uploads\/2025\/09\/FOTO-2a-REGATA-NIVELL-2-OPTIMIST-005-1536x1409.jpg 1536w\" sizes=\"auto, (max-width: 1024px) 100vw, 1024px\" \/> <img loading=\"lazy\" decoding=\"async\" class=\"aligncenter wp-image-55743\" src=\"https:\/\/www.cnelbalis.com\/wp-content\/uploads\/2025\/09\/FOTO-2a-REGATA-NIVELL-2-OPTIMIST-006.jpg\" alt=\"420 Nivell 2 Arenys de Mar - CN El Bal\u00eds\" width=\"1024\" height=\"665\" srcset=\"https:\/\/www.cnelbalis.com\/wp-content\/uploads\/2025\/09\/FOTO-2a-REGATA-NIVELL-2-OPTIMIST-006.jpg 2048w, https:\/\/www.cnelbalis.com\/wp-content\/uploads\/2025\/09\/FOTO-2a-REGATA-NIVELL-2-OPTIMIST-006-300x195.jpg 300w, https:\/\/www.cnelbalis.com\/wp-content\/uploads\/2025\/09\/FOTO-2a-REGATA-NIVELL-2-OPTIMIST-006-1024x665.jpg 1024w, https:\/\/www.cnelbalis.com\/wp-content\/uploads\/2025\/09\/FOTO-2a-REGATA-NIVELL-2-OPTIMIST-006-768x499.jpg 768w, https:\/\/www.cnelbalis.com\/wp-content\/uploads\/2025\/09\/FOTO-2a-REGATA-NIVELL-2-OPTIMIST-006-1536x998.jpg 1536w\" sizes=\"auto, (max-width: 1024px) 100vw, 1024px\" \/> <img loading=\"lazy\" decoding=\"async\" class=\"aligncenter wp-image-55747\" src=\"https:\/\/www.cnelbalis.com\/wp-content\/uploads\/2025\/09\/FOTO-2a-REGATA-NIVELL-2-OPTIMIST-007.jpg\" alt=\"420 Nivell 2 Arenys de Mar - CN El Bal\u00eds\" width=\"1024\" height=\"1185\" srcset=\"https:\/\/www.cnelbalis.com\/wp-content\/uploads\/2025\/09\/FOTO-2a-REGATA-NIVELL-2-OPTIMIST-007.jpg 1770w, https:\/\/www.cnelbalis.com\/wp-content\/uploads\/2025\/09\/FOTO-2a-REGATA-NIVELL-2-OPTIMIST-007-259x300.jpg 259w, https:\/\/www.cnelbalis.com\/wp-content\/uploads\/2025\/09\/FOTO-2a-REGATA-NIVELL-2-OPTIMIST-007-885x1024.jpg 885w, https:\/\/www.cnelbalis.com\/wp-content\/uploads\/2025\/09\/FOTO-2a-REGATA-NIVELL-2-OPTIMIST-007-768x889.jpg 768w, https:\/\/www.cnelbalis.com\/wp-content\/uploads\/2025\/09\/FOTO-2a-REGATA-NIVELL-2-OPTIMIST-007-1328x1536.jpg 1328w\" sizes=\"auto, (max-width: 1024px) 100vw, 1024px\" \/> <img loading=\"lazy\" decoding=\"async\" class=\"aligncenter wp-image-55751\" src=\"https:\/\/www.cnelbalis.com\/wp-content\/uploads\/2025\/09\/FOTO-2a-REGATA-NIVELL-2-OPTIMIST-008.jpg\" alt=\"420 Nivell 2 Arenys de Mar - CN El Bal\u00eds\" width=\"1024\" height=\"633\" srcset=\"https:\/\/www.cnelbalis.com\/wp-content\/uploads\/2025\/09\/FOTO-2a-REGATA-NIVELL-2-OPTIMIST-008.jpg 2048w, https:\/\/www.cnelbalis.com\/wp-content\/uploads\/2025\/09\/FOTO-2a-REGATA-NIVELL-2-OPTIMIST-008-300x185.jpg 300w, https:\/\/www.cnelbalis.com\/wp-content\/uploads\/2025\/09\/FOTO-2a-REGATA-NIVELL-2-OPTIMIST-008-1024x633.jpg 1024w, https:\/\/www.cnelbalis.com\/wp-content\/uploads\/2025\/09\/FOTO-2a-REGATA-NIVELL-2-OPTIMIST-008-768x475.jpg 768w, https:\/\/www.cnelbalis.com\/wp-content\/uploads\/2025\/09\/FOTO-2a-REGATA-NIVELL-2-OPTIMIST-008-1536x950.jpg 1536w\" sizes=\"auto, (max-width: 1024px) 100vw, 1024px\" \/> <img loading=\"lazy\" decoding=\"async\" class=\"aligncenter wp-image-55759\" src=\"https:\/\/www.cnelbalis.com\/wp-content\/uploads\/2025\/09\/FOTO-2a-REGATA-NIVELL-2-OPTIMIST-010.jpg\" alt=\"420 Nivell 2 Arenys de Mar - CN El Bal\u00eds\" width=\"1024\" height=\"871\" srcset=\"https:\/\/www.cnelbalis.com\/wp-content\/uploads\/2025\/09\/FOTO-2a-REGATA-NIVELL-2-OPTIMIST-010.jpg 2048w, https:\/\/www.cnelbalis.com\/wp-content\/uploads\/2025\/09\/FOTO-2a-REGATA-NIVELL-2-OPTIMIST-010-300x255.jpg 300w, https:\/\/www.cnelbalis.com\/wp-content\/uploads\/2025\/09\/FOTO-2a-REGATA-NIVELL-2-OPTIMIST-010-1024x871.jpg 1024w, https:\/\/www.cnelbalis.com\/wp-content\/uploads\/2025\/09\/FOTO-2a-REGATA-NIVELL-2-OPTIMIST-010-768x653.jpg 768w, https:\/\/www.cnelbalis.com\/wp-content\/uploads\/2025\/09\/FOTO-2a-REGATA-NIVELL-2-OPTIMIST-010-1536x1307.jpg 1536w\" sizes=\"auto, (max-width: 1024px) 100vw, 1024px\" \/> <img loading=\"lazy\" decoding=\"async\" class=\"aligncenter wp-image-55755\" src=\"https:\/\/www.cnelbalis.com\/wp-content\/uploads\/2025\/09\/FOTO-2a-REGATA-NIVELL-2-OPTIMIST-009.jpg\" alt=\"420 Nivell 2 Arenys de Mar - CN El Bal\u00eds\" width=\"1024\" height=\"1106\" srcset=\"https:\/\/www.cnelbalis.com\/wp-content\/uploads\/2025\/09\/FOTO-2a-REGATA-NIVELL-2-OPTIMIST-009.jpg 1896w, https:\/\/www.cnelbalis.com\/wp-content\/uploads\/2025\/09\/FOTO-2a-REGATA-NIVELL-2-OPTIMIST-009-278x300.jpg 278w, https:\/\/www.cnelbalis.com\/wp-content\/uploads\/2025\/09\/FOTO-2a-REGATA-NIVELL-2-OPTIMIST-009-948x1024.jpg 948w, https:\/\/www.cnelbalis.com\/wp-content\/uploads\/2025\/09\/FOTO-2a-REGATA-NIVELL-2-OPTIMIST-009-768x830.jpg 768w, https:\/\/www.cnelbalis.com\/wp-content\/uploads\/2025\/09\/FOTO-2a-REGATA-NIVELL-2-OPTIMIST-009-1422x1536.jpg 1422w\" sizes=\"auto, (max-width: 1024px) 100vw, 1024px\" \/><\/p>\n","protected":false},"excerpt":{"rendered":"<p>Aquest passat cap de setmana hem viscut la segona regata de Nivell 2 a Arenys de Mar, una prova exigent que ha posat a treballar de valent totes les nostres tripulacions de 420. Despr\u00e9s del gran debut de la temporada, sab\u00edem que cada competici\u00f3 ens presentaria nous reptes i, en aquesta ocasi\u00f3, els resultats no [&hellip;]<\/p>\n","protected":false},"author":6,"featured_media":55735,"comment_status":"closed","ping_status":"closed","sticky":false,"template":"","format":"standard","meta":{"footnotes":""},"categories":[2653,782,8,788],"tags":[],"class_list":["post-55722","post","type-post","status-publish","format-standard","has-post-thumbnail","hentry","category-activitats","category-esport","category-noticies","category-vela-ca"],"acf":[],"_links":{"self":[{"href":"https:\/\/www.cnelbalis.com\/ca\/wp-json\/wp\/v2\/posts\/55722","targetHints":{"allow":["GET"]}}],"collection":[{"href":"https:\/\/www.cnelbalis.com\/ca\/wp-json\/wp\/v2\/posts"}],"about":[{"href":"https:\/\/www.cnelbalis.com\/ca\/wp-json\/wp\/v2\/types\/post"}],"author":[{"embeddable":true,"href":"https:\/\/www.cnelbalis.com\/ca\/wp-json\/wp\/v2\/users\/6"}],"replies":[{"embeddable":true,"href":"https:\/\/www.cnelbalis.com\/ca\/wp-json\/wp\/v2\/comments?post=55722"}],"version-history":[{"count":4,"href":"https:\/\/www.cnelbalis.com\/ca\/wp-json\/wp\/v2\/posts\/55722\/revisions"}],"predecessor-version":[{"id":55766,"href":"https:\/\/www.cnelbalis.com\/ca\/wp-json\/wp\/v2\/posts\/55722\/revisions\/55766"}],"wp:featuredmedia":[{"embeddable":true,"href":"https:\/\/www.cnelbalis.com\/ca\/wp-json\/wp\/v2\/media\/55735"}],"wp:attachment":[{"href":"https:\/\/www.cnelbalis.com\/ca\/wp-json\/wp\/v2\/media?parent=55722"}],"wp:term":[{"taxonomy":"category","embeddable":true,"href":"https:\/\/www.cnelbalis.com\/ca\/wp-json\/wp\/v2\/categories?post=55722"},{"taxonomy":"post_tag","embeddable":true,"href":"https:\/\/www.cnelbalis.com\/ca\/wp-json\/wp\/v2\/tags?post=55722"}],"curies":[{"name":"wp","href":"https:\/\/api.w.org\/{rel}","templated":true}]}}