{"id":55165,"date":"2025-08-12T16:23:23","date_gmt":"2025-08-12T14:23:23","guid":{"rendered":"https:\/\/www.cnelbalis.com\/?p=55165"},"modified":"2025-08-12T16:21:47","modified_gmt":"2025-08-12T14:21:47","slug":"dia-de-la-pesca-mar-i-gastronomia-al-cn-el-balis","status":"publish","type":"post","link":"https:\/\/www.cnelbalis.com\/ca\/dia-de-la-pesca-mar-i-gastronomia-al-cn-el-balis\/","title":{"rendered":"DIA DE LA PESCA: MAR I GASTRONOMIA AL CN EL BAL\u00cdS"},"content":{"rendered":"<p><img loading=\"lazy\" decoding=\"async\" class=\"aligncenter wp-image-55166 size-large\" src=\"https:\/\/www.cnelbalis.com\/wp-content\/uploads\/2025\/08\/Balis_IG-POST_DIA-DE-PESCA-2025_CAT-819x1024.png\" alt=\"Dia de la Pesca 2025 al CN El Bal\u00eds\" width=\"819\" height=\"1024\" srcset=\"https:\/\/www.cnelbalis.com\/wp-content\/uploads\/2025\/08\/Balis_IG-POST_DIA-DE-PESCA-2025_CAT-819x1024.png 819w, https:\/\/www.cnelbalis.com\/wp-content\/uploads\/2025\/08\/Balis_IG-POST_DIA-DE-PESCA-2025_CAT-240x300.png 240w, https:\/\/www.cnelbalis.com\/wp-content\/uploads\/2025\/08\/Balis_IG-POST_DIA-DE-PESCA-2025_CAT-768x960.png 768w, https:\/\/www.cnelbalis.com\/wp-content\/uploads\/2025\/08\/Balis_IG-POST_DIA-DE-PESCA-2025_CAT.png 1080w\" sizes=\"auto, (max-width: 819px) 100vw, 819px\" \/><\/p>\n<p>&nbsp;<\/p>\n<p data-start=\"126\" data-end=\"355\">El proper <strong data-start=\"136\" data-end=\"163\">dissabte 13 de setembre<\/strong>, el <strong data-start=\"168\" data-end=\"183\">CN El Bal\u00eds<\/strong> et convida a gaudir d\u2019una jornada \u00fanica amb motiu del <strong data-start=\"238\" data-end=\"257\">Dia de la Pesca<\/strong>, una activitat pensada per a tots aquells que estimen el mar, la navegaci\u00f3 i la bona companyia.<\/p>\n<p data-start=\"357\" data-end=\"691\">La proposta combina una <strong data-start=\"381\" data-end=\"409\">sortida de pesca al mat\u00ed<\/strong>, on els participants podran viure l\u2019emoci\u00f3 de la captura i compartir afici\u00f3 amb altres amants de la mar, i un <strong data-start=\"520\" data-end=\"539\">sopar al vespre<\/strong> per reviure les millors an\u00e8cdotes i moments de la jornada. Una experi\u00e8ncia que uneix <strong data-start=\"625\" data-end=\"658\">passi\u00f3 marinera i gastronomia<\/strong> en un ambient proper i dist\u00e8s.<\/p>\n<p data-start=\"693\" data-end=\"795\">Per a m\u00e9s informaci\u00f3, con\u00e8ixer els horaris i formalitzar la reserva, pots trucar al <strong data-start=\"777\" data-end=\"792\">655 433 777<\/strong>.<\/p>\n<p data-start=\"797\" data-end=\"876\">Una ocasi\u00f3 perfecta per connectar amb el mar i viure\u2019l d\u2019una manera especial.<\/p>\n","protected":false},"excerpt":{"rendered":"<p>&nbsp; El proper dissabte 13 de setembre, el CN El Bal\u00eds et convida a gaudir d\u2019una jornada \u00fanica amb motiu del Dia de la Pesca, una activitat pensada per a tots aquells que estimen el mar, la navegaci\u00f3 i la bona companyia. La proposta combina una sortida de pesca al mat\u00ed, on els participants podran [&hellip;]<\/p>\n","protected":false},"author":6,"featured_media":55174,"comment_status":"closed","ping_status":"closed","sticky":false,"template":"","format":"standard","meta":{"footnotes":""},"categories":[2653,8,787],"tags":[],"class_list":["post-55165","post","type-post","status-publish","format-standard","has-post-thumbnail","hentry","category-activitats","category-noticies","category-social-ca"],"acf":[],"_links":{"self":[{"href":"https:\/\/www.cnelbalis.com\/ca\/wp-json\/wp\/v2\/posts\/55165","targetHints":{"allow":["GET"]}}],"collection":[{"href":"https:\/\/www.cnelbalis.com\/ca\/wp-json\/wp\/v2\/posts"}],"about":[{"href":"https:\/\/www.cnelbalis.com\/ca\/wp-json\/wp\/v2\/types\/post"}],"author":[{"embeddable":true,"href":"https:\/\/www.cnelbalis.com\/ca\/wp-json\/wp\/v2\/users\/6"}],"replies":[{"embeddable":true,"href":"https:\/\/www.cnelbalis.com\/ca\/wp-json\/wp\/v2\/comments?post=55165"}],"version-history":[{"count":1,"href":"https:\/\/www.cnelbalis.com\/ca\/wp-json\/wp\/v2\/posts\/55165\/revisions"}],"predecessor-version":[{"id":55182,"href":"https:\/\/www.cnelbalis.com\/ca\/wp-json\/wp\/v2\/posts\/55165\/revisions\/55182"}],"wp:featuredmedia":[{"embeddable":true,"href":"https:\/\/www.cnelbalis.com\/ca\/wp-json\/wp\/v2\/media\/55174"}],"wp:attachment":[{"href":"https:\/\/www.cnelbalis.com\/ca\/wp-json\/wp\/v2\/media?parent=55165"}],"wp:term":[{"taxonomy":"category","embeddable":true,"href":"https:\/\/www.cnelbalis.com\/ca\/wp-json\/wp\/v2\/categories?post=55165"},{"taxonomy":"post_tag","embeddable":true,"href":"https:\/\/www.cnelbalis.com\/ca\/wp-json\/wp\/v2\/tags?post=55165"}],"curies":[{"name":"wp","href":"https:\/\/api.w.org\/{rel}","templated":true}]}}