{"id":55131,"date":"2025-08-12T16:06:23","date_gmt":"2025-08-12T14:06:23","guid":{"rendered":"https:\/\/www.cnelbalis.com\/?p=55131"},"modified":"2025-08-12T16:10:16","modified_gmt":"2025-08-12T14:10:16","slug":"torna-el-campionat-social-de-natacio-al-cn-el-balis","status":"publish","type":"post","link":"https:\/\/www.cnelbalis.com\/ca\/torna-el-campionat-social-de-natacio-al-cn-el-balis\/","title":{"rendered":"TORNA EL CAMPIONAT SOCIAL DE NATACI\u00d3 AL CN EL BAL\u00cdS"},"content":{"rendered":"<p><img loading=\"lazy\" decoding=\"async\" class=\"aligncenter wp-image-55132 size-large\" src=\"https:\/\/www.cnelbalis.com\/wp-content\/uploads\/2025\/08\/Balis_IG-POST_Campionat-natacio-2025_CAT-819x1024.png\" alt=\"Campionat Social de Nataci\u00f3 CN El Bal\u00eds\" width=\"819\" height=\"1024\" srcset=\"https:\/\/www.cnelbalis.com\/wp-content\/uploads\/2025\/08\/Balis_IG-POST_Campionat-natacio-2025_CAT-819x1024.png 819w, https:\/\/www.cnelbalis.com\/wp-content\/uploads\/2025\/08\/Balis_IG-POST_Campionat-natacio-2025_CAT-240x300.png 240w, https:\/\/www.cnelbalis.com\/wp-content\/uploads\/2025\/08\/Balis_IG-POST_Campionat-natacio-2025_CAT-768x960.png 768w, https:\/\/www.cnelbalis.com\/wp-content\/uploads\/2025\/08\/Balis_IG-POST_Campionat-natacio-2025_CAT.png 1080w\" sizes=\"auto, (max-width: 819px) 100vw, 819px\" \/><\/p>\n<p>&nbsp;<\/p>\n<p data-start=\"69\" data-end=\"150\"><strong data-start=\"69\" data-end=\"148\">L\u2019estiu es viu a l\u2019aigua amb el Campionat Social de Nataci\u00f3 del CN El Bal\u00eds<\/strong><\/p>\n<p data-start=\"152\" data-end=\"466\">El dissabte <strong data-start=\"164\" data-end=\"178\">30 d\u2019agost<\/strong>, el <strong data-start=\"183\" data-end=\"198\">CN El Bal\u00eds<\/strong> celebrar\u00e0 una nova edici\u00f3 del seu <strong data-start=\"233\" data-end=\"264\">Campionat Social de Nataci\u00f3<\/strong>, una cita que combina esport, diversi\u00f3 i esperit de club. L\u2019esdeveniment \u00e9s obert a participants de <strong data-start=\"365\" data-end=\"384\">totes les edats<\/strong> i busca fomentar la pr\u00e0ctica de la nataci\u00f3 en un ambient <strong data-start=\"442\" data-end=\"463\">familiar i dist\u00e8s<\/strong>.<\/p>\n<p data-start=\"468\" data-end=\"681\">Les <strong data-start=\"472\" data-end=\"502\">inscripcions s\u00f3n gratu\u00eftes<\/strong> per a socis del Club i alumnes del <strong data-start=\"538\" data-end=\"552\">Bal\u00eds Camp<\/strong>, i es poden realitzar fins al <strong data-start=\"583\" data-end=\"597\">28 d\u2019agost<\/strong> a trav\u00e9s del correu <em data-start=\"618\" data-end=\"640\"><a class=\"cursor-pointer\" rel=\"noopener\" data-start=\"619\" data-end=\"639\">social@cnelbalis.com<\/a><\/em> o directament a les oficines del Club.<\/p>\n<p data-start=\"683\" data-end=\"858\">La jornada comen\u00e7ar\u00e0 amb la revisi\u00f3 d\u2019inscripcions a les <strong data-start=\"740\" data-end=\"751\">11.15 h<\/strong>, i a les <strong data-start=\"761\" data-end=\"772\">12.00 h<\/strong> s\u2019iniciar\u00e0 la competici\u00f3, que promet moments de germanor i molta energia a l\u2019aigua.<\/p>\n<p data-start=\"860\" data-end=\"947\">Un esdeveniment ideal per acomiadar l\u2019estiu amb un bon xipolleig i molta companyonia.<\/p>\n","protected":false},"excerpt":{"rendered":"<p>&nbsp; L\u2019estiu es viu a l\u2019aigua amb el Campionat Social de Nataci\u00f3 del CN El Bal\u00eds El dissabte 30 d\u2019agost, el CN El Bal\u00eds celebrar\u00e0 una nova edici\u00f3 del seu Campionat Social de Nataci\u00f3, una cita que combina esport, diversi\u00f3 i esperit de club. L\u2019esdeveniment \u00e9s obert a participants de totes les edats i busca [&hellip;]<\/p>\n","protected":false},"author":6,"featured_media":55151,"comment_status":"closed","ping_status":"closed","sticky":false,"template":"","format":"standard","meta":{"footnotes":""},"categories":[2653,8,787],"tags":[],"class_list":["post-55131","post","type-post","status-publish","format-standard","has-post-thumbnail","hentry","category-activitats","category-noticies","category-social-ca"],"acf":[],"_links":{"self":[{"href":"https:\/\/www.cnelbalis.com\/ca\/wp-json\/wp\/v2\/posts\/55131","targetHints":{"allow":["GET"]}}],"collection":[{"href":"https:\/\/www.cnelbalis.com\/ca\/wp-json\/wp\/v2\/posts"}],"about":[{"href":"https:\/\/www.cnelbalis.com\/ca\/wp-json\/wp\/v2\/types\/post"}],"author":[{"embeddable":true,"href":"https:\/\/www.cnelbalis.com\/ca\/wp-json\/wp\/v2\/users\/6"}],"replies":[{"embeddable":true,"href":"https:\/\/www.cnelbalis.com\/ca\/wp-json\/wp\/v2\/comments?post=55131"}],"version-history":[{"count":4,"href":"https:\/\/www.cnelbalis.com\/ca\/wp-json\/wp\/v2\/posts\/55131\/revisions"}],"predecessor-version":[{"id":55162,"href":"https:\/\/www.cnelbalis.com\/ca\/wp-json\/wp\/v2\/posts\/55131\/revisions\/55162"}],"wp:featuredmedia":[{"embeddable":true,"href":"https:\/\/www.cnelbalis.com\/ca\/wp-json\/wp\/v2\/media\/55151"}],"wp:attachment":[{"href":"https:\/\/www.cnelbalis.com\/ca\/wp-json\/wp\/v2\/media?parent=55131"}],"wp:term":[{"taxonomy":"category","embeddable":true,"href":"https:\/\/www.cnelbalis.com\/ca\/wp-json\/wp\/v2\/categories?post=55131"},{"taxonomy":"post_tag","embeddable":true,"href":"https:\/\/www.cnelbalis.com\/ca\/wp-json\/wp\/v2\/tags?post=55131"}],"curies":[{"name":"wp","href":"https:\/\/api.w.org\/{rel}","templated":true}]}}