{"id":55028,"date":"2025-08-04T17:21:32","date_gmt":"2025-08-04T15:21:32","guid":{"rendered":"https:\/\/www.cnelbalis.com\/?p=55028"},"modified":"2025-08-04T17:18:36","modified_gmt":"2025-08-04T15:18:36","slug":"el-cn-el-balis-brilla-a-la-copa-del-rei-amb-dos-podis-destacats","status":"publish","type":"post","link":"https:\/\/www.cnelbalis.com\/ca\/el-cn-el-balis-brilla-a-la-copa-del-rei-amb-dos-podis-destacats\/","title":{"rendered":"EL CN EL BAL\u00cdS BRILLA A LA COPA DEL REI AMB DOS PODIS DESTACATS"},"content":{"rendered":"<p><img loading=\"lazy\" decoding=\"async\" class=\"aligncenter wp-image-55036 size-large\" src=\"https:\/\/www.cnelbalis.com\/wp-content\/uploads\/2025\/08\/COPA-DEL-REI-002-1024x684.jpg\" alt=\"Copa del Rei CN El Bal\u00eds\" width=\"1024\" height=\"684\" srcset=\"https:\/\/www.cnelbalis.com\/wp-content\/uploads\/2025\/08\/COPA-DEL-REI-002-1024x684.jpg 1024w, https:\/\/www.cnelbalis.com\/wp-content\/uploads\/2025\/08\/COPA-DEL-REI-002-300x200.jpg 300w, https:\/\/www.cnelbalis.com\/wp-content\/uploads\/2025\/08\/COPA-DEL-REI-002-768x513.jpg 768w, https:\/\/www.cnelbalis.com\/wp-content\/uploads\/2025\/08\/COPA-DEL-REI-002-1536x1025.jpg 1536w, https:\/\/www.cnelbalis.com\/wp-content\/uploads\/2025\/08\/COPA-DEL-REI-002-1500x1000.jpg 1500w, https:\/\/www.cnelbalis.com\/wp-content\/uploads\/2025\/08\/COPA-DEL-REI-002.jpg 1600w\" sizes=\"auto, (max-width: 1024px) 100vw, 1024px\" \/><\/p>\n<p><strong data-start=\"56\" data-end=\"148\">L\u2019equip femen\u00ed del CN El Bal\u00eds, subcampi\u00f3 de la Copa del Rei, i l\u2019HYDRA, tercer en ORC A<\/strong><\/p>\n<p data-start=\"150\" data-end=\"458\">El CN El Bal\u00eds ha tornat a destacar a la <strong data-start=\"191\" data-end=\"212\">Copa del Rei 2025<\/strong>, posicionant-se entre els clubs m\u00e9s competitius del panorama nacional. L\u2019equip femen\u00ed del Club va aconseguir una merit\u00f2ria <strong data-start=\"336\" data-end=\"354\">segona posici\u00f3<\/strong>, mentre que en la categoria <strong data-start=\"383\" data-end=\"392\">ORC A<\/strong>, l\u2019<strong data-start=\"396\" data-end=\"405\">HYDRA<\/strong> va finalitzar en una treballada <strong data-start=\"438\" data-end=\"457\">tercera posici\u00f3<\/strong>.<\/p>\n<p data-start=\"460\" data-end=\"768\">Va ser una jornada final plena d\u2019emoci\u00f3 per a les dues tripulacions, amb classificacions molt ajustades. L\u2019equip femen\u00ed \u2014format per <strong data-start=\"592\" data-end=\"675\">B\u00e1rbara Cornudella, Sara L\u00f3pez, M\u00f3nica Veenhoven, J\u00falia Subir\u00e0 i Cristina Pujol<\/strong>\u2014 va lluitar fins al final pel primer lloc, que finalment va ser per a una tripulaci\u00f3 balear.<\/p>\n<p data-start=\"770\" data-end=\"986\">Per la seva banda, l\u2019<strong data-start=\"791\" data-end=\"800\">HYDRA<\/strong> d\u2019<strong data-start=\"803\" data-end=\"819\">\u00d2scar Chaves<\/strong>, patronejat per <strong data-start=\"836\" data-end=\"856\">Fernando de Le\u00f3n<\/strong>, va aconseguir mantenir-se al podi despr\u00e9s d\u2019una \u00faltima regata decisiva, en una classificaci\u00f3 molt renyida entre els set primers.<\/p>\n<p data-start=\"988\" data-end=\"1128\" data-is-last-node=\"\" data-is-only-node=\"\"><strong data-start=\"988\" data-end=\"1128\" data-is-last-node=\"\">Enhorabona a totes dues tripulacions i a tots els regatistes balisencs que han representat el Club en aquesta edici\u00f3 de la Copa del Rei!<\/strong><\/p>\n<p data-start=\"988\" data-end=\"1128\" data-is-last-node=\"\" data-is-only-node=\"\"><img loading=\"lazy\" decoding=\"async\" class=\"aligncenter wp-image-55032 size-large\" src=\"https:\/\/www.cnelbalis.com\/wp-content\/uploads\/2025\/08\/COPA-DEL-REI-001-1024x616.jpg\" alt=\"Copa del Rei CN El Bal\u00eds\" width=\"1024\" height=\"616\" srcset=\"https:\/\/www.cnelbalis.com\/wp-content\/uploads\/2025\/08\/COPA-DEL-REI-001-1024x616.jpg 1024w, https:\/\/www.cnelbalis.com\/wp-content\/uploads\/2025\/08\/COPA-DEL-REI-001-300x180.jpg 300w, https:\/\/www.cnelbalis.com\/wp-content\/uploads\/2025\/08\/COPA-DEL-REI-001-768x462.jpg 768w, https:\/\/www.cnelbalis.com\/wp-content\/uploads\/2025\/08\/COPA-DEL-REI-001-1536x924.jpg 1536w, https:\/\/www.cnelbalis.com\/wp-content\/uploads\/2025\/08\/COPA-DEL-REI-001.jpg 1600w\" sizes=\"auto, (max-width: 1024px) 100vw, 1024px\" \/><img loading=\"lazy\" decoding=\"async\" class=\"aligncenter wp-image-55040 size-large\" src=\"https:\/\/www.cnelbalis.com\/wp-content\/uploads\/2025\/08\/COPA-DEL-REI-004-1024x683.jpg\" alt=\"Copa del Rei CN El Bal\u00eds\" width=\"1024\" height=\"683\" srcset=\"https:\/\/www.cnelbalis.com\/wp-content\/uploads\/2025\/08\/COPA-DEL-REI-004-1024x683.jpg 1024w, https:\/\/www.cnelbalis.com\/wp-content\/uploads\/2025\/08\/COPA-DEL-REI-004-300x200.jpg 300w, https:\/\/www.cnelbalis.com\/wp-content\/uploads\/2025\/08\/COPA-DEL-REI-004-768x512.jpg 768w, https:\/\/www.cnelbalis.com\/wp-content\/uploads\/2025\/08\/COPA-DEL-REI-004.jpg 1200w\" sizes=\"auto, (max-width: 1024px) 100vw, 1024px\" \/><img loading=\"lazy\" decoding=\"async\" class=\"aligncenter wp-image-55048 size-large\" src=\"https:\/\/www.cnelbalis.com\/wp-content\/uploads\/2025\/08\/COPA-DEL-REI-014-1024x768.jpg\" alt=\"Copa del Rei CN El Bal\u00eds\" width=\"1024\" height=\"768\" srcset=\"https:\/\/www.cnelbalis.com\/wp-content\/uploads\/2025\/08\/COPA-DEL-REI-014-1024x768.jpg 1024w, https:\/\/www.cnelbalis.com\/wp-content\/uploads\/2025\/08\/COPA-DEL-REI-014-300x225.jpg 300w, https:\/\/www.cnelbalis.com\/wp-content\/uploads\/2025\/08\/COPA-DEL-REI-014-768x576.jpg 768w, https:\/\/www.cnelbalis.com\/wp-content\/uploads\/2025\/08\/COPA-DEL-REI-014-1536x1152.jpg 1536w, https:\/\/www.cnelbalis.com\/wp-content\/uploads\/2025\/08\/COPA-DEL-REI-014.jpg 2016w\" sizes=\"auto, (max-width: 1024px) 100vw, 1024px\" \/><img loading=\"lazy\" decoding=\"async\" class=\"aligncenter wp-image-55052 size-large\" src=\"https:\/\/www.cnelbalis.com\/wp-content\/uploads\/2025\/08\/COPA-DEL-REI-016-1024x768.jpg\" alt=\"Copa del Rei CN El Bal\u00eds\" width=\"1024\" height=\"768\" srcset=\"https:\/\/www.cnelbalis.com\/wp-content\/uploads\/2025\/08\/COPA-DEL-REI-016-1024x768.jpg 1024w, https:\/\/www.cnelbalis.com\/wp-content\/uploads\/2025\/08\/COPA-DEL-REI-016-300x225.jpg 300w, https:\/\/www.cnelbalis.com\/wp-content\/uploads\/2025\/08\/COPA-DEL-REI-016-768x576.jpg 768w, https:\/\/www.cnelbalis.com\/wp-content\/uploads\/2025\/08\/COPA-DEL-REI-016-1536x1152.jpg 1536w, https:\/\/www.cnelbalis.com\/wp-content\/uploads\/2025\/08\/COPA-DEL-REI-016.jpg 1600w\" sizes=\"auto, (max-width: 1024px) 100vw, 1024px\" \/><img loading=\"lazy\" decoding=\"async\" class=\"aligncenter wp-image-55044 size-large\" src=\"https:\/\/www.cnelbalis.com\/wp-content\/uploads\/2025\/08\/COPA-DEL-REI-008-1024x472.jpg\" alt=\"Copa del Rei CN El Bal\u00eds\" width=\"1024\" height=\"472\" srcset=\"https:\/\/www.cnelbalis.com\/wp-content\/uploads\/2025\/08\/COPA-DEL-REI-008-1024x472.jpg 1024w, https:\/\/www.cnelbalis.com\/wp-content\/uploads\/2025\/08\/COPA-DEL-REI-008-300x138.jpg 300w, https:\/\/www.cnelbalis.com\/wp-content\/uploads\/2025\/08\/COPA-DEL-REI-008-768x354.jpg 768w, https:\/\/www.cnelbalis.com\/wp-content\/uploads\/2025\/08\/COPA-DEL-REI-008-1536x708.jpg 1536w, https:\/\/www.cnelbalis.com\/wp-content\/uploads\/2025\/08\/COPA-DEL-REI-008.jpg 1600w\" sizes=\"auto, (max-width: 1024px) 100vw, 1024px\" \/><\/p>\n<p>&nbsp;<\/p>\n","protected":false},"excerpt":{"rendered":"<p>L\u2019equip femen\u00ed del CN El Bal\u00eds, subcampi\u00f3 de la Copa del Rei, i l\u2019HYDRA, tercer en ORC A El CN El Bal\u00eds ha tornat a destacar a la Copa del Rei 2025, posicionant-se entre els clubs m\u00e9s competitius del panorama nacional. L\u2019equip femen\u00ed del Club va aconseguir una merit\u00f2ria segona posici\u00f3, mentre que en la [&hellip;]<\/p>\n","protected":false},"author":6,"featured_media":55036,"comment_status":"closed","ping_status":"closed","sticky":false,"template":"","format":"standard","meta":{"footnotes":""},"categories":[2653,782,8,788],"tags":[],"class_list":["post-55028","post","type-post","status-publish","format-standard","has-post-thumbnail","hentry","category-activitats","category-esport","category-noticies","category-vela-ca"],"acf":[],"_links":{"self":[{"href":"https:\/\/www.cnelbalis.com\/ca\/wp-json\/wp\/v2\/posts\/55028","targetHints":{"allow":["GET"]}}],"collection":[{"href":"https:\/\/www.cnelbalis.com\/ca\/wp-json\/wp\/v2\/posts"}],"about":[{"href":"https:\/\/www.cnelbalis.com\/ca\/wp-json\/wp\/v2\/types\/post"}],"author":[{"embeddable":true,"href":"https:\/\/www.cnelbalis.com\/ca\/wp-json\/wp\/v2\/users\/6"}],"replies":[{"embeddable":true,"href":"https:\/\/www.cnelbalis.com\/ca\/wp-json\/wp\/v2\/comments?post=55028"}],"version-history":[{"count":2,"href":"https:\/\/www.cnelbalis.com\/ca\/wp-json\/wp\/v2\/posts\/55028\/revisions"}],"predecessor-version":[{"id":55056,"href":"https:\/\/www.cnelbalis.com\/ca\/wp-json\/wp\/v2\/posts\/55028\/revisions\/55056"}],"wp:featuredmedia":[{"embeddable":true,"href":"https:\/\/www.cnelbalis.com\/ca\/wp-json\/wp\/v2\/media\/55036"}],"wp:attachment":[{"href":"https:\/\/www.cnelbalis.com\/ca\/wp-json\/wp\/v2\/media?parent=55028"}],"wp:term":[{"taxonomy":"category","embeddable":true,"href":"https:\/\/www.cnelbalis.com\/ca\/wp-json\/wp\/v2\/categories?post=55028"},{"taxonomy":"post_tag","embeddable":true,"href":"https:\/\/www.cnelbalis.com\/ca\/wp-json\/wp\/v2\/tags?post=55028"}],"curies":[{"name":"wp","href":"https:\/\/api.w.org\/{rel}","templated":true}]}}