{"id":54977,"date":"2025-08-01T10:52:34","date_gmt":"2025-08-01T08:52:34","guid":{"rendered":"https:\/\/www.cnelbalis.com\/?p=54977"},"modified":"2025-08-01T10:44:58","modified_gmt":"2025-08-01T08:44:58","slug":"el-balis-present-a-leuropeu-juvenil-de-420-i-470-a-porto","status":"publish","type":"post","link":"https:\/\/www.cnelbalis.com\/ca\/el-balis-present-a-leuropeu-juvenil-de-420-i-470-a-porto\/","title":{"rendered":"EL BAL\u00cdS PRESENT AL CAMPIONAT EUROPEU JUVENIL DE 420 I 470 A PORTO"},"content":{"rendered":"<p><img loading=\"lazy\" decoding=\"async\" class=\"aligncenter wp-image-54986 size-large\" src=\"https:\/\/www.cnelbalis.com\/wp-content\/uploads\/2025\/08\/FOTOEU3-1024x686.jpg\" alt=\"Campionat Europeu Juvenil de 420 i 470 CN El Bal\u00eds\" width=\"1024\" height=\"686\" srcset=\"https:\/\/www.cnelbalis.com\/wp-content\/uploads\/2025\/08\/FOTOEU3-1024x686.jpg 1024w, https:\/\/www.cnelbalis.com\/wp-content\/uploads\/2025\/08\/FOTOEU3-300x201.jpg 300w, https:\/\/www.cnelbalis.com\/wp-content\/uploads\/2025\/08\/FOTOEU3-768x514.jpg 768w, https:\/\/www.cnelbalis.com\/wp-content\/uploads\/2025\/08\/FOTOEU3.jpg 1280w\" sizes=\"auto, (max-width: 1024px) 100vw, 1024px\" \/><\/p>\n<p data-start=\"1313\" data-end=\"1752\">Del 17 al 27 de juliol es va dur a terme l\u2019Europeu Juvenil per a les classes 420 i 470, a Porto, Portugal.<br data-start=\"1473\" data-end=\"1476\" \/>Hem tingut quatre tripulacions del Club N\u00e0utic El Bal\u00eds competint, entre les quals hi havia:<br data-start=\"1568\" data-end=\"1571\" \/>Joan Hadzi i Luc\u00eda Baurier en Mixt U19; les germanes Jana i Martina Rahola; i Mar\u00eda Blanco i Ariana Mu\u00f1oz en U19 Femen\u00ed. A m\u00e9s, en Pol Mateu va competir en la classe ol\u00edmpica 470.<\/p>\n<p data-start=\"1754\" data-end=\"2151\">Els resultats han estat discrets, ja que no ha estat un bon campionat per als 420 d\u2019El Bal\u00eds. El millor resultat va ser el de les germanes Rahola, que van acabar novenes a la classificaci\u00f3 femenina europea.<br data-start=\"1960\" data-end=\"1963\" \/>En el cas d\u2019en Pol Mateu, que comen\u00e7a la seva traject\u00f2ria a la classe ol\u00edmpica 470, encara queda un llarg cam\u00ed per rec\u00f3rrer, per\u00f2 ha comen\u00e7at amb molt bon peu el seu projecte preol\u00edmpic.<\/p>\n<p data-start=\"2153\" data-end=\"2313\">L\u2019equip espanyol, del qual formen part els nostres regatistes, ha obtingut uns resultats excel\u00b7lents, amb 4 podis i 5 tripulacions dins el top 10 del campionat.<\/p>\n<p>&nbsp;<\/p>\n<p><img loading=\"lazy\" decoding=\"async\" class=\"aligncenter wp-image-54990\" src=\"https:\/\/www.cnelbalis.com\/wp-content\/uploads\/2025\/08\/FOTOEU4.jpg\" alt=\"Campionat Europeu Juvenil de 420 i 470 CN El Bal\u00eds\" width=\"1024\" height=\"659\" srcset=\"https:\/\/www.cnelbalis.com\/wp-content\/uploads\/2025\/08\/FOTOEU4.jpg 828w, https:\/\/www.cnelbalis.com\/wp-content\/uploads\/2025\/08\/FOTOEU4-300x193.jpg 300w, https:\/\/www.cnelbalis.com\/wp-content\/uploads\/2025\/08\/FOTOEU4-768x494.jpg 768w, https:\/\/www.cnelbalis.com\/wp-content\/uploads\/2025\/08\/FOTOEU4-700x450.jpg 700w\" sizes=\"auto, (max-width: 1024px) 100vw, 1024px\" \/><img loading=\"lazy\" decoding=\"async\" class=\"aligncenter wp-image-54982 size-large\" src=\"https:\/\/www.cnelbalis.com\/wp-content\/uploads\/2025\/08\/FOTOEU2-1024x682.jpg\" alt=\"Campionat Europeu Juvenil de 420 i 470 CN El Bal\u00eds\" width=\"1024\" height=\"682\" srcset=\"https:\/\/www.cnelbalis.com\/wp-content\/uploads\/2025\/08\/FOTOEU2-1024x682.jpg 1024w, https:\/\/www.cnelbalis.com\/wp-content\/uploads\/2025\/08\/FOTOEU2-300x200.jpg 300w, https:\/\/www.cnelbalis.com\/wp-content\/uploads\/2025\/08\/FOTOEU2-768x512.jpg 768w, https:\/\/www.cnelbalis.com\/wp-content\/uploads\/2025\/08\/FOTOEU2-1536x1023.jpg 1536w, https:\/\/www.cnelbalis.com\/wp-content\/uploads\/2025\/08\/FOTOEU2-1500x1000.jpg 1500w, https:\/\/www.cnelbalis.com\/wp-content\/uploads\/2025\/08\/FOTOEU2.jpg 1600w\" sizes=\"auto, (max-width: 1024px) 100vw, 1024px\" \/><img loading=\"lazy\" decoding=\"async\" class=\"aligncenter wp-image-55002 size-large\" src=\"https:\/\/www.cnelbalis.com\/wp-content\/uploads\/2025\/08\/FOF9681-1024x576.jpg\" alt=\"Campionat Europeu Juvenil de 420 i 470 CN El Bal\u00eds\" width=\"1024\" height=\"576\" srcset=\"https:\/\/www.cnelbalis.com\/wp-content\/uploads\/2025\/08\/FOF9681-1024x576.jpg 1024w, https:\/\/www.cnelbalis.com\/wp-content\/uploads\/2025\/08\/FOF9681-300x169.jpg 300w, https:\/\/www.cnelbalis.com\/wp-content\/uploads\/2025\/08\/FOF9681-768x432.jpg 768w, https:\/\/www.cnelbalis.com\/wp-content\/uploads\/2025\/08\/FOF9681-1536x864.jpg 1536w, https:\/\/www.cnelbalis.com\/wp-content\/uploads\/2025\/08\/FOF9681.jpg 1920w\" sizes=\"auto, (max-width: 1024px) 100vw, 1024px\" \/><img loading=\"lazy\" decoding=\"async\" class=\"aligncenter wp-image-55006 size-large\" src=\"https:\/\/www.cnelbalis.com\/wp-content\/uploads\/2025\/08\/FO7F7D1-1024x683.jpg\" alt=\"Campionat Europeu Juvenil de 420 i 470 CN El Bal\u00eds\" width=\"1024\" height=\"683\" srcset=\"https:\/\/www.cnelbalis.com\/wp-content\/uploads\/2025\/08\/FO7F7D1-1024x683.jpg 1024w, https:\/\/www.cnelbalis.com\/wp-content\/uploads\/2025\/08\/FO7F7D1-300x200.jpg 300w, https:\/\/www.cnelbalis.com\/wp-content\/uploads\/2025\/08\/FO7F7D1-768x512.jpg 768w, https:\/\/www.cnelbalis.com\/wp-content\/uploads\/2025\/08\/FO7F7D1-1536x1025.jpg 1536w, https:\/\/www.cnelbalis.com\/wp-content\/uploads\/2025\/08\/FO7F7D1-1500x1000.jpg 1500w, https:\/\/www.cnelbalis.com\/wp-content\/uploads\/2025\/08\/FO7F7D1.jpg 2048w\" sizes=\"auto, (max-width: 1024px) 100vw, 1024px\" \/><img loading=\"lazy\" decoding=\"async\" class=\"aligncenter wp-image-54998 size-large\" src=\"https:\/\/www.cnelbalis.com\/wp-content\/uploads\/2025\/08\/FOA4341-1024x683.jpg\" alt=\"Campionat Europeu Juvenil de 420 i 470 CN El Bal\u00eds\" width=\"1024\" height=\"683\" srcset=\"https:\/\/www.cnelbalis.com\/wp-content\/uploads\/2025\/08\/FOA4341-1024x683.jpg 1024w, https:\/\/www.cnelbalis.com\/wp-content\/uploads\/2025\/08\/FOA4341-300x200.jpg 300w, https:\/\/www.cnelbalis.com\/wp-content\/uploads\/2025\/08\/FOA4341-768x512.jpg 768w, https:\/\/www.cnelbalis.com\/wp-content\/uploads\/2025\/08\/FOA4341-1536x1025.jpg 1536w, https:\/\/www.cnelbalis.com\/wp-content\/uploads\/2025\/08\/FOA4341-1500x1000.jpg 1500w, https:\/\/www.cnelbalis.com\/wp-content\/uploads\/2025\/08\/FOA4341.jpg 1964w\" sizes=\"auto, (max-width: 1024px) 100vw, 1024px\" \/><\/p>\n","protected":false},"excerpt":{"rendered":"<p>Del 17 al 27 de juliol es va dur a terme l\u2019Europeu Juvenil per a les classes 420 i 470, a Porto, Portugal.Hem tingut quatre tripulacions del Club N\u00e0utic El Bal\u00eds competint, entre les quals hi havia:Joan Hadzi i Luc\u00eda Baurier en Mixt U19; les germanes Jana i Martina Rahola; i Mar\u00eda Blanco i Ariana [&hellip;]<\/p>\n","protected":false},"author":6,"featured_media":54986,"comment_status":"closed","ping_status":"closed","sticky":false,"template":"","format":"standard","meta":{"footnotes":""},"categories":[2653,782,8,788],"tags":[],"class_list":["post-54977","post","type-post","status-publish","format-standard","has-post-thumbnail","hentry","category-activitats","category-esport","category-noticies","category-vela-ca"],"acf":[],"_links":{"self":[{"href":"https:\/\/www.cnelbalis.com\/ca\/wp-json\/wp\/v2\/posts\/54977","targetHints":{"allow":["GET"]}}],"collection":[{"href":"https:\/\/www.cnelbalis.com\/ca\/wp-json\/wp\/v2\/posts"}],"about":[{"href":"https:\/\/www.cnelbalis.com\/ca\/wp-json\/wp\/v2\/types\/post"}],"author":[{"embeddable":true,"href":"https:\/\/www.cnelbalis.com\/ca\/wp-json\/wp\/v2\/users\/6"}],"replies":[{"embeddable":true,"href":"https:\/\/www.cnelbalis.com\/ca\/wp-json\/wp\/v2\/comments?post=54977"}],"version-history":[{"count":3,"href":"https:\/\/www.cnelbalis.com\/ca\/wp-json\/wp\/v2\/posts\/54977\/revisions"}],"predecessor-version":[{"id":55012,"href":"https:\/\/www.cnelbalis.com\/ca\/wp-json\/wp\/v2\/posts\/54977\/revisions\/55012"}],"wp:featuredmedia":[{"embeddable":true,"href":"https:\/\/www.cnelbalis.com\/ca\/wp-json\/wp\/v2\/media\/54986"}],"wp:attachment":[{"href":"https:\/\/www.cnelbalis.com\/ca\/wp-json\/wp\/v2\/media?parent=54977"}],"wp:term":[{"taxonomy":"category","embeddable":true,"href":"https:\/\/www.cnelbalis.com\/ca\/wp-json\/wp\/v2\/categories?post=54977"},{"taxonomy":"post_tag","embeddable":true,"href":"https:\/\/www.cnelbalis.com\/ca\/wp-json\/wp\/v2\/tags?post=54977"}],"curies":[{"name":"wp","href":"https:\/\/api.w.org\/{rel}","templated":true}]}}