{"id":54887,"date":"2025-07-25T13:31:00","date_gmt":"2025-07-25T11:31:00","guid":{"rendered":"https:\/\/www.cnelbalis.com\/?p=54887"},"modified":"2025-07-25T13:28:06","modified_gmt":"2025-07-25T11:28:06","slug":"apuntat-al-torneig-beach-tennis-juvenil-del-dia-1-dagost","status":"publish","type":"post","link":"https:\/\/www.cnelbalis.com\/ca\/apuntat-al-torneig-beach-tennis-juvenil-del-dia-1-dagost\/","title":{"rendered":"APUNTA&#8217;T AL TORNEIG BEACH TENNIS JUVENIL DEL DIA 1 D&#8217;AGOST"},"content":{"rendered":"<p><img loading=\"lazy\" decoding=\"async\" class=\"aligncenter wp-image-54888 size-large\" src=\"https:\/\/www.cnelbalis.com\/wp-content\/uploads\/2025\/07\/CARTELL-A3-TORNEIG-BEACHTENNIS-AGOST-CAT-V1-724x1024.png\" alt=\"Torneig Beach Tennis Juvenil al CN El Bal\u00eds\" width=\"724\" height=\"1024\" srcset=\"https:\/\/www.cnelbalis.com\/wp-content\/uploads\/2025\/07\/CARTELL-A3-TORNEIG-BEACHTENNIS-AGOST-CAT-V1-724x1024.png 724w, https:\/\/www.cnelbalis.com\/wp-content\/uploads\/2025\/07\/CARTELL-A3-TORNEIG-BEACHTENNIS-AGOST-CAT-V1-212x300.png 212w, https:\/\/www.cnelbalis.com\/wp-content\/uploads\/2025\/07\/CARTELL-A3-TORNEIG-BEACHTENNIS-AGOST-CAT-V1-768x1086.png 768w, https:\/\/www.cnelbalis.com\/wp-content\/uploads\/2025\/07\/CARTELL-A3-TORNEIG-BEACHTENNIS-AGOST-CAT-V1-1086x1536.png 1086w, https:\/\/www.cnelbalis.com\/wp-content\/uploads\/2025\/07\/CARTELL-A3-TORNEIG-BEACHTENNIS-AGOST-CAT-V1.png 1414w\" sizes=\"auto, (max-width: 724px) 100vw, 724px\" \/><\/p>\n<p data-start=\"1464\" data-end=\"1550\"><strong>El Club acollir\u00e0 la primera edici\u00f3 del Torneig de Beach Tennis Juvenil l\u20191 d\u2019agost<\/strong><\/p>\n<p data-start=\"1464\" data-end=\"1550\">El proper divendres 1 d\u2019agost, el Club celebrar\u00e0 la primera edici\u00f3 del <strong data-start=\"1623\" data-end=\"1658\">Torneig de Beach Tennis Juvenil<\/strong>, una jornada esportiva adre\u00e7ada a joves de fins a 30 anys que tindr\u00e0 lloc a l\u2019<strong data-start=\"1737\" data-end=\"1767\">Oasi de la platja del Club<\/strong>.<\/p>\n<p data-start=\"1464\" data-end=\"1550\">La competici\u00f3 comen\u00e7ar\u00e0 a les <strong data-start=\"1800\" data-end=\"1811\">10.00 h<\/strong> i s\u2019allargar\u00e0 durant tot el dia. A partir de les <strong data-start=\"1861\" data-end=\"1872\">19.00 h<\/strong>, l\u2019espai es convertir\u00e0 en un punt de trobada festiu amb l\u2019obertura de la barra del <strong data-start=\"1956\" data-end=\"1968\">BarBal\u00eds<\/strong>, oferint un ambient dist\u00e8s que s\u2019estendr\u00e0 fins ben entrada la matinada. Cal tenir en compte que el tardeo no est\u00e0 incl\u00f2s en el preu del torneig.<\/p>\n<p data-start=\"1464\" data-end=\"1550\"><strong>Preus:<\/strong><br \/>\nSocis 15 \u20ac<br \/>\nNo socis 20 \u20ac<\/p>\n<p data-start=\"1464\" data-end=\"1550\">Per a m\u00e9s informaci\u00f3 podeu contactar amb en <strong data-start=\"2268\" data-end=\"2277\">Lucas<\/strong> al tel\u00e8fon <strong data-start=\"2289\" data-end=\"2304\">646 837 955<\/strong>.<\/p>\n","protected":false},"excerpt":{"rendered":"<p>El Club acollir\u00e0 la primera edici\u00f3 del Torneig de Beach Tennis Juvenil l\u20191 d\u2019agost El proper divendres 1 d\u2019agost, el Club celebrar\u00e0 la primera edici\u00f3 del Torneig de Beach Tennis Juvenil, una jornada esportiva adre\u00e7ada a joves de fins a 30 anys que tindr\u00e0 lloc a l\u2019Oasi de la platja del Club. La competici\u00f3 comen\u00e7ar\u00e0 [&hellip;]<\/p>\n","protected":false},"author":6,"featured_media":54892,"comment_status":"closed","ping_status":"closed","sticky":false,"template":"","format":"standard","meta":{"footnotes":""},"categories":[2653,8,787],"tags":[],"class_list":["post-54887","post","type-post","status-publish","format-standard","has-post-thumbnail","hentry","category-activitats","category-noticies","category-social-ca"],"acf":[],"_links":{"self":[{"href":"https:\/\/www.cnelbalis.com\/ca\/wp-json\/wp\/v2\/posts\/54887","targetHints":{"allow":["GET"]}}],"collection":[{"href":"https:\/\/www.cnelbalis.com\/ca\/wp-json\/wp\/v2\/posts"}],"about":[{"href":"https:\/\/www.cnelbalis.com\/ca\/wp-json\/wp\/v2\/types\/post"}],"author":[{"embeddable":true,"href":"https:\/\/www.cnelbalis.com\/ca\/wp-json\/wp\/v2\/users\/6"}],"replies":[{"embeddable":true,"href":"https:\/\/www.cnelbalis.com\/ca\/wp-json\/wp\/v2\/comments?post=54887"}],"version-history":[{"count":1,"href":"https:\/\/www.cnelbalis.com\/ca\/wp-json\/wp\/v2\/posts\/54887\/revisions"}],"predecessor-version":[{"id":54904,"href":"https:\/\/www.cnelbalis.com\/ca\/wp-json\/wp\/v2\/posts\/54887\/revisions\/54904"}],"wp:featuredmedia":[{"embeddable":true,"href":"https:\/\/www.cnelbalis.com\/ca\/wp-json\/wp\/v2\/media\/54892"}],"wp:attachment":[{"href":"https:\/\/www.cnelbalis.com\/ca\/wp-json\/wp\/v2\/media?parent=54887"}],"wp:term":[{"taxonomy":"category","embeddable":true,"href":"https:\/\/www.cnelbalis.com\/ca\/wp-json\/wp\/v2\/categories?post=54887"},{"taxonomy":"post_tag","embeddable":true,"href":"https:\/\/www.cnelbalis.com\/ca\/wp-json\/wp\/v2\/tags?post=54887"}],"curies":[{"name":"wp","href":"https:\/\/api.w.org\/{rel}","templated":true}]}}