{"id":54832,"date":"2025-07-21T14:09:16","date_gmt":"2025-07-21T12:09:16","guid":{"rendered":"https:\/\/www.cnelbalis.com\/?p=54832"},"modified":"2025-07-21T16:01:10","modified_gmt":"2025-07-21T14:01:10","slug":"el-trofeu-solete-classe-finn-reuneix-18-regatistes-a-el-balis","status":"publish","type":"post","link":"https:\/\/www.cnelbalis.com\/ca\/el-trofeu-solete-classe-finn-reuneix-18-regatistes-a-el-balis\/","title":{"rendered":"EL TROFEU SOLETE DE LA CLASSE FINN REUNEIX A 18 REGATISTES A EL BAL\u00cdS"},"content":{"rendered":"<p><img loading=\"lazy\" decoding=\"async\" class=\"aligncenter wp-image-54848 size-large\" src=\"https:\/\/www.cnelbalis.com\/wp-content\/uploads\/2025\/07\/Imagen-de-WhatsApp-2025-07-21-a-las-10.12.08_3231a054-1024x599.jpg\" alt=\"Trofeu Solete Classe FINN al CN El Bal\u00eds\" width=\"1024\" height=\"599\" srcset=\"https:\/\/www.cnelbalis.com\/wp-content\/uploads\/2025\/07\/Imagen-de-WhatsApp-2025-07-21-a-las-10.12.08_3231a054-1024x599.jpg 1024w, https:\/\/www.cnelbalis.com\/wp-content\/uploads\/2025\/07\/Imagen-de-WhatsApp-2025-07-21-a-las-10.12.08_3231a054-300x175.jpg 300w, https:\/\/www.cnelbalis.com\/wp-content\/uploads\/2025\/07\/Imagen-de-WhatsApp-2025-07-21-a-las-10.12.08_3231a054-768x449.jpg 768w, https:\/\/www.cnelbalis.com\/wp-content\/uploads\/2025\/07\/Imagen-de-WhatsApp-2025-07-21-a-las-10.12.08_3231a054.jpg 1501w\" sizes=\"auto, (max-width: 1024px) 100vw, 1024px\" \/><\/p>\n<p data-start=\"116\" data-end=\"294\">Aquest passat cap de setmana es va celebrar el cl\u00e0ssic <strong data-start=\"171\" data-end=\"188\">Trofeu Solete<\/strong>\u00a0per a la classe <strong data-start=\"205\" data-end=\"213\">FINN<\/strong>,\u00a0organitzat pel <strong data-start=\"230\" data-end=\"245\">CN El Bal\u00eds<\/strong> amb la col\u00b7laboraci\u00f3 del <strong data-start=\"271\" data-end=\"293\">CN Vilassar de Mar<\/strong>.<\/p>\n<p data-start=\"296\" data-end=\"567\">Hi van participar un total de <strong data-start=\"326\" data-end=\"360\">18 regatistes de tot Catalunya<\/strong>. Les condicions van ser espectaculars, amb <strong data-start=\"404\" data-end=\"432\">vents forts els dos dies<\/strong>: es va disputar una prova dissabte amb vent de llevant de 20 nusos, i tres m\u00e0nigues diumenge amb vent de garb\u00ed, d\u2019entre 15 i 20 nusos.<\/p>\n<p data-start=\"569\" data-end=\"716\">Despr\u00e9s de les proves, es va celebrar un <strong data-start=\"610\" data-end=\"650\">esdeveniment social amb una barbacoa<\/strong>, patrocinada pel regatista <strong data-start=\"678\" data-end=\"693\">Jes\u00fas Turr\u00f3<\/strong>, en un ambient dist\u00e8s.<\/p>\n<p data-start=\"805\" data-end=\"910\">A l&#8217;entrega de premis hi va assistir el president del Club i representant de la FCV, el <strong data-start=\"890\" data-end=\"909\">Sr. Fran Ripoll<\/strong>.<\/p>\n<p data-start=\"912\" data-end=\"1284\"><strong data-start=\"912\" data-end=\"971\">Guanyadors i relaci\u00f3 de premiats (despr\u00e9s de 4 proves i un descart):<\/strong><br data-start=\"971\" data-end=\"974\" \/>1r) David TEROL (1r M\u00c0STER)<br data-start=\"1001\" data-end=\"1004\" \/>2n) Joan GRAU CASES (1r GRAND GRAND MASTER)<br data-start=\"1047\" data-end=\"1050\" \/>3r) Xavier MAYORAL JOV\u00c9<br data-start=\"1073\" data-end=\"1076\" \/>4t) Vincent SLEVIN<br data-start=\"1094\" data-end=\"1097\" \/>5\u00e8) Jes\u00fas TURR\u00d3 HOMEDES (1r LEGEND)<br data-start=\"1132\" data-end=\"1135\" \/>6\u00e8) Oriol GUARDIOLA<br data-start=\"1154\" data-end=\"1157\" \/>7\u00e8) Enrique FABREGAT<br data-start=\"1177\" data-end=\"1180\" \/>8\u00e8) Evgenii CHIBIREV (1r J\u00daNIOR)<br data-start=\"1212\" data-end=\"1215\" \/>9\u00e8) Jos\u00e9 VIVES SIVERA (1r ROOKIE)<br data-start=\"1248\" data-end=\"1251\" \/>10\u00e8) Gerardo SEELIGER (2n LEGEND)<\/p>\n<p data-start=\"912\" data-end=\"1284\">Agra\u00efm a <strong data-start=\"727\" data-end=\"745\">Alfredo Llobet<\/strong> les fotografies realitzades durant tot el cap de setmana.<\/p>\n<p>&nbsp;<\/p>\n<p><img loading=\"lazy\" decoding=\"async\" class=\"aligncenter wp-image-54836 size-large\" src=\"https:\/\/www.cnelbalis.com\/wp-content\/uploads\/2025\/07\/Imagen-de-WhatsApp-2025-07-21-a-las-10.12.09_ff8c0c2f-1024x684.jpg\" alt=\"Trofeu Solete Classe FINN al CN El Bal\u00eds\" width=\"1024\" height=\"684\" srcset=\"https:\/\/www.cnelbalis.com\/wp-content\/uploads\/2025\/07\/Imagen-de-WhatsApp-2025-07-21-a-las-10.12.09_ff8c0c2f-1024x684.jpg 1024w, https:\/\/www.cnelbalis.com\/wp-content\/uploads\/2025\/07\/Imagen-de-WhatsApp-2025-07-21-a-las-10.12.09_ff8c0c2f-300x200.jpg 300w, https:\/\/www.cnelbalis.com\/wp-content\/uploads\/2025\/07\/Imagen-de-WhatsApp-2025-07-21-a-las-10.12.09_ff8c0c2f-768x513.jpg 768w, https:\/\/www.cnelbalis.com\/wp-content\/uploads\/2025\/07\/Imagen-de-WhatsApp-2025-07-21-a-las-10.12.09_ff8c0c2f-1500x1000.jpg 1500w, https:\/\/www.cnelbalis.com\/wp-content\/uploads\/2025\/07\/Imagen-de-WhatsApp-2025-07-21-a-las-10.12.09_ff8c0c2f.jpg 1501w\" sizes=\"auto, (max-width: 1024px) 100vw, 1024px\" \/><img loading=\"lazy\" decoding=\"async\" class=\"aligncenter wp-image-54840 size-large\" src=\"https:\/\/www.cnelbalis.com\/wp-content\/uploads\/2025\/07\/Imagen-de-WhatsApp-2025-07-21-a-las-10.12.10_00568b3a-1024x598.jpg\" alt=\"Trofeu Solete Classe FINN al CN El Bal\u00eds\" width=\"1024\" height=\"598\" srcset=\"https:\/\/www.cnelbalis.com\/wp-content\/uploads\/2025\/07\/Imagen-de-WhatsApp-2025-07-21-a-las-10.12.10_00568b3a-1024x598.jpg 1024w, https:\/\/www.cnelbalis.com\/wp-content\/uploads\/2025\/07\/Imagen-de-WhatsApp-2025-07-21-a-las-10.12.10_00568b3a-300x175.jpg 300w, https:\/\/www.cnelbalis.com\/wp-content\/uploads\/2025\/07\/Imagen-de-WhatsApp-2025-07-21-a-las-10.12.10_00568b3a-768x448.jpg 768w, https:\/\/www.cnelbalis.com\/wp-content\/uploads\/2025\/07\/Imagen-de-WhatsApp-2025-07-21-a-las-10.12.10_00568b3a.jpg 1501w\" sizes=\"auto, (max-width: 1024px) 100vw, 1024px\" \/><img loading=\"lazy\" decoding=\"async\" class=\"aligncenter wp-image-54844 size-large\" src=\"https:\/\/www.cnelbalis.com\/wp-content\/uploads\/2025\/07\/Imagen-de-WhatsApp-2025-07-20-a-las-17.24.30_7cdd5567-1024x631.jpg\" alt=\"Trofeu Solete Classe FINN al CN El Bal\u00eds\" width=\"1024\" height=\"631\" srcset=\"https:\/\/www.cnelbalis.com\/wp-content\/uploads\/2025\/07\/Imagen-de-WhatsApp-2025-07-20-a-las-17.24.30_7cdd5567-1024x631.jpg 1024w, https:\/\/www.cnelbalis.com\/wp-content\/uploads\/2025\/07\/Imagen-de-WhatsApp-2025-07-20-a-las-17.24.30_7cdd5567-300x185.jpg 300w, https:\/\/www.cnelbalis.com\/wp-content\/uploads\/2025\/07\/Imagen-de-WhatsApp-2025-07-20-a-las-17.24.30_7cdd5567-768x473.jpg 768w, https:\/\/www.cnelbalis.com\/wp-content\/uploads\/2025\/07\/Imagen-de-WhatsApp-2025-07-20-a-las-17.24.30_7cdd5567-700x430.jpg 700w, https:\/\/www.cnelbalis.com\/wp-content\/uploads\/2025\/07\/Imagen-de-WhatsApp-2025-07-20-a-las-17.24.30_7cdd5567.jpg 1501w\" sizes=\"auto, (max-width: 1024px) 100vw, 1024px\" \/><img loading=\"lazy\" decoding=\"async\" class=\"aligncenter wp-image-54852 size-large\" src=\"https:\/\/www.cnelbalis.com\/wp-content\/uploads\/2025\/07\/Trofeo_Solete_FINN_2025-457-1024x684.jpg\" alt=\"Trofeu Solete Classe FINN al CN El Bal\u00eds\" width=\"1024\" height=\"684\" srcset=\"https:\/\/www.cnelbalis.com\/wp-content\/uploads\/2025\/07\/Trofeo_Solete_FINN_2025-457-1024x684.jpg 1024w, https:\/\/www.cnelbalis.com\/wp-content\/uploads\/2025\/07\/Trofeo_Solete_FINN_2025-457-300x200.jpg 300w, https:\/\/www.cnelbalis.com\/wp-content\/uploads\/2025\/07\/Trofeo_Solete_FINN_2025-457-768x513.jpg 768w, https:\/\/www.cnelbalis.com\/wp-content\/uploads\/2025\/07\/Trofeo_Solete_FINN_2025-457-1500x1000.jpg 1500w, https:\/\/www.cnelbalis.com\/wp-content\/uploads\/2025\/07\/Trofeo_Solete_FINN_2025-457.jpg 1501w\" sizes=\"auto, (max-width: 1024px) 100vw, 1024px\" \/><\/p>\n","protected":false},"excerpt":{"rendered":"<p>Aquest passat cap de setmana es va celebrar el cl\u00e0ssic Trofeu Solete\u00a0per a la classe FINN,\u00a0organitzat pel CN El Bal\u00eds amb la col\u00b7laboraci\u00f3 del CN Vilassar de Mar. Hi van participar un total de 18 regatistes de tot Catalunya. Les condicions van ser espectaculars, amb vents forts els dos dies: es va disputar una prova [&hellip;]<\/p>\n","protected":false},"author":6,"featured_media":54848,"comment_status":"closed","ping_status":"closed","sticky":false,"template":"","format":"standard","meta":{"footnotes":""},"categories":[2653,782,8,788],"tags":[],"class_list":["post-54832","post","type-post","status-publish","format-standard","has-post-thumbnail","hentry","category-activitats","category-esport","category-noticies","category-vela-ca"],"acf":[],"_links":{"self":[{"href":"https:\/\/www.cnelbalis.com\/ca\/wp-json\/wp\/v2\/posts\/54832","targetHints":{"allow":["GET"]}}],"collection":[{"href":"https:\/\/www.cnelbalis.com\/ca\/wp-json\/wp\/v2\/posts"}],"about":[{"href":"https:\/\/www.cnelbalis.com\/ca\/wp-json\/wp\/v2\/types\/post"}],"author":[{"embeddable":true,"href":"https:\/\/www.cnelbalis.com\/ca\/wp-json\/wp\/v2\/users\/6"}],"replies":[{"embeddable":true,"href":"https:\/\/www.cnelbalis.com\/ca\/wp-json\/wp\/v2\/comments?post=54832"}],"version-history":[{"count":6,"href":"https:\/\/www.cnelbalis.com\/ca\/wp-json\/wp\/v2\/posts\/54832\/revisions"}],"predecessor-version":[{"id":54874,"href":"https:\/\/www.cnelbalis.com\/ca\/wp-json\/wp\/v2\/posts\/54832\/revisions\/54874"}],"wp:featuredmedia":[{"embeddable":true,"href":"https:\/\/www.cnelbalis.com\/ca\/wp-json\/wp\/v2\/media\/54848"}],"wp:attachment":[{"href":"https:\/\/www.cnelbalis.com\/ca\/wp-json\/wp\/v2\/media?parent=54832"}],"wp:term":[{"taxonomy":"category","embeddable":true,"href":"https:\/\/www.cnelbalis.com\/ca\/wp-json\/wp\/v2\/categories?post=54832"},{"taxonomy":"post_tag","embeddable":true,"href":"https:\/\/www.cnelbalis.com\/ca\/wp-json\/wp\/v2\/tags?post=54832"}],"curies":[{"name":"wp","href":"https:\/\/api.w.org\/{rel}","templated":true}]}}