{"id":54725,"date":"2025-07-15T16:42:45","date_gmt":"2025-07-15T14:42:45","guid":{"rendered":"https:\/\/www.cnelbalis.com\/?p=54725"},"modified":"2025-07-15T16:46:02","modified_gmt":"2025-07-15T14:46:02","slug":"exposicio-de-marta-de-salvador-al-port-balis","status":"publish","type":"post","link":"https:\/\/www.cnelbalis.com\/ca\/exposicio-de-marta-de-salvador-al-port-balis\/","title":{"rendered":"EXPOSICI\u00d3 &#8220;SES FINESTRES&#8221; DE MARTA DE SALVADOR AL PORT BAL\u00cdS"},"content":{"rendered":"<p><img loading=\"lazy\" decoding=\"async\" class=\"aligncenter wp-image-54726\" title=\"Exposici\u00f3 Marta Salvador al CN El Bal\u00eds\" src=\"https:\/\/www.cnelbalis.com\/wp-content\/uploads\/2025\/07\/FOTO-EXPOSICIO.jpg\" alt=\"Exposici\u00f3 Marta Salvador al CN El Bal\u00eds\" width=\"1024\" height=\"1278\" srcset=\"https:\/\/www.cnelbalis.com\/wp-content\/uploads\/2025\/07\/FOTO-EXPOSICIO.jpg 513w, https:\/\/www.cnelbalis.com\/wp-content\/uploads\/2025\/07\/FOTO-EXPOSICIO-240x300.jpg 240w\" sizes=\"auto, (max-width: 1024px) 100vw, 1024px\" \/><\/p>\n<div>\n<p data-start=\"67\" data-end=\"242\">El proper <strong>divendres 18 de juliol a les 18.00 h<\/strong>, Marta de Salvador (Barcelona, 1964) inaugurar\u00e0 l\u2019exposici\u00f3 de pintura <strong data-start=\"185\" data-end=\"204\">\u201cSES FINESTRES\u201d<\/strong> al vest\u00edbul del Club N\u00e0utic El Bal\u00eds.<\/p>\n<p data-start=\"67\" data-end=\"242\">Llicenciada en Belles Arts i vinculada a la Barcelona del disseny, es va iniciar en la pintura a trav\u00e9s de la cal\u00b7ligrafia xinesa, i pinta sempre del natural els paisatges, objectes i persones que l\u2019envolten.<\/p>\n<p data-start=\"67\" data-end=\"242\">Actualment resideix a Menorca, on recull i recicla antigues finestres que utilitza com a suport pict\u00f2ric. En els seus vidres, busca capturar la calma i l\u2019ess\u00e8ncia de l\u2019illa.<\/p>\n<p data-start=\"67\" data-end=\"242\">La seva paleta crom\u00e0tica reflecteix la for\u00e7a del vent, el mar i la llum del paisatge menorqu\u00ed. Amb un tra\u00e7 \u00fanic, personal i ple d\u2019energia, les seves obres conviden a continuar navegant a trav\u00e9s de les seves finestres.<\/p>\n<p data-start=\"67\" data-end=\"242\">Podreu gaudir de la seva exposici\u00f3 al vest\u00edbul del Club <strong>fins al 30 de juliol<\/strong>.<\/p>\n<p data-start=\"67\" data-end=\"242\">\n<p data-start=\"67\" data-end=\"242\">\n<p style=\"text-align: center;\" data-start=\"67\" data-end=\"242\"><em style=\"text-align: center;\">Publicat el 15 Jul 2025<\/em><\/p>\n<\/div>\n","protected":false},"excerpt":{"rendered":"<p>El proper divendres 18 de juliol a les 18.00 h, Marta de Salvador (Barcelona, 1964) inaugurar\u00e0 l\u2019exposici\u00f3 de pintura \u201cSES FINESTRES\u201d al vest\u00edbul del Club N\u00e0utic El Bal\u00eds. Llicenciada en Belles Arts i vinculada a la Barcelona del disseny, es va iniciar en la pintura a trav\u00e9s de la cal\u00b7ligrafia xinesa, i pinta sempre del [&hellip;]<\/p>\n","protected":false},"author":6,"featured_media":54734,"comment_status":"closed","ping_status":"closed","sticky":false,"template":"","format":"standard","meta":{"footnotes":""},"categories":[8],"tags":[2719,2717,1545,2718],"class_list":["post-54725","post","type-post","status-publish","format-standard","has-post-thumbnail","hentry","category-noticies","tag-art","tag-exposicio","tag-port-balis-ca","tag-port-nautic"],"acf":[],"_links":{"self":[{"href":"https:\/\/www.cnelbalis.com\/ca\/wp-json\/wp\/v2\/posts\/54725","targetHints":{"allow":["GET"]}}],"collection":[{"href":"https:\/\/www.cnelbalis.com\/ca\/wp-json\/wp\/v2\/posts"}],"about":[{"href":"https:\/\/www.cnelbalis.com\/ca\/wp-json\/wp\/v2\/types\/post"}],"author":[{"embeddable":true,"href":"https:\/\/www.cnelbalis.com\/ca\/wp-json\/wp\/v2\/users\/6"}],"replies":[{"embeddable":true,"href":"https:\/\/www.cnelbalis.com\/ca\/wp-json\/wp\/v2\/comments?post=54725"}],"version-history":[{"count":5,"href":"https:\/\/www.cnelbalis.com\/ca\/wp-json\/wp\/v2\/posts\/54725\/revisions"}],"predecessor-version":[{"id":54746,"href":"https:\/\/www.cnelbalis.com\/ca\/wp-json\/wp\/v2\/posts\/54725\/revisions\/54746"}],"wp:featuredmedia":[{"embeddable":true,"href":"https:\/\/www.cnelbalis.com\/ca\/wp-json\/wp\/v2\/media\/54734"}],"wp:attachment":[{"href":"https:\/\/www.cnelbalis.com\/ca\/wp-json\/wp\/v2\/media?parent=54725"}],"wp:term":[{"taxonomy":"category","embeddable":true,"href":"https:\/\/www.cnelbalis.com\/ca\/wp-json\/wp\/v2\/categories?post=54725"},{"taxonomy":"post_tag","embeddable":true,"href":"https:\/\/www.cnelbalis.com\/ca\/wp-json\/wp\/v2\/tags?post=54725"}],"curies":[{"name":"wp","href":"https:\/\/api.w.org\/{rel}","templated":true}]}}