{"id":54136,"date":"2025-06-19T17:47:19","date_gmt":"2025-06-19T15:47:19","guid":{"rendered":"https:\/\/www.cnelbalis.com\/?p=54136"},"modified":"2025-06-19T17:49:33","modified_gmt":"2025-06-19T15:49:33","slug":"el-balis-participa-a-la-lliga-blava","status":"publish","type":"post","link":"https:\/\/www.cnelbalis.com\/ca\/el-balis-participa-a-la-lliga-blava\/","title":{"rendered":"EL BAL\u00cdS PARTICIPA A LA LLIGA BLAVA"},"content":{"rendered":"<p><img loading=\"lazy\" decoding=\"async\" class=\"aligncenter wp-image-54137 size-full\" title=\"Regata Dragonera 35\u00aa edici\u00f3 2025\" src=\"https:\/\/www.cnelbalis.com\/wp-content\/uploads\/2025\/06\/LLIGA-BLAVA-002-scaled.jpg\" alt=\"El CN El Bal\u00eds a la Lliga Blava\" width=\"2560\" height=\"1441\" srcset=\"https:\/\/www.cnelbalis.com\/wp-content\/uploads\/2025\/06\/LLIGA-BLAVA-002-scaled.jpg 2560w, https:\/\/www.cnelbalis.com\/wp-content\/uploads\/2025\/06\/LLIGA-BLAVA-002-300x169.jpg 300w, https:\/\/www.cnelbalis.com\/wp-content\/uploads\/2025\/06\/LLIGA-BLAVA-002-1024x577.jpg 1024w, https:\/\/www.cnelbalis.com\/wp-content\/uploads\/2025\/06\/LLIGA-BLAVA-002-768x432.jpg 768w, https:\/\/www.cnelbalis.com\/wp-content\/uploads\/2025\/06\/LLIGA-BLAVA-002-1536x865.jpg 1536w, https:\/\/www.cnelbalis.com\/wp-content\/uploads\/2025\/06\/LLIGA-BLAVA-002-2048x1153.jpg 2048w\" sizes=\"auto, (max-width: 2560px) 100vw, 2560px\" \/><\/p>\n<p>El passat diumenge,<strong>\u00a0m\u00e9s de 80 infants d\u2019entre 8 i 12 anys<\/strong>, provinents de 18 clubs n\u00e0utics catalans, van participar en una jornada molt especial al\u00a0<strong>Barcelona International Sailing Center<\/strong>.<\/p>\n<p>El CN El Bal\u00eds hi va ser present amb el nostre vicepresident Llu\u00eds Blanchar, el t\u00e8cnic Luis Villalobos i alumnes de l\u2019Escola de Vela.<\/p>\n<p>Va ser una\u00a0<strong>experi\u00e8ncia d\u2019aprenentatge, conviv\u00e8ncia i arrelament amb el mar que ens omple d\u2019orgull.<\/strong> A m\u00e9s, vam rebre amb molta il\u00b7lusi\u00f3 dues embarcacions RS Feva que s\u2019incorporen a la nostra flota! Aquestes noves unitats permetran continuar fomentant la vela entre els m\u00e9s joves, amb les millors eines per al seu creixement esportiu i personal.<\/p>\n<p>Agra\u00efm sincerament a Federaci\u00f3 Catalana de Vela i Barcelona Capital N\u00e0utica, per fer-ho possible.<\/p>\n<p><strong>Perqu\u00e8 la vela \u00e9s molt m\u00e9s que un esport: \u00e9s educaci\u00f3, valors i territori.<\/strong><\/p>\n<p>Seguim navegant cap a noves aventures!<\/p>\n<p>&nbsp;<\/p>\n<p style=\"text-align: center;\"><em>Publicat el 19 Juny 2025<\/em><\/p>\n","protected":false},"excerpt":{"rendered":"<p>El passat diumenge,\u00a0m\u00e9s de 80 infants d\u2019entre 8 i 12 anys, provinents de 18 clubs n\u00e0utics catalans, van participar en una jornada molt especial al\u00a0Barcelona International Sailing Center. El CN El Bal\u00eds hi va ser present amb el nostre vicepresident Llu\u00eds Blanchar, el t\u00e8cnic Luis Villalobos i alumnes de l\u2019Escola de Vela. Va ser una\u00a0experi\u00e8ncia [&hellip;]<\/p>\n","protected":false},"author":6,"featured_media":54137,"comment_status":"closed","ping_status":"closed","sticky":false,"template":"","format":"standard","meta":{"footnotes":""},"categories":[2653,8,787,788],"tags":[2719,2717,1545,2718],"class_list":["post-54136","post","type-post","status-publish","format-standard","has-post-thumbnail","hentry","category-activitats","category-noticies","category-social-ca","category-vela-ca","tag-art","tag-exposicio","tag-port-balis-ca","tag-port-nautic"],"acf":[],"_links":{"self":[{"href":"https:\/\/www.cnelbalis.com\/ca\/wp-json\/wp\/v2\/posts\/54136","targetHints":{"allow":["GET"]}}],"collection":[{"href":"https:\/\/www.cnelbalis.com\/ca\/wp-json\/wp\/v2\/posts"}],"about":[{"href":"https:\/\/www.cnelbalis.com\/ca\/wp-json\/wp\/v2\/types\/post"}],"author":[{"embeddable":true,"href":"https:\/\/www.cnelbalis.com\/ca\/wp-json\/wp\/v2\/users\/6"}],"replies":[{"embeddable":true,"href":"https:\/\/www.cnelbalis.com\/ca\/wp-json\/wp\/v2\/comments?post=54136"}],"version-history":[{"count":4,"href":"https:\/\/www.cnelbalis.com\/ca\/wp-json\/wp\/v2\/posts\/54136\/revisions"}],"predecessor-version":[{"id":54146,"href":"https:\/\/www.cnelbalis.com\/ca\/wp-json\/wp\/v2\/posts\/54136\/revisions\/54146"}],"wp:featuredmedia":[{"embeddable":true,"href":"https:\/\/www.cnelbalis.com\/ca\/wp-json\/wp\/v2\/media\/54137"}],"wp:attachment":[{"href":"https:\/\/www.cnelbalis.com\/ca\/wp-json\/wp\/v2\/media?parent=54136"}],"wp:term":[{"taxonomy":"category","embeddable":true,"href":"https:\/\/www.cnelbalis.com\/ca\/wp-json\/wp\/v2\/categories?post=54136"},{"taxonomy":"post_tag","embeddable":true,"href":"https:\/\/www.cnelbalis.com\/ca\/wp-json\/wp\/v2\/tags?post=54136"}],"curies":[{"name":"wp","href":"https:\/\/api.w.org\/{rel}","templated":true}]}}