{"id":54000,"date":"2025-06-11T09:49:16","date_gmt":"2025-06-11T07:49:16","guid":{"rendered":"https:\/\/www.cnelbalis.com\/?p=54000"},"modified":"2025-06-19T12:12:36","modified_gmt":"2025-06-19T10:12:36","slug":"revetlla-de-sant-joan-al-cn-el-balis","status":"publish","type":"post","link":"https:\/\/www.cnelbalis.com\/ca\/revetlla-de-sant-joan-al-cn-el-balis\/","title":{"rendered":"REVETLLA DE SANT JOAN AL CN EL BAL\u00cdS"},"content":{"rendered":"<p><img loading=\"lazy\" decoding=\"async\" class=\"aligncenter wp-image-54016 size-full\" src=\"https:\/\/www.cnelbalis.com\/wp-content\/uploads\/2025\/06\/2025-Sant-Joan-Post-IG-1.png\" alt=\"Revetlla Sant Joan al CN El Bal\u00eds\" width=\"1080\" height=\"1350\" srcset=\"https:\/\/www.cnelbalis.com\/wp-content\/uploads\/2025\/06\/2025-Sant-Joan-Post-IG-1.png 1080w, https:\/\/www.cnelbalis.com\/wp-content\/uploads\/2025\/06\/2025-Sant-Joan-Post-IG-1-240x300.png 240w, https:\/\/www.cnelbalis.com\/wp-content\/uploads\/2025\/06\/2025-Sant-Joan-Post-IG-1-819x1024.png 819w, https:\/\/www.cnelbalis.com\/wp-content\/uploads\/2025\/06\/2025-Sant-Joan-Post-IG-1-768x960.png 768w\" sizes=\"auto, (max-width: 1080px) 100vw, 1080px\" \/><\/p>\n<p data-start=\"65\" data-end=\"135\"><strong>Celebra la nit m\u00e9s m\u00e0gica de l\u2019any en un entorn \u00fanic vora el mar<\/strong><\/p>\n<p data-start=\"137\" data-end=\"470\">El proper <strong data-start=\"147\" data-end=\"183\">dilluns 23 de juny a les 21:00 h<\/strong>, et convidem a viure una de les tradicions m\u00e9s esperades de l\u2019estiu: la <strong data-start=\"256\" data-end=\"281\">Revetlla de Sant Joan<\/strong>. El <strong data-start=\"286\" data-end=\"310\">Club N\u00e0utic El Bal\u00eds<\/strong> obrir\u00e0 les portes de la seva terrassa de l\u2019<strong data-start=\"354\" data-end=\"363\">Oasis<\/strong> per oferir una vetllada inoblidable, plena d\u2019alegria, bona companyia i l\u2019inconfusible esperit mediterrani.<\/p>\n<p data-start=\"472\" data-end=\"726\">Aquesta celebraci\u00f3, pensada per gaudir en fam\u00edlia, est\u00e0 oberta tant a <strong data-start=\"542\" data-end=\"551\">socis<\/strong> com a <strong data-start=\"558\" data-end=\"605\">no socis acompanyats per un membre del Club<\/strong>, i comptar\u00e0 amb una acurada proposta gastron\u00f2mica i un ambient festiu ideal per donar la benvinguda al solstici d\u2019estiu.<\/p>\n<p data-start=\"728\" data-end=\"767\"><strong>Men\u00fas especials per a l\u2019ocasi\u00f3:<br \/>\n<\/strong>\u00a0 \u00a0\u00b7 <strong data-start=\"773\" data-end=\"792\">Men\u00fa soci adult<\/strong>: 52 \u20ac<br data-start=\"798\" data-end=\"801\" \/>\u00a0 \u00a0\u00b7 <strong data-start=\"806\" data-end=\"845\">Men\u00fa soci infantil (fins a 15 anys)<\/strong>: 20 \u20ac<\/p>\n<p data-start=\"853\" data-end=\"1158\">A m\u00e9s del men\u00fa, la vetllada estar\u00e0 amenitzada amb m\u00fasica, animaci\u00f3 i alguna sorpresa per a grans i petits. No hi faltaran els elements tradicionals d\u2019aquesta nit m\u00e0gica: el foc, els bons desitjos i la conviv\u00e8ncia en un entorn privilegiat, amb vistes al mar i la brisa de la Costa Brava com a tel\u00f3 de fons.<\/p>\n<p data-start=\"1160\" data-end=\"1220\"><em data-start=\"1164\" data-end=\"1220\">Aforament limitat. Es recomana reservar amb antelaci\u00f3.<\/em><\/p>\n<p data-start=\"1222\" data-end=\"1293\"><strong>T\u2019hi esperem per celebrar junts una de les nits m\u00e9s especials de l\u2019any!<\/strong><\/p>\n","protected":false},"excerpt":{"rendered":"<p>Celebra la nit m\u00e9s m\u00e0gica de l\u2019any en un entorn \u00fanic vora el mar El proper dilluns 23 de juny a les 21:00 h, et convidem a viure una de les tradicions m\u00e9s esperades de l\u2019estiu: la Revetlla de Sant Joan. El Club N\u00e0utic El Bal\u00eds obrir\u00e0 les portes de la seva terrassa de l\u2019Oasis [&hellip;]<\/p>\n","protected":false},"author":6,"featured_media":54016,"comment_status":"closed","ping_status":"closed","sticky":false,"template":"","format":"standard","meta":{"footnotes":""},"categories":[2653,8,787],"tags":[],"class_list":["post-54000","post","type-post","status-publish","format-standard","has-post-thumbnail","hentry","category-activitats","category-noticies","category-social-ca"],"acf":[],"_links":{"self":[{"href":"https:\/\/www.cnelbalis.com\/ca\/wp-json\/wp\/v2\/posts\/54000","targetHints":{"allow":["GET"]}}],"collection":[{"href":"https:\/\/www.cnelbalis.com\/ca\/wp-json\/wp\/v2\/posts"}],"about":[{"href":"https:\/\/www.cnelbalis.com\/ca\/wp-json\/wp\/v2\/types\/post"}],"author":[{"embeddable":true,"href":"https:\/\/www.cnelbalis.com\/ca\/wp-json\/wp\/v2\/users\/6"}],"replies":[{"embeddable":true,"href":"https:\/\/www.cnelbalis.com\/ca\/wp-json\/wp\/v2\/comments?post=54000"}],"version-history":[{"count":5,"href":"https:\/\/www.cnelbalis.com\/ca\/wp-json\/wp\/v2\/posts\/54000\/revisions"}],"predecessor-version":[{"id":54118,"href":"https:\/\/www.cnelbalis.com\/ca\/wp-json\/wp\/v2\/posts\/54000\/revisions\/54118"}],"wp:featuredmedia":[{"embeddable":true,"href":"https:\/\/www.cnelbalis.com\/ca\/wp-json\/wp\/v2\/media\/54016"}],"wp:attachment":[{"href":"https:\/\/www.cnelbalis.com\/ca\/wp-json\/wp\/v2\/media?parent=54000"}],"wp:term":[{"taxonomy":"category","embeddable":true,"href":"https:\/\/www.cnelbalis.com\/ca\/wp-json\/wp\/v2\/categories?post=54000"},{"taxonomy":"post_tag","embeddable":true,"href":"https:\/\/www.cnelbalis.com\/ca\/wp-json\/wp\/v2\/tags?post=54000"}],"curies":[{"name":"wp","href":"https:\/\/api.w.org\/{rel}","templated":true}]}}