{"id":53973,"date":"2025-06-09T11:10:48","date_gmt":"2025-06-09T09:10:48","guid":{"rendered":"https:\/\/www.cnelbalis.com\/?p=53973"},"modified":"2025-06-11T09:22:34","modified_gmt":"2025-06-11T07:22:34","slug":"exposicio-de-josep-altimira-al-port-balis","status":"publish","type":"post","link":"https:\/\/www.cnelbalis.com\/ca\/exposicio-de-josep-altimira-al-port-balis\/","title":{"rendered":"EXPOSICI\u00d3 DE JOSEP ALTIMIRA AL PORT BAL\u00cdS"},"content":{"rendered":"<p><img loading=\"lazy\" decoding=\"async\" class=\"aligncenter wp-image-53974 size-full\" title=\"Regata Dragonera 35\u00aa edici\u00f3 2025\" src=\"https:\/\/www.cnelbalis.com\/wp-content\/uploads\/2025\/06\/FOTO-EXPOSICIO-JOSEP-ALTIMIRA-001.jpg\" alt=\"Exposici\u00f3 Josep Altimira al Port Bal\u00eds\" width=\"1299\" height=\"1623\" srcset=\"https:\/\/www.cnelbalis.com\/wp-content\/uploads\/2025\/06\/FOTO-EXPOSICIO-JOSEP-ALTIMIRA-001.jpg 1299w, https:\/\/www.cnelbalis.com\/wp-content\/uploads\/2025\/06\/FOTO-EXPOSICIO-JOSEP-ALTIMIRA-001-240x300.jpg 240w, https:\/\/www.cnelbalis.com\/wp-content\/uploads\/2025\/06\/FOTO-EXPOSICIO-JOSEP-ALTIMIRA-001-820x1024.jpg 820w, https:\/\/www.cnelbalis.com\/wp-content\/uploads\/2025\/06\/FOTO-EXPOSICIO-JOSEP-ALTIMIRA-001-768x960.jpg 768w, https:\/\/www.cnelbalis.com\/wp-content\/uploads\/2025\/06\/FOTO-EXPOSICIO-JOSEP-ALTIMIRA-001-1229x1536.jpg 1229w\" sizes=\"auto, (max-width: 1299px) 100vw, 1299px\" \/><\/p>\n<p>Presentaci\u00f3 exposici\u00f3 Port Bal\u00eds, 20 juny de 2025<\/p>\n<p><strong>&#8220;<em>Inici d\u2019estiu<\/em>&#8220;. Projecte d\u2019expressi\u00f3 pl\u00e0stica basat en el concepte de deconstrucci\u00f3.<\/strong><\/p>\n<p><strong>Tot projecte art\u00edstic ha de fonamentar-se en la recerca.<\/strong> No com una fase pr\u00e8via, sin\u00f3 com el motor viu del gest creatiu. Aquesta recerca tra\u00e7a una l\u00ednia coherent que anomenem <em>projecte d\u2019expressi\u00f3 pl\u00e0stica<\/em>, sorgida del desig de connectar amb l\u2019espectador i compartir-hi una experi\u00e8ncia est\u00e8tica i emocional.<br \/>\nCommoure l\u2019altre amb all\u00f2 que ens commou \u00e9s un dels grans reptes de l\u2019art.<\/p>\n<p>El punt de partida pot ser variat \u2014el pensament, el coneixement, la natura\u2014, per\u00f2 el m\u00e9s rellevant \u00e9s la connexi\u00f3 entre creador i espectador.<\/p>\n<p>En el meu cas, el pensament de <strong>Jacques Derrida<\/strong> ha estat una guia essencial. El concepte de <strong>deconstrucci\u00f3<\/strong> ha transformat la meva manera d\u2019entendre la forma i el significat. Amb un sol gest \u2014canviar els mots de lloc\u2014 podem provocar un despla\u00e7ament de sentit. Aquesta idea, aparentment ling\u00fc\u00edstica, pot aplicar-se tamb\u00e9 a l\u2019art: en pintura com en arquitectura, la disposici\u00f3 de les formes i els colors pot generar lectures noves, inesperades. Aix\u00ed, la composici\u00f3 esdev\u00e9 un acte d\u2019escriptura visual,<br \/>\nuna gramatologia on cada element participa d\u2019un joc de difer\u00e8ncies, pres\u00e8ncies i abs\u00e8ncies.<\/p>\n<p>La meva obra neix d\u2019una doble motivaci\u00f3: la construcci\u00f3 formal, que reflecteix la meva identitat, i el color com a vehicle emocional. Ambd\u00f3s elements dialoguen per expressar all\u00f2 que sovint no pot dir-se amb paraules.<\/p>\n<p>L\u2019exposici\u00f3 <strong><em>Inici d\u2019estiu<\/em><\/strong> s\u2019inspira en el solstici i en la intensitat d\u2019aquests dies plens de llum i expectativa. L\u2019obra beu tant de les avantguardes del segle XX com de llenguatges actuals, i est\u00e0 amarada de vida: un temps que s\u2019est\u00e9n entre un origen i un final, i que, com l\u2019estiu, il\u00b7lumina amb plenitud un instant fuga\u00e7.<\/p>\n<p><img loading=\"lazy\" decoding=\"async\" class=\"alignleft wp-image-53978 size-medium\" src=\"https:\/\/www.cnelbalis.com\/wp-content\/uploads\/2025\/06\/FOTO-EXPOSICIO-JOSEP-ALTIMIRA-002-275x300.jpg\" alt=\"Pintor Josep Altimira al Port Bal\u00eds\" width=\"275\" height=\"300\" srcset=\"https:\/\/www.cnelbalis.com\/wp-content\/uploads\/2025\/06\/FOTO-EXPOSICIO-JOSEP-ALTIMIRA-002-275x300.jpg 275w, https:\/\/www.cnelbalis.com\/wp-content\/uploads\/2025\/06\/FOTO-EXPOSICIO-JOSEP-ALTIMIRA-002-940x1024.jpg 940w, https:\/\/www.cnelbalis.com\/wp-content\/uploads\/2025\/06\/FOTO-EXPOSICIO-JOSEP-ALTIMIRA-002-768x837.jpg 768w, https:\/\/www.cnelbalis.com\/wp-content\/uploads\/2025\/06\/FOTO-EXPOSICIO-JOSEP-ALTIMIRA-002-1410x1536.jpg 1410w, https:\/\/www.cnelbalis.com\/wp-content\/uploads\/2025\/06\/FOTO-EXPOSICIO-JOSEP-ALTIMIRA-002.jpg 1772w\" sizes=\"auto, (max-width: 275px) 100vw, 275px\" \/><\/p>\n<p>&nbsp;<\/p>\n<p>&nbsp;<\/p>\n<p>&nbsp;<\/p>\n<p>&nbsp;<\/p>\n<p>&nbsp;<\/p>\n<p>&nbsp;<\/p>\n<p>&nbsp;<\/p>\n<p><strong>Josep Altimira Ventura<\/strong><br \/>\nArtista pl\u00e0stic<\/p>\n<p><strong>P\u00e0gina web:<\/strong> <a href=\"https:\/\/josepaltimira.com\/\">Artista Pl\u00e0stic &#8211; Josep Altimira<\/a><br \/>\n<strong>Instagram:<\/strong> @josep.altimira<\/p>\n<p>El pintor us convida al vernissatge de l\u2019exposici\u00f3 <em><strong>Inici d\u2019estiu<\/strong><\/em>, que tindr\u00e0 lloc el dia <strong>20 de juny a les 18 h al hall de les oficines centrals del Port Bal\u00eds<\/strong>. L\u2019exposici\u00f3 romandr\u00e0 oberta fins al 6 de juliol.<\/p>\n<p>&nbsp;<\/p>\n<p style=\"text-align: center;\"><em>Publicat el 9 Juny 2025<\/em><\/p>\n","protected":false},"excerpt":{"rendered":"<p>Presentaci\u00f3 exposici\u00f3 Port Bal\u00eds, 20 juny de 2025 &#8220;Inici d\u2019estiu&#8220;. Projecte d\u2019expressi\u00f3 pl\u00e0stica basat en el concepte de deconstrucci\u00f3. Tot projecte art\u00edstic ha de fonamentar-se en la recerca. No com una fase pr\u00e8via, sin\u00f3 com el motor viu del gest creatiu. Aquesta recerca tra\u00e7a una l\u00ednia coherent que anomenem projecte d\u2019expressi\u00f3 pl\u00e0stica, sorgida del desig [&hellip;]<\/p>\n","protected":false},"author":6,"featured_media":53974,"comment_status":"closed","ping_status":"closed","sticky":false,"template":"","format":"standard","meta":{"footnotes":""},"categories":[8],"tags":[2719,2717,1545,2718],"class_list":["post-53973","post","type-post","status-publish","format-standard","has-post-thumbnail","hentry","category-noticies","tag-art","tag-exposicio","tag-port-balis-ca","tag-port-nautic"],"acf":[],"_links":{"self":[{"href":"https:\/\/www.cnelbalis.com\/ca\/wp-json\/wp\/v2\/posts\/53973","targetHints":{"allow":["GET"]}}],"collection":[{"href":"https:\/\/www.cnelbalis.com\/ca\/wp-json\/wp\/v2\/posts"}],"about":[{"href":"https:\/\/www.cnelbalis.com\/ca\/wp-json\/wp\/v2\/types\/post"}],"author":[{"embeddable":true,"href":"https:\/\/www.cnelbalis.com\/ca\/wp-json\/wp\/v2\/users\/6"}],"replies":[{"embeddable":true,"href":"https:\/\/www.cnelbalis.com\/ca\/wp-json\/wp\/v2\/comments?post=53973"}],"version-history":[{"count":5,"href":"https:\/\/www.cnelbalis.com\/ca\/wp-json\/wp\/v2\/posts\/53973\/revisions"}],"predecessor-version":[{"id":53999,"href":"https:\/\/www.cnelbalis.com\/ca\/wp-json\/wp\/v2\/posts\/53973\/revisions\/53999"}],"wp:featuredmedia":[{"embeddable":true,"href":"https:\/\/www.cnelbalis.com\/ca\/wp-json\/wp\/v2\/media\/53974"}],"wp:attachment":[{"href":"https:\/\/www.cnelbalis.com\/ca\/wp-json\/wp\/v2\/media?parent=53973"}],"wp:term":[{"taxonomy":"category","embeddable":true,"href":"https:\/\/www.cnelbalis.com\/ca\/wp-json\/wp\/v2\/categories?post=53973"},{"taxonomy":"post_tag","embeddable":true,"href":"https:\/\/www.cnelbalis.com\/ca\/wp-json\/wp\/v2\/tags?post=53973"}],"curies":[{"name":"wp","href":"https:\/\/api.w.org\/{rel}","templated":true}]}}