{"id":53678,"date":"2025-05-28T10:39:24","date_gmt":"2025-05-28T08:39:24","guid":{"rendered":"https:\/\/www.cnelbalis.com\/?p=53678"},"modified":"2025-06-19T11:53:48","modified_gmt":"2025-06-19T09:53:48","slug":"campionat-catalunya-optimist","status":"publish","type":"post","link":"https:\/\/www.cnelbalis.com\/ca\/campionat-catalunya-optimist\/","title":{"rendered":"ELS JOVES D&#8217;OPTIMIST DEL CN EL BAL\u00cdS BRILLEN A ROSES"},"content":{"rendered":"<p><img loading=\"lazy\" decoding=\"async\" class=\"aligncenter wp-image-53681 size-full\" title=\"Regata Dragonera 35\u00aa edici\u00f3 2025\" src=\"https:\/\/www.cnelbalis.com\/wp-content\/uploads\/2025\/05\/Campionat-de-Catalunya-a-Roses-Grup-B-1-scaled.jpg\" alt=\"Campionat Catalunya a Roses - CN El Bal\u00eds\" width=\"2560\" height=\"1920\" srcset=\"https:\/\/www.cnelbalis.com\/wp-content\/uploads\/2025\/05\/Campionat-de-Catalunya-a-Roses-Grup-B-1-scaled.jpg 2560w, https:\/\/www.cnelbalis.com\/wp-content\/uploads\/2025\/05\/Campionat-de-Catalunya-a-Roses-Grup-B-1-300x225.jpg 300w, https:\/\/www.cnelbalis.com\/wp-content\/uploads\/2025\/05\/Campionat-de-Catalunya-a-Roses-Grup-B-1-1024x768.jpg 1024w, https:\/\/www.cnelbalis.com\/wp-content\/uploads\/2025\/05\/Campionat-de-Catalunya-a-Roses-Grup-B-1-768x576.jpg 768w, https:\/\/www.cnelbalis.com\/wp-content\/uploads\/2025\/05\/Campionat-de-Catalunya-a-Roses-Grup-B-1-1536x1152.jpg 1536w, https:\/\/www.cnelbalis.com\/wp-content\/uploads\/2025\/05\/Campionat-de-Catalunya-a-Roses-Grup-B-1-2048x1536.jpg 2048w\" sizes=\"auto, (max-width: 2560px) 100vw, 2560px\" \/><\/p>\n<div>\n<p data-start=\"132\" data-end=\"210\"><strong data-start=\"132\" data-end=\"210\">Gran actuaci\u00f3 dels regatistes del Grup B al Campionat de Catalunya a Roses<\/strong><\/p>\n<p data-start=\"212\" data-end=\"431\">Els nostres regatistes del Grup B <strong>han tancat la temporada de manera brillant al Campionat de Catalunya celebrat a Roses<\/strong>, demostrant tot el que han apr\u00e8s durant l\u2019any amb uns resultats excel\u00b7lents i una actitud exemplar.<\/p>\n<p data-start=\"433\" data-end=\"635\">Tot i que dissabte no es va poder navegar a causa de l\u2019exc\u00e9s de vent, diumenge es van disputar quatre proves amb condicions \u00f2ptimes, amb una intensitat de vent que oscil\u00b7lava entre els 7 i els 12 nusos.<\/p>\n<p data-start=\"637\" data-end=\"788\">Agra\u00efm al GEN Roses per l&#8217;organitzaci\u00f3 de la regata i, molt especialment, a GESEME i a Jes\u00fas Turr\u00f3 per haver proporcionat veles noves al nostre equip.<\/p>\n<p data-start=\"790\" data-end=\"814\"><strong>Resultats destacats:<\/strong><\/p>\n<ul data-start=\"816\" data-end=\"1043\">\n<li data-start=\"816\" data-end=\"877\">\n<p data-start=\"818\" data-end=\"877\">F\u00e8lix Maristany \u2013 1r sub-11 i 2n sub-13 (4t a la general)<\/p>\n<\/li>\n<li data-start=\"878\" data-end=\"934\">\n<p data-start=\"880\" data-end=\"934\">\u00c8ric Julbe \u2013 2n sub-11 i 3r sub-13 (5\u00e8 a la general)<\/p>\n<\/li>\n<li data-start=\"935\" data-end=\"984\">\n<p data-start=\"937\" data-end=\"984\">Elia Dal Dosso \u2013 3a sub-11 (10a a la general)<\/p>\n<\/li>\n<li data-start=\"985\" data-end=\"1043\">\n<p data-start=\"987\" data-end=\"1043\">Abril Mart\u00ednez \u2013 1a sub-9 i 2a sub-11 (22a a la general)<\/p>\n<\/li>\n<\/ul>\n<p data-start=\"1045\" data-end=\"1082\"><strong>Classificaci\u00f3 general de l\u2019equip:<\/strong><\/p>\n<ul data-start=\"1084\" data-end=\"1175\">\n<li data-start=\"1084\" data-end=\"1107\">\n<p data-start=\"1086\" data-end=\"1107\">6\u00e8 \u2013 Sergi Cascales<\/p>\n<\/li>\n<li data-start=\"1108\" data-end=\"1130\">\n<p data-start=\"1110\" data-end=\"1130\">11\u00e8 \u2013 Jaxon Romero<\/p>\n<\/li>\n<li data-start=\"1131\" data-end=\"1154\">\n<p data-start=\"1133\" data-end=\"1154\">16\u00e8 \u2013 M\u00e0rius Viguer<\/p>\n<\/li>\n<li data-start=\"1155\" data-end=\"1175\">\n<p data-start=\"1157\" data-end=\"1175\">26a \u2013 Maria Farelo<\/p>\n<\/li>\n<\/ul>\n<p data-start=\"1177\" data-end=\"1349\">Una menci\u00f3 especial per a la <strong>Cl\u00e0udia Maristany<\/strong>, que tot i no poder competir per motius de salut, ha estat una pe\u00e7a clau durant tota la temporada pel seu esfor\u00e7 i comprom\u00eds.<\/p>\n<p data-start=\"1351\" data-end=\"1566\">Moltes felicitats a tots els regatistes per la seva gran actuaci\u00f3 i als entrenadors Nico Borr\u00e0s i M\u00f2nica Veenhoven per la seva dedicaci\u00f3 i per aconseguir la<strong> classificaci\u00f3 de l\u2019equip al Grup A.<\/strong><\/p>\n<p data-start=\"1351\" data-end=\"1566\"><strong>Continuem aix\u00ed, equip!<\/strong><\/p>\n<\/div>\n<div>\n<p>&nbsp;<\/p>\n<p style=\"text-align: center;\"><em>Publicat el 28 May 2025<\/em><\/p>\n<\/div>\n","protected":false},"excerpt":{"rendered":"<p>Gran actuaci\u00f3 dels regatistes del Grup B al Campionat de Catalunya a Roses Els nostres regatistes del Grup B han tancat la temporada de manera brillant al Campionat de Catalunya celebrat a Roses, demostrant tot el que han apr\u00e8s durant l\u2019any amb uns resultats excel\u00b7lents i una actitud exemplar. Tot i que dissabte no es [&hellip;]<\/p>\n","protected":false},"author":6,"featured_media":53685,"comment_status":"closed","ping_status":"closed","sticky":false,"template":"","format":"standard","meta":{"footnotes":""},"categories":[2653,783,788],"tags":[],"class_list":["post-53678","post","type-post","status-publish","format-standard","has-post-thumbnail","hentry","category-activitats","category-escola","category-vela-ca"],"acf":[],"_links":{"self":[{"href":"https:\/\/www.cnelbalis.com\/ca\/wp-json\/wp\/v2\/posts\/53678","targetHints":{"allow":["GET"]}}],"collection":[{"href":"https:\/\/www.cnelbalis.com\/ca\/wp-json\/wp\/v2\/posts"}],"about":[{"href":"https:\/\/www.cnelbalis.com\/ca\/wp-json\/wp\/v2\/types\/post"}],"author":[{"embeddable":true,"href":"https:\/\/www.cnelbalis.com\/ca\/wp-json\/wp\/v2\/users\/6"}],"replies":[{"embeddable":true,"href":"https:\/\/www.cnelbalis.com\/ca\/wp-json\/wp\/v2\/comments?post=53678"}],"version-history":[{"count":6,"href":"https:\/\/www.cnelbalis.com\/ca\/wp-json\/wp\/v2\/posts\/53678\/revisions"}],"predecessor-version":[{"id":54098,"href":"https:\/\/www.cnelbalis.com\/ca\/wp-json\/wp\/v2\/posts\/53678\/revisions\/54098"}],"wp:featuredmedia":[{"embeddable":true,"href":"https:\/\/www.cnelbalis.com\/ca\/wp-json\/wp\/v2\/media\/53685"}],"wp:attachment":[{"href":"https:\/\/www.cnelbalis.com\/ca\/wp-json\/wp\/v2\/media?parent=53678"}],"wp:term":[{"taxonomy":"category","embeddable":true,"href":"https:\/\/www.cnelbalis.com\/ca\/wp-json\/wp\/v2\/categories?post=53678"},{"taxonomy":"post_tag","embeddable":true,"href":"https:\/\/www.cnelbalis.com\/ca\/wp-json\/wp\/v2\/tags?post=53678"}],"curies":[{"name":"wp","href":"https:\/\/api.w.org\/{rel}","templated":true}]}}