{"id":53655,"date":"2025-05-28T10:16:23","date_gmt":"2025-05-28T08:16:23","guid":{"rendered":"https:\/\/www.cnelbalis.com\/?p=53655"},"modified":"2025-05-28T13:05:06","modified_gmt":"2025-05-28T11:05:06","slug":"marina-day-fira-port-balis-6-7-i-8-de-juny","status":"publish","type":"post","link":"https:\/\/www.cnelbalis.com\/ca\/marina-day-fira-port-balis-6-7-i-8-de-juny\/","title":{"rendered":"MARINA DAY \u2013 FIRA PORT BAL\u00cdS 6, 7 I 8 DE JUNY"},"content":{"rendered":"<p><img loading=\"lazy\" decoding=\"async\" class=\"aligncenter wp-image-53445 size-full\" title=\"Regata Dragonera 35\u00aa edici\u00f3 2025\" src=\"https:\/\/www.cnelbalis.com\/wp-content\/uploads\/2025\/05\/Balis_LK_Post_MarinaDay_F1-01.png\" alt=\"Fira Port Bal\u00eds - Marina Day\" width=\"2501\" height=\"1309\" srcset=\"https:\/\/www.cnelbalis.com\/wp-content\/uploads\/2025\/05\/Balis_LK_Post_MarinaDay_F1-01.png 2501w, https:\/\/www.cnelbalis.com\/wp-content\/uploads\/2025\/05\/Balis_LK_Post_MarinaDay_F1-01-300x157.png 300w, https:\/\/www.cnelbalis.com\/wp-content\/uploads\/2025\/05\/Balis_LK_Post_MarinaDay_F1-01-1024x536.png 1024w, https:\/\/www.cnelbalis.com\/wp-content\/uploads\/2025\/05\/Balis_LK_Post_MarinaDay_F1-01-768x402.png 768w, https:\/\/www.cnelbalis.com\/wp-content\/uploads\/2025\/05\/Balis_LK_Post_MarinaDay_F1-01-1536x804.png 1536w, https:\/\/www.cnelbalis.com\/wp-content\/uploads\/2025\/05\/Balis_LK_Post_MarinaDay_F1-01-2048x1072.png 2048w\" sizes=\"auto, (max-width: 2501px) 100vw, 2501px\" \/><\/p>\n<p class=\"\" data-start=\"211\" data-end=\"642\"><strong>Marina Day \u2013 Fira Port Bal\u00eds: tres dies plens de mar, m\u00fasica i activitats per a tota la fam\u00edlia<\/strong><\/p>\n<p class=\"\" data-start=\"211\" data-end=\"642\"><strong>Els dies 6, 7 i 8 de juny<\/strong>, El Bal\u00eds es transforma en un espai vibrant i ple d\u2019experi\u00e8ncies amb motiu del\u00a0<strong>Marina Day \u2013 Fira Port Bal\u00eds<\/strong>. Tres dies per viure el port intensament, gaudint del mar, la m\u00fasica, la gastronomia i activitats pensades per a totes les edats.<\/p>\n<p class=\"\" data-start=\"211\" data-end=\"642\"><strong>Qu\u00e8 hi trobar\u00e0s?<\/strong><\/p>\n<p class=\"\" data-start=\"211\" data-end=\"642\"><span style=\"color: #ff0000;\"><strong>Market de moda i complements<\/strong><\/span><br \/>\nEl Bal\u00eds Market reunir\u00e0 marques emergents i creadors locals en un espai \u00fanic a l&#8217;aire lliure.<\/p>\n<ul>\n<li>Divendres\u00a06 de juny: de 18h a 00h<\/li>\n<li>Dissabte 7 de juny: de 18h a 00h<\/li>\n<li>Diumenge 8 de juny: de 12h a 19h<\/li>\n<\/ul>\n<p class=\"\" data-start=\"211\" data-end=\"642\"><span style=\"color: #ff0000;\"><strong>Activitats esportives gratu\u00eftes<\/strong><\/span><br \/>\nDissabte i diumenge al mat\u00ed oferim activitats n\u00e0utiques per a tots els p\u00fablics:<\/p>\n<ul>\n<li>Dissabte 7 i diumenge 8 de juny: de 11h a 14.30h\n<ul>\n<li>Activitats: vela lleugera, caiac, paddle surf, banana boat i motos d\u2019aigua<\/li>\n<li><em>Places limitades. Caldr\u00e0 inscriure\u2019s el mateix dia al punt d\u2019informaci\u00f3, la carpa de El Bal\u00eds instal\u00b7lada al Pantal\u00e0 Central.<\/em><\/li>\n<\/ul>\n<\/li>\n<li>Dissabte 7\u00a0de juny: de 10.30h a 13h\n<ul>\n<li>Tastets de rem gratu\u00efts a l&#8217;esplanada de vela lleugera\u00a0<em>(al mateix espai on es van fer l&#8217;any passat, a tocar de la barca de rem).<\/em><\/li>\n<\/ul>\n<\/li>\n<\/ul>\n<p class=\"\" data-start=\"211\" data-end=\"642\"><span style=\"color: #ff0000;\"><strong>Activitats infantils<\/strong><\/span><br \/>\nEls m\u00e9s petits tamb\u00e9 tenen el seu espai de diversi\u00f3:<\/p>\n<ul>\n<li>Dissabte 7 de juny \u2013 Happy Market: de 17h a 19.30h<\/li>\n<li>Diumenge 8 de juny \u2013 Art de les bombolles: de 11h a 13.30h<\/li>\n<\/ul>\n<p class=\"\" data-start=\"211\" data-end=\"642\"><span style=\"color: #ff0000;\"><strong>M\u00fasica en viu<\/strong><\/span><br \/>\nLa m\u00fasica en directe posar\u00e0 ritme i ambient a cada jornada:<\/p>\n<ul>\n<li>Divendres 6 de juny, de 20.30h a 22h \u2013 The Corbats (rock &amp; pop internacional)<\/li>\n<li>Dissabte 7 de juny, de 20.30h a 22h \u2013 On The Roof (rumba i pop)<\/li>\n<li>Diumenge 8 de juny, de 13h a 14.30h \u2013 Ricky Fargas (versions de pop-rock nacional i internacional)<\/li>\n<\/ul>\n<p class=\"\" data-start=\"211\" data-end=\"642\"><span style=\"color: #ff0000;\"><strong>Gastronomia i begudes<\/strong><\/span><br \/>\nUna selecci\u00f3 gastron\u00f2mica a c\u00e0rrec dels restaurants del port:<br \/>\nFilo per la cuina, L\u2019Italiano, El Rac\u00f3 del Navegant i El Gas oferiran tapes, platets i begudes per gaudir del Marina Day amb bon sabor de boca.<\/p>\n<p>Tres dies per compartir, gaudir i viure<strong>.<\/strong>\u00a0A El Bal\u00eds, el\u00a0<strong>Marina Day \u2013 Fira Port Bal\u00eds \u00e9s molt m\u00e9s que un esdeveniment: \u00e9s una manera de celebrar el mar i tot el que ens uneix al seu entorn.<\/strong><\/p>\n<p>Us esperem al Pantal\u00e0 Central!<\/p>\n<p>&nbsp;<\/p>\n<p style=\"text-align: center;\"><em>Publicat el 28 May 2025<\/em><\/p>\n","protected":false},"excerpt":{"rendered":"<p>Marina Day \u2013 Fira Port Bal\u00eds: tres dies plens de mar, m\u00fasica i activitats per a tota la fam\u00edlia Els dies 6, 7 i 8 de juny, El Bal\u00eds es transforma en un espai vibrant i ple d\u2019experi\u00e8ncies amb motiu del\u00a0Marina Day \u2013 Fira Port Bal\u00eds. Tres dies per viure el port intensament, gaudint del [&hellip;]<\/p>\n","protected":false},"author":6,"featured_media":53445,"comment_status":"closed","ping_status":"closed","sticky":false,"template":"","format":"standard","meta":{"footnotes":""},"categories":[8],"tags":[],"class_list":["post-53655","post","type-post","status-publish","format-standard","has-post-thumbnail","hentry","category-noticies"],"acf":[],"_links":{"self":[{"href":"https:\/\/www.cnelbalis.com\/ca\/wp-json\/wp\/v2\/posts\/53655","targetHints":{"allow":["GET"]}}],"collection":[{"href":"https:\/\/www.cnelbalis.com\/ca\/wp-json\/wp\/v2\/posts"}],"about":[{"href":"https:\/\/www.cnelbalis.com\/ca\/wp-json\/wp\/v2\/types\/post"}],"author":[{"embeddable":true,"href":"https:\/\/www.cnelbalis.com\/ca\/wp-json\/wp\/v2\/users\/6"}],"replies":[{"embeddable":true,"href":"https:\/\/www.cnelbalis.com\/ca\/wp-json\/wp\/v2\/comments?post=53655"}],"version-history":[{"count":4,"href":"https:\/\/www.cnelbalis.com\/ca\/wp-json\/wp\/v2\/posts\/53655\/revisions"}],"predecessor-version":[{"id":53782,"href":"https:\/\/www.cnelbalis.com\/ca\/wp-json\/wp\/v2\/posts\/53655\/revisions\/53782"}],"wp:featuredmedia":[{"embeddable":true,"href":"https:\/\/www.cnelbalis.com\/ca\/wp-json\/wp\/v2\/media\/53445"}],"wp:attachment":[{"href":"https:\/\/www.cnelbalis.com\/ca\/wp-json\/wp\/v2\/media?parent=53655"}],"wp:term":[{"taxonomy":"category","embeddable":true,"href":"https:\/\/www.cnelbalis.com\/ca\/wp-json\/wp\/v2\/categories?post=53655"},{"taxonomy":"post_tag","embeddable":true,"href":"https:\/\/www.cnelbalis.com\/ca\/wp-json\/wp\/v2\/tags?post=53655"}],"curies":[{"name":"wp","href":"https:\/\/api.w.org\/{rel}","templated":true}]}}