{"id":53369,"date":"2025-05-06T16:40:56","date_gmt":"2025-05-06T14:40:56","guid":{"rendered":"https:\/\/www.cnelbalis.com\/?p=53369"},"modified":"2025-05-28T13:15:48","modified_gmt":"2025-05-28T11:15:48","slug":"club-nautico-el-balis-en-la-copa-espana-de-420-2025","status":"publish","type":"post","link":"https:\/\/www.cnelbalis.com\/ca\/club-nautico-el-balis-en-la-copa-espana-de-420-2025\/","title":{"rendered":"CLUB N\u00c0UTIC EL BAL\u00cdS A LA COPA ESPANYA DE 420 2025"},"content":{"rendered":"<p><img loading=\"lazy\" decoding=\"async\" class=\"aligncenter wp-image-53359 size-full\" title=\"Copa Espa\u00f1a 420 2025\" src=\"https:\/\/www.cnelbalis.com\/wp-content\/uploads\/2025\/05\/Copa-Espanya-420-1-RET-1.jpg\" alt=\"Club N\u00e1utico El Bal\u00eds en la Copa Espa\u00f1a de 420 2025\" width=\"1600\" height=\"1200\" srcset=\"https:\/\/www.cnelbalis.com\/wp-content\/uploads\/2025\/05\/Copa-Espanya-420-1-RET-1.jpg 1600w, https:\/\/www.cnelbalis.com\/wp-content\/uploads\/2025\/05\/Copa-Espanya-420-1-RET-1-300x225.jpg 300w, https:\/\/www.cnelbalis.com\/wp-content\/uploads\/2025\/05\/Copa-Espanya-420-1-RET-1-1024x768.jpg 1024w, https:\/\/www.cnelbalis.com\/wp-content\/uploads\/2025\/05\/Copa-Espanya-420-1-RET-1-768x576.jpg 768w, https:\/\/www.cnelbalis.com\/wp-content\/uploads\/2025\/05\/Copa-Espanya-420-1-RET-1-1536x1152.jpg 1536w\" sizes=\"auto, (max-width: 1600px) 100vw, 1600px\" \/><\/p>\n<p data-start=\"79\" data-end=\"539\"><strong data-start=\"79\" data-end=\"218\">El Club N\u00e0utic El Bal\u00eds torna a brillar en vela lleugera amb un espectacular triplet al podi mixt de la Copa d\u2019Espanya de la classe 420<\/strong>, celebrada a Puerto Sherry de l\u20191 al 4 de maig. La vict\u00f2ria va ser per a <strong data-start=\"292\" data-end=\"325\">Bruno Garcia i Isabel Laiseca<\/strong>, seguits de <strong data-start=\"338\" data-end=\"368\">Joan Hadzi i Lucia Baurier<\/strong> en segona posici\u00f3, i de <strong data-start=\"393\" data-end=\"430\">Sebastian Riquelme i Sofia Cavaco<\/strong> en tercera. A m\u00e9s, en Bruno i la Isabel tamb\u00e9 van aconseguir la tercera posici\u00f3 a la classificaci\u00f3 absoluta.<\/p>\n<p data-start=\"541\" data-end=\"858\">La competici\u00f3, disputada en condicions de vents mitjans a forts, va constar de set proves (quatre en la fase de classificaci\u00f3 i tres en la fase final). L\u2019equip va demostrar un alt nivell des del primer moment, amb una gran actuaci\u00f3 durant les classificat\u00f2ries i afrontant amb determinaci\u00f3 la pressi\u00f3 de la fase final.<\/p>\n<p data-start=\"860\" data-end=\"1112\"><strong data-start=\"860\" data-end=\"1112\">Aquest gran resultat no nom\u00e9s ha suposat un podi complet per al club, sin\u00f3 que tamb\u00e9 ha perm\u00e8s classificar cinc tripulacions per al Campionat del M\u00f3n de la classe 420, que se celebrar\u00e0 a Turquia, i dues per al Campionat d\u2019Europa Juvenil a Portugal.<\/strong><\/p>\n<p data-start=\"1114\" data-end=\"1314\"><strong data-start=\"1114\" data-end=\"1157\">Classificats per al Mundial de Turquia:<\/strong><br data-start=\"1157\" data-end=\"1160\" \/>\u00b7 Bruno Garcia i Isabel Laiseca<br data-start=\"1191\" data-end=\"1194\" \/>\u00b7 Joan Hadzi i Lucia Baurier<br data-start=\"1222\" data-end=\"1225\" \/>\u00b7 Mar\u00eda Blanco i \u00c0lex Camps<br data-start=\"1252\" data-end=\"1255\" \/>\u00b7 Pol Mateu i Sof\u00eda Cavaco<br data-start=\"1281\" data-end=\"1284\" \/>\u00b7 Jana Rahola i Martina Rahola<\/p>\n<p data-start=\"1316\" data-end=\"1443\"><strong data-start=\"1316\" data-end=\"1379\">Classificats per al Campionat d\u2019Europa Juvenil de Portugal:<\/strong><br data-start=\"1379\" data-end=\"1382\" \/>\u00b7 Joan Hadzi i Lucia Baurier<br data-start=\"1410\" data-end=\"1413\" \/>\u00b7 Jana Rahola i Martina Rahola<\/p>\n<p data-start=\"1445\" data-end=\"1526\">Podeu consultar els resultats de la competici\u00f3 a trav\u00e9s d\u2019aquest enlla\u00e7: <span style=\"color: #0000ff;\"><strong><a style=\"color: #0000ff;\" href=\"https:\/\/competiciones.rfev.es\/es\/results\/resultsall\/text\/copa-espana-clase-420-2025\">RFEV<\/a><\/strong><\/span><\/p>\n<p data-start=\"1528\" data-end=\"1743\"><strong data-start=\"1528\" data-end=\"1642\">Des del Club N\u00e0utic El Bal\u00eds volem felicitar tot l\u2019equip de 420 per la magn\u00edfica temporada al circuit espanyol<\/strong>, aix\u00ed com als entrenadors <strong data-start=\"1669\" data-end=\"1712\">Miquel P\u00e9rez, Pau Llibre i Magda Resano<\/strong> per la seva feina i comprom\u00eds.<\/p>\n<p data-start=\"1745\" data-end=\"2068\" data-is-last-node=\"\" data-is-only-node=\"\">Tamb\u00e9 volem fer una <strong data-start=\"1765\" data-end=\"1802\">menci\u00f3 especial a Carlos de Maqua<\/strong>, que finalitza la seva etapa com a entrenador de la flota de 420 despr\u00e9s de tres temporades plenes d\u2019\u00e8xits. Deixa una empremta inesborrable al club, amb una traject\u00f2ria marcada per la professionalitat i la dedicaci\u00f3. <strong data-start=\"2020\" data-end=\"2068\" data-is-last-node=\"\">Gr\u00e0cies, Carlos, per tot el que has aportat.<\/strong><\/p>\n<p data-start=\"1745\" data-end=\"2068\" data-is-last-node=\"\" data-is-only-node=\"\">\n<p style=\"text-align: center;\" data-start=\"1745\" data-end=\"2068\" data-is-last-node=\"\" data-is-only-node=\"\"><em>Publicat el 6 Maig 2025<\/em><\/p>\n","protected":false},"excerpt":{"rendered":"<p>El Club N\u00e0utic El Bal\u00eds torna a brillar en vela lleugera amb un espectacular triplet al podi mixt de la Copa d\u2019Espanya de la classe 420, celebrada a Puerto Sherry de l\u20191 al 4 de maig. La vict\u00f2ria va ser per a Bruno Garcia i Isabel Laiseca, seguits de Joan Hadzi i Lucia Baurier en [&hellip;]<\/p>\n","protected":false},"author":6,"featured_media":53359,"comment_status":"closed","ping_status":"closed","sticky":false,"template":"","format":"standard","meta":{"footnotes":""},"categories":[2653,782,8,788],"tags":[],"class_list":["post-53369","post","type-post","status-publish","format-standard","has-post-thumbnail","hentry","category-activitats","category-esport","category-noticies","category-vela-ca"],"acf":[],"_links":{"self":[{"href":"https:\/\/www.cnelbalis.com\/ca\/wp-json\/wp\/v2\/posts\/53369","targetHints":{"allow":["GET"]}}],"collection":[{"href":"https:\/\/www.cnelbalis.com\/ca\/wp-json\/wp\/v2\/posts"}],"about":[{"href":"https:\/\/www.cnelbalis.com\/ca\/wp-json\/wp\/v2\/types\/post"}],"author":[{"embeddable":true,"href":"https:\/\/www.cnelbalis.com\/ca\/wp-json\/wp\/v2\/users\/6"}],"replies":[{"embeddable":true,"href":"https:\/\/www.cnelbalis.com\/ca\/wp-json\/wp\/v2\/comments?post=53369"}],"version-history":[{"count":5,"href":"https:\/\/www.cnelbalis.com\/ca\/wp-json\/wp\/v2\/posts\/53369\/revisions"}],"predecessor-version":[{"id":53799,"href":"https:\/\/www.cnelbalis.com\/ca\/wp-json\/wp\/v2\/posts\/53369\/revisions\/53799"}],"wp:featuredmedia":[{"embeddable":true,"href":"https:\/\/www.cnelbalis.com\/ca\/wp-json\/wp\/v2\/media\/53359"}],"wp:attachment":[{"href":"https:\/\/www.cnelbalis.com\/ca\/wp-json\/wp\/v2\/media?parent=53369"}],"wp:term":[{"taxonomy":"category","embeddable":true,"href":"https:\/\/www.cnelbalis.com\/ca\/wp-json\/wp\/v2\/categories?post=53369"},{"taxonomy":"post_tag","embeddable":true,"href":"https:\/\/www.cnelbalis.com\/ca\/wp-json\/wp\/v2\/tags?post=53369"}],"curies":[{"name":"wp","href":"https:\/\/api.w.org\/{rel}","templated":true}]}}