{"id":53354,"date":"2025-05-13T16:50:41","date_gmt":"2025-05-13T14:50:41","guid":{"rendered":"https:\/\/www.cnelbalis.com\/?p=53354"},"modified":"2025-05-28T13:08:05","modified_gmt":"2025-05-28T11:08:05","slug":"club-nautic-el-balis-a-la-copa-espanya-de-420-2025","status":"publish","type":"post","link":"https:\/\/www.cnelbalis.com\/ca\/club-nautic-el-balis-a-la-copa-espanya-de-420-2025\/","title":{"rendered":"CLUB N\u00c0UTIC EL BAL\u00cdS A LA COPA ESPANYA DE 420 2025"},"content":{"rendered":"<p><img loading=\"lazy\" decoding=\"async\" class=\"aligncenter wp-image-53359 size-full\" title=\"Regata Dragonera 35\u00aa edici\u00f3 2025\" src=\"https:\/\/www.cnelbalis.com\/wp-content\/uploads\/2025\/05\/Copa-Espanya-420-1-RET-1.jpg\" alt=\"Club N\u00e0utic El Bal\u00eds a la Copa Espanya de 420 2025\" width=\"1600\" height=\"1200\" srcset=\"https:\/\/www.cnelbalis.com\/wp-content\/uploads\/2025\/05\/Copa-Espanya-420-1-RET-1.jpg 1600w, https:\/\/www.cnelbalis.com\/wp-content\/uploads\/2025\/05\/Copa-Espanya-420-1-RET-1-300x225.jpg 300w, https:\/\/www.cnelbalis.com\/wp-content\/uploads\/2025\/05\/Copa-Espanya-420-1-RET-1-1024x768.jpg 1024w, https:\/\/www.cnelbalis.com\/wp-content\/uploads\/2025\/05\/Copa-Espanya-420-1-RET-1-768x576.jpg 768w, https:\/\/www.cnelbalis.com\/wp-content\/uploads\/2025\/05\/Copa-Espanya-420-1-RET-1-1536x1152.jpg 1536w\" sizes=\"auto, (max-width: 1600px) 100vw, 1600px\" \/><\/p>\n<p class=\"\" data-start=\"222\" data-end=\"691\">El Club N\u00e0utic El Bal\u00eds ha tornat a demostrar la seva for\u00e7a en la vela lleugera aconseguint un espectacular triplet al podi mixt de la Copa d\u2019Espanya de la classe 420, celebrada a Puerto Sherry de l\u20191 al 4 de maig. La vict\u00f2ria va ser per a Bruno Garcia i Isabel Laiseca, seguits de Joan Hadzi i Lucia Baurier en segona posici\u00f3, i de Sebastian Riquelme i Sofia Cavaco en tercera. A m\u00e9s, Bruno i Isabel tamb\u00e9 van aconseguir la tercera posici\u00f3 a la classificaci\u00f3 absoluta.<\/p>\n<p class=\"\" data-start=\"693\" data-end=\"1006\">La competici\u00f3, disputada en condicions de vents mitjans a forts, va constar de set proves (quatre a la fase de classificaci\u00f3 i tres a la fase final). L\u2019equip va mostrar un alt nivell des del primer moment, amb una gran actuaci\u00f3 durant les classificat\u00f2ries i afrontant amb determinaci\u00f3 la pressi\u00f3 de la fase final.<\/p>\n<p class=\"\" data-start=\"1008\" data-end=\"1256\">Aquest gran resultat no nom\u00e9s ha suposat un podi complet per al club, sin\u00f3 que tamb\u00e9 ha perm\u00e8s classificar cinc tripulacions per al Campionat del M\u00f3n de la classe 420, que se celebrar\u00e0 a Turquia, i dues per al Campionat d\u2019Europa Juvenil a Portugal.<\/p>\n<p class=\"\" data-start=\"1258\" data-end=\"1460\"><strong data-start=\"1258\" data-end=\"1301\">Classificats per al Mundial de Turquia:<\/strong><br data-start=\"1301\" data-end=\"1304\" \/>\u00b7 Bruno Garcia i Isabel Laiseca<br data-start=\"1335\" data-end=\"1338\" \/>\u00b7 Joan Hadzi i Lucia Baurier<br data-start=\"1366\" data-end=\"1369\" \/>\u00b7 Mar\u00eda Blanco i \u00c0lex Camps<br data-start=\"1396\" data-end=\"1399\" \/>\u00b7 Pol Mateu i Sofia Cavaco<br data-start=\"1425\" data-end=\"1428\" \/>\u00b7 Jana Rahola i Martina Rahola<\/p>\n<p class=\"\" data-start=\"1462\" data-end=\"1591\"><strong data-start=\"1462\" data-end=\"1525\">Classificats per al Campionat d\u2019Europa Juvenil de Portugal:<\/strong><br data-start=\"1525\" data-end=\"1528\" \/>\u00b7 Joan Hadzi i Lucia Baurier<br data-start=\"1556\" data-end=\"1559\" \/>\u00b7 Jana Rahola i Martina Rahola<\/p>\n<p class=\"\" data-start=\"1593\" data-end=\"1689\">Podeu consultar els resultats de la competici\u00f3 a trav\u00e9s d\u2019aquest enlla\u00e7: <a class=\"\" href=\"https:\/\/competiciones.rfev.es\/es\/results\/resultsall\/text\/copa-espana-clase-420-2025\" target=\"_new\" rel=\"noopener\" data-start=\"1666\" data-end=\"1689\">RFEV<\/a><\/p>\n<p class=\"\" data-start=\"1691\" data-end=\"1896\">Des del Club N\u00e0utic El Bal\u00eds volem felicitar tot l\u2019equip de 420 per la magn\u00edfica temporada al circuit espanyol, aix\u00ed com els entrenadors Miquel P\u00e9rez, Pau Llibre i Magda Resano pel seu treball i comprom\u00eds.<\/p>\n<p class=\"\" data-start=\"1898\" data-end=\"2213\">Tamb\u00e9 volem fer una menci\u00f3 especial a Carlos de Maqua, que finalitza la seva etapa com a entrenador de la flota de 420 despr\u00e9s de tres temporades plenes d\u2019\u00e8xits. Deixa una empremta inesborrable al club, amb una traject\u00f2ria marcada per la professionalitat i la dedicaci\u00f3. Gr\u00e0cies, Carlos, per tot el que has aportat.<\/p>\n<p data-start=\"1898\" data-end=\"2213\">\n<p style=\"text-align: center;\" data-start=\"1898\" data-end=\"2213\"><em>Publicat el 13 Maig 2025<\/em><\/p>\n","protected":false},"excerpt":{"rendered":"<p>El Club N\u00e0utic El Bal\u00eds ha tornat a demostrar la seva for\u00e7a en la vela lleugera aconseguint un espectacular triplet al podi mixt de la Copa d\u2019Espanya de la classe 420, celebrada a Puerto Sherry de l\u20191 al 4 de maig. La vict\u00f2ria va ser per a Bruno Garcia i Isabel Laiseca, seguits de Joan [&hellip;]<\/p>\n","protected":false},"author":6,"featured_media":53359,"comment_status":"closed","ping_status":"closed","sticky":false,"template":"","format":"standard","meta":{"footnotes":""},"categories":[2653,782,8,788],"tags":[],"class_list":["post-53354","post","type-post","status-publish","format-standard","has-post-thumbnail","hentry","category-activitats","category-esport","category-noticies","category-vela-ca"],"acf":[],"_links":{"self":[{"href":"https:\/\/www.cnelbalis.com\/ca\/wp-json\/wp\/v2\/posts\/53354","targetHints":{"allow":["GET"]}}],"collection":[{"href":"https:\/\/www.cnelbalis.com\/ca\/wp-json\/wp\/v2\/posts"}],"about":[{"href":"https:\/\/www.cnelbalis.com\/ca\/wp-json\/wp\/v2\/types\/post"}],"author":[{"embeddable":true,"href":"https:\/\/www.cnelbalis.com\/ca\/wp-json\/wp\/v2\/users\/6"}],"replies":[{"embeddable":true,"href":"https:\/\/www.cnelbalis.com\/ca\/wp-json\/wp\/v2\/comments?post=53354"}],"version-history":[{"count":5,"href":"https:\/\/www.cnelbalis.com\/ca\/wp-json\/wp\/v2\/posts\/53354\/revisions"}],"predecessor-version":[{"id":53788,"href":"https:\/\/www.cnelbalis.com\/ca\/wp-json\/wp\/v2\/posts\/53354\/revisions\/53788"}],"wp:featuredmedia":[{"embeddable":true,"href":"https:\/\/www.cnelbalis.com\/ca\/wp-json\/wp\/v2\/media\/53359"}],"wp:attachment":[{"href":"https:\/\/www.cnelbalis.com\/ca\/wp-json\/wp\/v2\/media?parent=53354"}],"wp:term":[{"taxonomy":"category","embeddable":true,"href":"https:\/\/www.cnelbalis.com\/ca\/wp-json\/wp\/v2\/categories?post=53354"},{"taxonomy":"post_tag","embeddable":true,"href":"https:\/\/www.cnelbalis.com\/ca\/wp-json\/wp\/v2\/tags?post=53354"}],"curies":[{"name":"wp","href":"https:\/\/api.w.org\/{rel}","templated":true}]}}