{"id":53298,"date":"2025-04-29T09:08:17","date_gmt":"2025-04-29T07:08:17","guid":{"rendered":"https:\/\/www.cnelbalis.com\/?p=53298"},"modified":"2025-05-28T10:24:45","modified_gmt":"2025-05-28T08:24:45","slug":"xxxv-dragonera-26-i-27-dabril-de-2025","status":"publish","type":"post","link":"https:\/\/www.cnelbalis.com\/ca\/xxxv-dragonera-26-i-27-dabril-de-2025\/","title":{"rendered":"XXXV DRAGONERA &#8211; 26 I 27 D&#8217;ABRIL DE 2025"},"content":{"rendered":"<p><img loading=\"lazy\" decoding=\"async\" class=\"aligncenter wp-image-53299 size-full\" title=\"Regata Dragonera 35\u00aa edici\u00f3 2025\" src=\"https:\/\/www.cnelbalis.com\/wp-content\/uploads\/2025\/04\/54479889831_53959a4566_o.jpg\" alt=\"Regata Dragonera 35\u00aa edici\u00f3 2025\" width=\"1501\" height=\"1002\" srcset=\"https:\/\/www.cnelbalis.com\/wp-content\/uploads\/2025\/04\/54479889831_53959a4566_o.jpg 1501w, https:\/\/www.cnelbalis.com\/wp-content\/uploads\/2025\/04\/54479889831_53959a4566_o-300x200.jpg 300w, https:\/\/www.cnelbalis.com\/wp-content\/uploads\/2025\/04\/54479889831_53959a4566_o-1024x684.jpg 1024w, https:\/\/www.cnelbalis.com\/wp-content\/uploads\/2025\/04\/54479889831_53959a4566_o-768x513.jpg 768w, https:\/\/www.cnelbalis.com\/wp-content\/uploads\/2025\/04\/54479889831_53959a4566_o-1500x1000.jpg 1500w\" sizes=\"auto, (max-width: 1501px) 100vw, 1501px\" \/><\/p>\n<p data-pm-slice=\"1 1 []\">Els passats 26 i 27 d&#8217;abril, es va dur a terme la 35a edici\u00f3 de la Dragonera al Club N\u00e0utic El Bal\u00eds.<\/p>\n<p>Les condicions van ser complicades a causa d&#8217;un front de tempesta que va permetre comen\u00e7ar molt b\u00e9 la regata per als 18 vaixells inscrits, per\u00f2 amb l&#8217;arribada de la nit el vent va desapar\u00e8ixer, deixant fora de termini els participants en la versi\u00f3 curta.<\/p>\n<p>Tot i aix\u00f2, el gran protagonista d&#8217;aquesta edici\u00f3 ha estat el vaixell NIRVANA 3 de Jos\u00e9 Mart\u00edn Santiago del CN \u200b\u200bVilanova, que va completar la prova en temps en la versi\u00f3 llarga, sent l&#8217;\u00fanic a aconseguir-ho i proclamant-se guanyador absolut d&#8217;aquesta edici\u00f3.<\/p>\n<p>La regata va acabar dissabte amb una botifarrada en finalitzar la jornada, i diumenge es va celebrar el lliurament de premis.<\/p>\n<p>El nostre agra\u00efment a Alfredo Llobet per les fotos genials de la regata!<\/p>\n<p>Us esperem a tots a la pr\u00f2xima regata del club, que ser\u00e0 al setembre amb el cl\u00e0ssic Gran Premi El Bal\u00eds.<\/p>\n","protected":false},"excerpt":{"rendered":"<p>Els passats 26 i 27 d&#8217;abril, es va dur a terme la 35a edici\u00f3 de la Dragonera al Club N\u00e0utic El Bal\u00eds. Les condicions van ser complicades a causa d&#8217;un front de tempesta que va permetre comen\u00e7ar molt b\u00e9 la regata per als 18 vaixells inscrits, per\u00f2 amb l&#8217;arribada de la nit el vent va [&hellip;]<\/p>\n","protected":false},"author":6,"featured_media":53299,"comment_status":"closed","ping_status":"closed","sticky":false,"template":"","format":"standard","meta":{"footnotes":""},"categories":[2653,782,8,788],"tags":[],"class_list":["post-53298","post","type-post","status-publish","format-standard","has-post-thumbnail","hentry","category-activitats","category-esport","category-noticies","category-vela-ca"],"acf":[],"_links":{"self":[{"href":"https:\/\/www.cnelbalis.com\/ca\/wp-json\/wp\/v2\/posts\/53298","targetHints":{"allow":["GET"]}}],"collection":[{"href":"https:\/\/www.cnelbalis.com\/ca\/wp-json\/wp\/v2\/posts"}],"about":[{"href":"https:\/\/www.cnelbalis.com\/ca\/wp-json\/wp\/v2\/types\/post"}],"author":[{"embeddable":true,"href":"https:\/\/www.cnelbalis.com\/ca\/wp-json\/wp\/v2\/users\/6"}],"replies":[{"embeddable":true,"href":"https:\/\/www.cnelbalis.com\/ca\/wp-json\/wp\/v2\/comments?post=53298"}],"version-history":[{"count":5,"href":"https:\/\/www.cnelbalis.com\/ca\/wp-json\/wp\/v2\/posts\/53298\/revisions"}],"predecessor-version":[{"id":53676,"href":"https:\/\/www.cnelbalis.com\/ca\/wp-json\/wp\/v2\/posts\/53298\/revisions\/53676"}],"wp:featuredmedia":[{"embeddable":true,"href":"https:\/\/www.cnelbalis.com\/ca\/wp-json\/wp\/v2\/media\/53299"}],"wp:attachment":[{"href":"https:\/\/www.cnelbalis.com\/ca\/wp-json\/wp\/v2\/media?parent=53298"}],"wp:term":[{"taxonomy":"category","embeddable":true,"href":"https:\/\/www.cnelbalis.com\/ca\/wp-json\/wp\/v2\/categories?post=53298"},{"taxonomy":"post_tag","embeddable":true,"href":"https:\/\/www.cnelbalis.com\/ca\/wp-json\/wp\/v2\/tags?post=53298"}],"curies":[{"name":"wp","href":"https:\/\/api.w.org\/{rel}","templated":true}]}}