{"id":53262,"date":"2025-04-24T14:17:54","date_gmt":"2025-04-24T12:17:54","guid":{"rendered":"https:\/\/www.cnelbalis.com\/?p=53262"},"modified":"2025-05-28T10:25:05","modified_gmt":"2025-05-28T08:25:05","slug":"campionat-despanya-doptimist-2025-a-santander","status":"publish","type":"post","link":"https:\/\/www.cnelbalis.com\/ca\/campionat-despanya-doptimist-2025-a-santander\/","title":{"rendered":"CAMPIONAT D&#8217;ESPANYA D&#8217;OPTIMIST 2025 A SANTANDER"},"content":{"rendered":"<p><img loading=\"lazy\" decoding=\"async\" class=\"aligncenter wp-image-53263\" src=\"https:\/\/www.cnelbalis.com\/wp-content\/uploads\/2025\/04\/Imagen-de-WhatsApp-2025-04-24-a-las-13.11.20_528df848.jpg\" alt=\"\" width=\"1434\" height=\"960\" srcset=\"https:\/\/www.cnelbalis.com\/wp-content\/uploads\/2025\/04\/Imagen-de-WhatsApp-2025-04-24-a-las-13.11.20_528df848.jpg 669w, https:\/\/www.cnelbalis.com\/wp-content\/uploads\/2025\/04\/Imagen-de-WhatsApp-2025-04-24-a-las-13.11.20_528df848-300x201.jpg 300w\" sizes=\"auto, (max-width: 1434px) 100vw, 1434px\" \/><\/p>\n<p>La Setmana Santa passada es va disputar el Campionat d&#8217;Espanya d&#8217;Optimist a Santander. Volem destacar especialment la brillant actuaci\u00f3 del nostre regatista Juan Lleonart, que va aconseguir una merescud\u00edssima segona posici\u00f3, i es va proclamar subcampi\u00f3 d&#8217;Espanya d&#8217;Optimist en una final d&#8217;alt voltatge.<\/p>\n<p>Vuit regates van decidir el resultat i el r\u00e0nquing nacional en un dia final intens\u00edssim. Organitzat impecablement pel Reial Club Mar\u00edtim de Santander, el nostre club, el CN \u200b\u200bEl Bal\u00eds, va tenir una gran representaci\u00f3. Per aix\u00f2, volem felicitar tots els nostres esportistes que van participar en aquest campionat. Un cop m\u00e9s, la nostra enhorabona a Juan Lleonart, Damiano Tierno, Fede Blanco, Leo Alonso, Agnes Hadzi, Giulia Sandri, Daniela Garcia, Clara Camps i Nico Sandri per la seva dedicaci\u00f3 i els seus \u00e8xits. Sou un aut\u00e8ntic orgull per al CN El Bal\u00eds!<\/p>\n<p>Ara, amb la mirada posada en el futur, ja que s&#8217;hi acosta l&#8217;\u00faltim selectiu auton\u00f2mic i la prestigiosa Copa d&#8217;Espanya, que definir\u00e0 les classificacions per al Mundial i l&#8217;Europeu.<\/p>\n<p>Molta sort a tots els nostres campions!<\/p>\n","protected":false},"excerpt":{"rendered":"<p>La Setmana Santa passada es va disputar el Campionat d&#8217;Espanya d&#8217;Optimist a Santander. Volem destacar especialment la brillant actuaci\u00f3 del nostre regatista Juan Lleonart, que va aconseguir una merescud\u00edssima segona posici\u00f3, i es va proclamar subcampi\u00f3 d&#8217;Espanya d&#8217;Optimist en una final d&#8217;alt voltatge. Vuit regates van decidir el resultat i el r\u00e0nquing nacional en un [&hellip;]<\/p>\n","protected":false},"author":6,"featured_media":53263,"comment_status":"closed","ping_status":"closed","sticky":false,"template":"","format":"standard","meta":{"footnotes":""},"categories":[2653,782,8,788],"tags":[],"class_list":["post-53262","post","type-post","status-publish","format-standard","has-post-thumbnail","hentry","category-activitats","category-esport","category-noticies","category-vela-ca"],"acf":[],"_links":{"self":[{"href":"https:\/\/www.cnelbalis.com\/ca\/wp-json\/wp\/v2\/posts\/53262","targetHints":{"allow":["GET"]}}],"collection":[{"href":"https:\/\/www.cnelbalis.com\/ca\/wp-json\/wp\/v2\/posts"}],"about":[{"href":"https:\/\/www.cnelbalis.com\/ca\/wp-json\/wp\/v2\/types\/post"}],"author":[{"embeddable":true,"href":"https:\/\/www.cnelbalis.com\/ca\/wp-json\/wp\/v2\/users\/6"}],"replies":[{"embeddable":true,"href":"https:\/\/www.cnelbalis.com\/ca\/wp-json\/wp\/v2\/comments?post=53262"}],"version-history":[{"count":5,"href":"https:\/\/www.cnelbalis.com\/ca\/wp-json\/wp\/v2\/posts\/53262\/revisions"}],"predecessor-version":[{"id":53677,"href":"https:\/\/www.cnelbalis.com\/ca\/wp-json\/wp\/v2\/posts\/53262\/revisions\/53677"}],"wp:featuredmedia":[{"embeddable":true,"href":"https:\/\/www.cnelbalis.com\/ca\/wp-json\/wp\/v2\/media\/53263"}],"wp:attachment":[{"href":"https:\/\/www.cnelbalis.com\/ca\/wp-json\/wp\/v2\/media?parent=53262"}],"wp:term":[{"taxonomy":"category","embeddable":true,"href":"https:\/\/www.cnelbalis.com\/ca\/wp-json\/wp\/v2\/categories?post=53262"},{"taxonomy":"post_tag","embeddable":true,"href":"https:\/\/www.cnelbalis.com\/ca\/wp-json\/wp\/v2\/tags?post=53262"}],"curies":[{"name":"wp","href":"https:\/\/api.w.org\/{rel}","templated":true}]}}