{"id":53225,"date":"2025-04-22T12:44:46","date_gmt":"2025-04-22T10:44:46","guid":{"rendered":"https:\/\/www.cnelbalis.com\/?p=53225"},"modified":"2025-04-24T13:58:11","modified_gmt":"2025-04-24T11:58:11","slug":"campionat-despanya-de-la-classe-420-2025","status":"publish","type":"post","link":"https:\/\/www.cnelbalis.com\/ca\/campionat-despanya-de-la-classe-420-2025\/","title":{"rendered":"CAMPIONAT D&#8217;ESPANYA DE LA CLASSE 420 2025"},"content":{"rendered":"<p>&nbsp;<\/p>\n<p><img loading=\"lazy\" decoding=\"async\" class=\"aligncenter wp-image-53230 size-full\" title=\"Campionat d'Espanya 420 X Medsailing 2025\" src=\"https:\/\/www.cnelbalis.com\/wp-content\/uploads\/2025\/04\/54461349822_356ac33fc2_o-copia.jpg\" alt=\"Campionat d'Espanya 420 X Medsailing 2025\" width=\"1433\" height=\"955\" srcset=\"https:\/\/www.cnelbalis.com\/wp-content\/uploads\/2025\/04\/54461349822_356ac33fc2_o-copia.jpg 1433w, https:\/\/www.cnelbalis.com\/wp-content\/uploads\/2025\/04\/54461349822_356ac33fc2_o-copia-300x200.jpg 300w, https:\/\/www.cnelbalis.com\/wp-content\/uploads\/2025\/04\/54461349822_356ac33fc2_o-copia-1024x682.jpg 1024w, https:\/\/www.cnelbalis.com\/wp-content\/uploads\/2025\/04\/54461349822_356ac33fc2_o-copia-768x512.jpg 768w\" sizes=\"auto, (max-width: 1433px) 100vw, 1433px\" \/><\/p>\n<p><span class=\"jCAhz ChMk0b\"><span class=\"ryNqvb\">El Campionat d&#8217;Espanya de la classe 420, celebrat del 14 al 19 d&#8217;abril del 2025 al CN El Bal\u00eds, va ser un aut\u00e8ntic espectacle de superaci\u00f3 i emoci\u00f3 a l&#8217;aigua.<\/span><\/span> <span class=\"jCAhz ChMk0b\"><span class=\"ryNqvb\">Durant quatre intensos dies de competici\u00f3, els regatistes es van enfrontar a condicions canviants que van posar a prova tant la t\u00e0ctica com la resist\u00e8ncia.<\/span><\/span> <span class=\"jCAhz ChMk0b\"><span class=\"ryNqvb\">Es van completar un total de 8 proves: 5 a la s\u00e8rie classificat\u00f2ria i 3 a la s\u00e8rie final.<\/span><\/span><\/p>\n<p><span class=\"jCAhz ChMk0b\"><span class=\"ryNqvb\">Els dos primers dies van estar marcats per un vent lleu, que nom\u00e9s va permetre disputar una prova per jornada.<\/span><\/span> <span class=\"jCAhz ChMk0b\"><span class=\"ryNqvb\">No obstant, el tercer dia va comportar millors condicions, i es van celebrar tres m\u00e0negues que van estr\u00e8nyer encara m\u00e9s una classificaci\u00f3 ja molt renyida.<\/span><\/span><\/p>\n<p><span class=\"jCAhz\"><span class=\"ryNqvb\">Tot es va decidir en una \u00e8pica \u00faltima jornada, amb tres regates disputades sota vents mitjos que van mantenir tots en suspens fins a l&#8217;\u00faltim bord.<\/span><\/span> <span class=\"jCAhz\"><span class=\"ryNqvb\">Quatre tripulacions lluitaven pel primer lloc: Pol Mateu i Sofia Cavaco (CN Bal\u00eds\/CN Arenal), Bruno Garc\u00eda i Isabel Laiseca (CN Bal\u00eds\/RCNGC), Pedro Sotomayor i Quim Serr\u00e0 (RCN Barcelona), i Nicola Sadler amb Susana Bestaro (RCN Palma).<\/span><\/span><span class=\"jCAhz\"><span class=\"ryNqvb\"> Amb la tensi\u00f3 al m\u00e0xim i emoci\u00f3 fins a l&#8217;\u00faltim trav\u00e9s, finalment Pol Mateu (Club N\u00e0utic El Bal\u00eds) i Sofia Cavaco (Club N\u00e0utic Arenal) van signar una brillant vict\u00f2ria a l&#8217;\u00faltima regata, que els va coronar com a campions d&#8217;Espanya absoluts de la classe 420. Un final digne de campionat.<\/span><\/span><\/p>\n<p><span class=\"jCAhz\"><span class=\"ryNqvb\">Relaci\u00f3 de premiats:<\/span><\/span><\/p>\n<p><span class=\"jCAhz\"><span class=\"ryNqvb\">General:<br \/>\n<\/span><\/span><span class=\"jCAhz\"><span class=\"ryNqvb\">1. Pol Mateu \/ Sofia Cavaco (CNEB \/ CNA)<br \/>\n<\/span><\/span><span class=\"jCAhz\"><span class=\"ryNqvb\">2. Bruno Garc\u00eda \/ Isabel Laiseca (CNEB \/ RCNGC)<br \/>\n<\/span><\/span><span class=\"jCAhz\"><span class=\"ryNqvb\">3. Pedro Sotomayor \/ Quim Serr\u00e0 (RCNB)<\/span><\/span><\/p>\n<p><span class=\"jCAhz\"><span class=\"ryNqvb\">Mixt:<br \/>\n<\/span><\/span><span class=\"jCAhz\"><span class=\"ryNqvb\">1. Pol Mateu \/ Sofia Cavaco (CNEB \/ CNA)<br \/>\n<\/span><\/span><span class=\"jCAhz\"><span class=\"ryNqvb\">2. Bruno Garc\u00eda \/ Isabel Laiseca (CNEB \/ RCNGC)<br \/>\n<\/span><\/span><span class=\"jCAhz\"><span class=\"ryNqvb\">3. Alejandro Mart\u00edn \/ Ariadna Mu\u00f1oz (RCNA)<\/span><\/span><\/p>\n<p><span class=\"jCAhz\"><span class=\"ryNqvb\">Mascul\u00ed Absolut i U19M:<br \/>\n<\/span><\/span><span class=\"jCAhz\"><span class=\"ryNqvb\">1. Pedro Sotomayor \/ Quim Serr\u00e0 (RCNB)<br \/>\n<\/span><\/span><span class=\"jCAhz\"><span class=\"ryNqvb\">2. Miguel Padr\u00f3 \/ Luis Mesa (RCNGC)<br \/>\n<\/span><\/span><span class=\"jCAhz\"><span class=\"ryNqvb\">3. Fernando Puig \/ Kevin Lenis (RCNV)<\/span><\/span><\/p>\n<p><span class=\"jCAhz\"><span class=\"ryNqvb\">U17 Mascul\u00ed:<br \/>\n<\/span><\/span><span class=\"jCAhz\"><span class=\"ryNqvb\">1. Pepe Garc\u00eda \/ Oriol Costabella (RCNB)<br \/>\n<\/span><\/span><span class=\"jCAhz\"><span class=\"ryNqvb\">2. Mateu Carbonell \/ Jes\u00fas Campos (CNA \/ RCNPP)<br \/>\n<\/span><\/span><span class=\"jCAhz\"><span class=\"ryNqvb\">3. Asier Jaudenes \/ Jose Terrasa (CNA)<\/span><\/span><\/p>\n<p><span class=\"jCAhz\"><span class=\"ryNqvb\">Femen\u00ed Absolut i U19F:<br \/>\n<\/span><\/span><span class=\"jCAhz\"><span class=\"ryNqvb\">1. Neus Fern\u00e1ndez \/ Martina Gomila (CNA)<br \/>\n<\/span><\/span><span class=\"jCAhz\"><span class=\"ryNqvb\">2. Nicola Sadler \/ Susana Bestaro (RCNP)<br \/>\n<\/span><\/span><span class=\"jCAhz\"><span class=\"ryNqvb\">3. Amalia Coll \/ Laia Serena (CNA \/ CMSAP)<\/span><\/span><\/p>\n<p><span class=\"jCAhz\"><span class=\"ryNqvb\">U17 Femen\u00ed:<br \/>\n<\/span><\/span><span class=\"jCAhz\"><span class=\"ryNqvb\">1. Amalia Coll \/ Laia Serena (CNA \/ CMSAP)<br \/>\n<\/span><\/span><span class=\"jCAhz\"><span class=\"ryNqvb\">2. Isabel Lang \/ Mar\u00eda S\u00e1nchez (RCNGC)<br \/>\n<\/span><\/span><span class=\"jCAhz\"><span class=\"ryNqvb\">3. Luc\u00eda Sotomayor \/ Ana Renter\u00eda (RCNB \/ CNEM)<\/span><\/span><\/p>\n<p><span class=\"jCAhz\"><span class=\"ryNqvb\">Premi a la millor autonomia:<\/span><\/span><span class=\"jCAhz\"><span class=\"ryNqvb\"> Balears<\/span><\/span><\/p>\n<p>Des del CN El Bal\u00eds volem agrair a totes les tripulacions, entrenadors, clubs participants i col\u00b7laboradors per fer-ho possible.<\/p>\n<p>Ens veiem a la propera aventura!<\/p>\n","protected":false},"excerpt":{"rendered":"<p>&nbsp; El Campionat d&#8217;Espanya de la classe 420, celebrat del 14 al 19 d&#8217;abril del 2025 al CN El Bal\u00eds, va ser un aut\u00e8ntic espectacle de superaci\u00f3 i emoci\u00f3 a l&#8217;aigua. Durant quatre intensos dies de competici\u00f3, els regatistes es van enfrontar a condicions canviants que van posar a prova tant la t\u00e0ctica com la [&hellip;]<\/p>\n","protected":false},"author":6,"featured_media":53230,"comment_status":"closed","ping_status":"closed","sticky":false,"template":"","format":"standard","meta":{"footnotes":""},"categories":[8],"tags":[],"class_list":["post-53225","post","type-post","status-publish","format-standard","has-post-thumbnail","hentry","category-noticies"],"acf":[],"_links":{"self":[{"href":"https:\/\/www.cnelbalis.com\/ca\/wp-json\/wp\/v2\/posts\/53225","targetHints":{"allow":["GET"]}}],"collection":[{"href":"https:\/\/www.cnelbalis.com\/ca\/wp-json\/wp\/v2\/posts"}],"about":[{"href":"https:\/\/www.cnelbalis.com\/ca\/wp-json\/wp\/v2\/types\/post"}],"author":[{"embeddable":true,"href":"https:\/\/www.cnelbalis.com\/ca\/wp-json\/wp\/v2\/users\/6"}],"replies":[{"embeddable":true,"href":"https:\/\/www.cnelbalis.com\/ca\/wp-json\/wp\/v2\/comments?post=53225"}],"version-history":[{"count":5,"href":"https:\/\/www.cnelbalis.com\/ca\/wp-json\/wp\/v2\/posts\/53225\/revisions"}],"predecessor-version":[{"id":53270,"href":"https:\/\/www.cnelbalis.com\/ca\/wp-json\/wp\/v2\/posts\/53225\/revisions\/53270"}],"wp:featuredmedia":[{"embeddable":true,"href":"https:\/\/www.cnelbalis.com\/ca\/wp-json\/wp\/v2\/media\/53230"}],"wp:attachment":[{"href":"https:\/\/www.cnelbalis.com\/ca\/wp-json\/wp\/v2\/media?parent=53225"}],"wp:term":[{"taxonomy":"category","embeddable":true,"href":"https:\/\/www.cnelbalis.com\/ca\/wp-json\/wp\/v2\/categories?post=53225"},{"taxonomy":"post_tag","embeddable":true,"href":"https:\/\/www.cnelbalis.com\/ca\/wp-json\/wp\/v2\/tags?post=53225"}],"curies":[{"name":"wp","href":"https:\/\/api.w.org\/{rel}","templated":true}]}}